{"id":133174,"date":"2025-01-14T13:19:50","date_gmt":"2025-01-14T18:19:50","guid":{"rendered":"https:\/\/elinformanteperu.com\/?p=133174"},"modified":"2025-01-14T13:19:50","modified_gmt":"2025-01-14T18:19:50","slug":"caf-reconoce-que-la-region-tiene-oportunidades-para-continuar-en-senda-del-crecimiento","status":"publish","type":"post","link":"https:\/\/elinformanteperu.com\/index.php\/2025\/01\/14\/caf-reconoce-que-la-region-tiene-oportunidades-para-continuar-en-senda-del-crecimiento\/","title":{"rendered":"CAF reconoce que la regi\u00f3n tiene oportunidades para continuar en senda del crecimiento"},"content":{"rendered":"<p><strong><span style=\"color: #000000;\">Resalta ventajas para el desarrollo de agronegocios que contribuyan a la seguridad alimentaria<\/span><\/strong><\/p>\n<p><span style=\"color: #000000;\"><strong>Lima, 14 de enero 2025, (ANDINA).-<\/strong> El Banco de Desarrollo de Am\u00e9rica Latina y el Caribe (CAF) afirm\u00f3 hoy que la regi\u00f3n cuenta con oportunidades para continuar por la senda del crecimiento a partir del desarrollo de sectores clave.<\/span><\/p>\n<p><span style=\"color: #000000;\">\u00abEn miner\u00eda, Am\u00e9rica Latina cuenta con una abundancia de recursos minerales esenciales para la econom\u00eda global, como litio, cobre y n\u00edquel, que son fundamentales para tecnolog\u00edas limpias y la transici\u00f3n energ\u00e9tica\u00bb, manifest\u00f3 el presidente ejecutivo del CAF, Sergio D\u00edaz-Grados.<\/span><\/p>\n<p><span style=\"color: #000000;\">En cuanto a energ\u00eda y transici\u00f3n energ\u00e9tica, coment\u00f3 que hay oportunidad para el desarrollo de fuentes renovables, uso de gas natural como energ\u00eda de transici\u00f3n y eficiencia energ\u00e9tica en sectores clave. Adem\u00e1s, Am\u00e9rica Latina y el Caribe tienen un potencial significativo para liderar la transici\u00f3n hacia energ\u00edas limpias, consider\u00f3 el CAF.<\/span><\/p>\n<p><span style=\"color: #000000;\">En agronegocios y seguridad alimentaria, con suelos f\u00e9rtiles y una vasta riqueza h\u00eddrica, la regi\u00f3n puede convertirse en un proveedor estrat\u00e9gico de alimentos a nivel mundial, seg\u00fan el banco. Tambi\u00e9n destaca la econom\u00eda creativa para desarrollar industrias digitales, ya que la inteligencia artificial, el software y las industrias culturales son \u00e1reas donde la regi\u00f3n puede competir globalmente, lo que fortalecer\u00e1 la econom\u00eda digital, agreg\u00f3.<\/span><\/p>\n<p><span style=\"color: #000000;\">Mientras que en turismo sostenible, dijo que la biodiversidad, la riqueza cultural y los paisajes \u00fanicos ofrecen una oportunidad para desarrollar este campo, con generaci\u00f3n de empleo y fomento de la conservaci\u00f3n ambiental.<\/span><\/p>\n<p><span style=\"color: #000000;\">Adem\u00e1s, la integraci\u00f3n regional y comercio son otra oportunidad para el CAF. La profundizaci\u00f3n mediante proyectos binacionales y multinacionales puede fortalecer las cadenas de valor, reducir costos comerciales y aumentar la competitividad global de la regi\u00f3n.<\/span><\/p>\n<p><strong><span style=\"color: #000000;\">Foro internacional<\/span><\/strong><\/p>\n<p><span style=\"color: #000000;\">En esta oportunidad, D\u00edaz-Grados anunci\u00f3 el pr\u00f3ximo Foro Econ\u00f3mico Internacional Am\u00e9rica Latina y el Caribe 2025, organizado por el CAF y que se llevar\u00e1 a cabo entre el 29 y 30 de enero.<\/span><\/p>\n<p><span style=\"color: #000000;\">En el evento se tratar\u00e1n estrategias orientadas a promover el desarrollo econ\u00f3mico sostenible, con un enfoque especial en la inversi\u00f3n de impacto, transici\u00f3n energ\u00e9tica verde, digitalizaci\u00f3n e infraestructura.<\/span><\/p>\n<p><span style=\"color: #000000;\">\u00abQueremos hacer de Panam\u00e1 un centro de referencia de la conversaci\u00f3n econ\u00f3mica de Am\u00e9rica Latina y el Caribe\u00bb, dijo este martes el presidente ejecutivo del CAF, Sergio D\u00edaz-Grados, en rueda de prensa.<\/span><\/p>\n<p><span style=\"color: #000000;\">\u00abBuscaremos consolidar este foro como el punto de encuentro de Am\u00e9rica Latina y el Caribe, para discutir las tendencias, lo que est\u00e1 pasando en la regi\u00f3n. Ese es el aporte que queremos hacer desde CAF y sostenerlo en los pr\u00f3ximos a\u00f1os\u00bb, a\u00f1adi\u00f3.<\/span><\/p>\n<p><span style=\"color: #000000;\">La agenda abordar\u00e1 tem\u00e1ticas que se consideran relevantes para este 2025: sector privado como motor del cambio, impulsando la agenda de desarrollo sostenible 2030 en Am\u00e9rica Latina y el Caribe; Inversi\u00f3n, innovaci\u00f3n, pol\u00edticas, instituciones y gobernanza, claves para una nueva senda de crecimiento; innovaci\u00f3n y productividad para una econom\u00eda resiliente; riqueza energ\u00e9tica y la transici\u00f3n verde en la regi\u00f3n.<\/span><\/p>\n","protected":false},"excerpt":{"rendered":"<p>Resalta ventajas para el desarrollo de agronegocios que contribuyan a la seguridad alimentaria Lima, 14 de enero 2025, (ANDINA).- El Banco de Desarrollo de Am\u00e9rica Latina y el Caribe (CAF) afirm\u00f3 hoy que la regi\u00f3n cuenta con oportunidades para continuar por la senda del crecimiento a partir del desarrollo de sectores clave. \u00abEn miner\u00eda, Am\u00e9rica [&hellip;]<\/p>\n","protected":false},"author":1,"featured_media":133175,"comment_status":"closed","ping_status":"closed","sticky":false,"template":"","format":"standard","meta":{"rop_custom_images_group":[],"rop_custom_messages_group":[],"rop_publish_now":"initial","rop_publish_now_accounts":[],"rop_publish_now_history":[],"rop_publish_now_status":"pending","footnotes":""},"categories":[5],"tags":[249,315],"class_list":["post-133174","post","type-post","status-publish","format-standard","has-post-thumbnail","hentry","category-actualidad-informativa","tag-caf","tag-mef"],"_links":{"self":[{"href":"https:\/\/elinformanteperu.com\/index.php\/wp-json\/wp\/v2\/posts\/133174","targetHints":{"allow":["GET"]}}],"collection":[{"href":"https:\/\/elinformanteperu.com\/index.php\/wp-json\/wp\/v2\/posts"}],"about":[{"href":"https:\/\/elinformanteperu.com\/index.php\/wp-json\/wp\/v2\/types\/post"}],"author":[{"embeddable":true,"href":"https:\/\/elinformanteperu.com\/index.php\/wp-json\/wp\/v2\/users\/1"}],"replies":[{"embeddable":true,"href":"https:\/\/elinformanteperu.com\/index.php\/wp-json\/wp\/v2\/comments?post=133174"}],"version-history":[{"count":1,"href":"https:\/\/elinformanteperu.com\/index.php\/wp-json\/wp\/v2\/posts\/133174\/revisions"}],"predecessor-version":[{"id":133176,"href":"https:\/\/elinformanteperu.com\/index.php\/wp-json\/wp\/v2\/posts\/133174\/revisions\/133176"}],"wp:featuredmedia":[{"embeddable":true,"href":"https:\/\/elinformanteperu.com\/index.php\/wp-json\/wp\/v2\/media\/133175"}],"wp:attachment":[{"href":"https:\/\/elinformanteperu.com\/index.php\/wp-json\/wp\/v2\/media?parent=133174"}],"wp:term":[{"taxonomy":"category","embeddable":true,"href":"https:\/\/elinformanteperu.com\/index.php\/wp-json\/wp\/v2\/categories?post=133174"},{"taxonomy":"post_tag","embeddable":true,"href":"https:\/\/elinformanteperu.com\/index.php\/wp-json\/wp\/v2\/tags?post=133174"}],"curies":[{"name":"wp","href":"https:\/\/api.w.org\/{rel}","templated":true}]}}