{"id":13317,"date":"2017-07-19T00:17:51","date_gmt":"2017-07-19T05:17:51","guid":{"rendered":"http:\/\/elinformanteperu.com\/?p=13317"},"modified":"2017-07-19T00:17:51","modified_gmt":"2017-07-19T05:17:51","slug":"kuczynski-seguimos-monitoreando-zonas-afectadas-por-sismo-en-arequipa","status":"publish","type":"post","link":"https:\/\/elinformanteperu.com\/index.php\/2017\/07\/19\/kuczynski-seguimos-monitoreando-zonas-afectadas-por-sismo-en-arequipa\/","title":{"rendered":"Kuczynski: \u201cSeguimos monitoreando zonas afectadas por sismo en Arequipa\u201d"},"content":{"rendered":"<p><strong><span style=\"color: #000000;\">El Presidente de la Rep\u00fablica, Pedro Pablo Kuczynski, asegur\u00f3 que contin\u00faa monitoreando la atenci\u00f3n a las zonas afectadas por el sismo ocurrido anoche en el distrito de Atico, en la regi\u00f3n Arequipa.<\/span><\/strong><\/p>\n<p><span style=\"color: #000000;\"><strong>Lima, 18 Julio 2017, (ANDINA).-<\/strong> El Presidente de la Rep\u00fablica, Pedro Pablo Kuczynski, asegur\u00f3 que contin\u00faa monitoreando la atenci\u00f3n a las zonas afectadas por el sismo ocurrido anoche en el distrito de Atico, en la regi\u00f3n Arequipa.<\/span><\/p>\n<p><span style=\"color: #000000;\">En sus redes sociales, el Mandatario dijo a la gobernadora regional de Arequipa, Yamila Osorio, que pronto llegar\u00e1 a la zona maquinaria pesada para despejar la Panamericana Sur, bloqueada por la ca\u00edda de rocas.<\/span><\/p>\n<p><span style=\"color: #000000;\">Osorio escribi\u00f3 en su cuenta de Twitter que la dimensi\u00f3n de las rocas ha complicado el trabajo en el kil\u00f3metro 739 de la Panamericana Sur, y que se est\u00e1 trasladando a la zona maquinaria pesada.<\/span><\/p>\n<p><span style=\"color: #000000;\">Ayer a las 21:05 horas se registr\u00f3 un sismo con epicentro en el distrito de Atico, Arequipa, de 6.3 grados.<\/span><\/p>\n","protected":false},"excerpt":{"rendered":"<p>El Presidente de la Rep\u00fablica, Pedro Pablo Kuczynski, asegur\u00f3 que contin\u00faa monitoreando la atenci\u00f3n a las zonas afectadas por el sismo ocurrido anoche en el distrito de Atico, en la regi\u00f3n Arequipa. Lima, 18 Julio 2017, (ANDINA).- El Presidente de la Rep\u00fablica, Pedro Pablo Kuczynski, asegur\u00f3 que contin\u00faa monitoreando la atenci\u00f3n a las zonas afectadas [&hellip;]<\/p>\n","protected":false},"author":1,"featured_media":13318,"comment_status":"open","ping_status":"open","sticky":false,"template":"","format":"standard","meta":{"rop_custom_images_group":[],"rop_custom_messages_group":[],"rop_publish_now":"initial","rop_publish_now_accounts":[],"rop_publish_now_history":[],"rop_publish_now_status":"pending","footnotes":""},"categories":[5],"tags":[74,1563],"class_list":["post-13317","post","type-post","status-publish","format-standard","has-post-thumbnail","hentry","category-actualidad-informativa","tag-pedro-pablo-kuczynski","tag-yamila-osorio"],"_links":{"self":[{"href":"https:\/\/elinformanteperu.com\/index.php\/wp-json\/wp\/v2\/posts\/13317","targetHints":{"allow":["GET"]}}],"collection":[{"href":"https:\/\/elinformanteperu.com\/index.php\/wp-json\/wp\/v2\/posts"}],"about":[{"href":"https:\/\/elinformanteperu.com\/index.php\/wp-json\/wp\/v2\/types\/post"}],"author":[{"embeddable":true,"href":"https:\/\/elinformanteperu.com\/index.php\/wp-json\/wp\/v2\/users\/1"}],"replies":[{"embeddable":true,"href":"https:\/\/elinformanteperu.com\/index.php\/wp-json\/wp\/v2\/comments?post=13317"}],"version-history":[{"count":1,"href":"https:\/\/elinformanteperu.com\/index.php\/wp-json\/wp\/v2\/posts\/13317\/revisions"}],"predecessor-version":[{"id":13319,"href":"https:\/\/elinformanteperu.com\/index.php\/wp-json\/wp\/v2\/posts\/13317\/revisions\/13319"}],"wp:featuredmedia":[{"embeddable":true,"href":"https:\/\/elinformanteperu.com\/index.php\/wp-json\/wp\/v2\/media\/13318"}],"wp:attachment":[{"href":"https:\/\/elinformanteperu.com\/index.php\/wp-json\/wp\/v2\/media?parent=13317"}],"wp:term":[{"taxonomy":"category","embeddable":true,"href":"https:\/\/elinformanteperu.com\/index.php\/wp-json\/wp\/v2\/categories?post=13317"},{"taxonomy":"post_tag","embeddable":true,"href":"https:\/\/elinformanteperu.com\/index.php\/wp-json\/wp\/v2\/tags?post=13317"}],"curies":[{"name":"wp","href":"https:\/\/api.w.org\/{rel}","templated":true}]}}