{"id":13314,"date":"2017-07-19T00:10:08","date_gmt":"2017-07-19T05:10:08","guid":{"rendered":"http:\/\/elinformanteperu.com\/?p=13314"},"modified":"2017-07-19T00:10:08","modified_gmt":"2017-07-19T05:10:08","slug":"universitario-perdera-un-punto-tras-litigio-con-la-universidad-san-martin","status":"publish","type":"post","link":"https:\/\/elinformanteperu.com\/index.php\/2017\/07\/19\/universitario-perdera-un-punto-tras-litigio-con-la-universidad-san-martin\/","title":{"rendered":"Universitario perder\u00e1 un punto tras litigio con la Universidad San Mart\u00edn"},"content":{"rendered":"<p><strong><span style=\"color: #000000;\">El club Universidad de San Mart\u00edn de Porres, confirm\u00f3 que Universitario de Deportes perder\u00e1 un punto, luego que la C\u00e1mara de Conciliaci\u00f3n resolviera a su favor el litigio por los derechos del jugador \u00c1lvaro Ampuero.<\/span><\/strong><\/p>\n<p><span style=\"color: #000000;\"><strong>Lima, 18 Julio 2017, (ANDINA).-<\/strong> El gerente deportivo del club Universidad de San Mart\u00edn de Porres, \u00c1lvaro Barco, confirm\u00f3 que Universitario de Deportes perder\u00e1 un punto, luego que la C\u00e1mara de Conciliaci\u00f3n y Disputa resolviera a su favor el litigio por los derechos de formaci\u00f3n del jugador \u00c1lvaro Ampuero.<\/span><\/p>\n<p><span style=\"color: #000000;\">\u00abLa C\u00e1mara resolvi\u00f3 el laudo a favor de la Universidad San Mart\u00edn por el caso de \u00c1lvaro Ampuero y con ello Universitario tendr\u00e1 que perder un punto y pagarnos 6,500 d\u00f3lares\u00bb, declar\u00f3 Barco a Radio Ovaci\u00f3n.<\/span><\/p>\n<p><span style=\"color: #000000;\">Luego, el gerente deportivo del club \u00absanto\u00bb, coment\u00f3 que \u00ablamentablemente la &#8216;U&#8217; no pag\u00f3 y cuando eso sucede, la C\u00e1mara puede decidir en cualquier momento en quitarle puntos. Este caso se inici\u00f3 hace tres a\u00f1os\u00bb, culmin\u00f3 el dirigente.<\/span><\/p>\n<p><img fetchpriority=\"high\" decoding=\"async\" class=\"aligncenter size-full wp-image-5500\" src=\"http:\/\/elinformanteperu.com\/wp-content\/uploads\/2017\/02\/universitario-capiata.jpg\" alt=\"\" width=\"1800\" height=\"1194\" srcset=\"https:\/\/elinformanteperu.com\/wp-content\/uploads\/2017\/02\/universitario-capiata.jpg 1800w, https:\/\/elinformanteperu.com\/wp-content\/uploads\/2017\/02\/universitario-capiata-300x199.jpg 300w, https:\/\/elinformanteperu.com\/wp-content\/uploads\/2017\/02\/universitario-capiata-768x509.jpg 768w, https:\/\/elinformanteperu.com\/wp-content\/uploads\/2017\/02\/universitario-capiata-1024x679.jpg 1024w, https:\/\/elinformanteperu.com\/wp-content\/uploads\/2017\/02\/universitario-capiata-128x85.jpg 128w, https:\/\/elinformanteperu.com\/wp-content\/uploads\/2017\/02\/universitario-capiata-32x21.jpg 32w\" sizes=\"(max-width: 1800px) 100vw, 1800px\" \/><\/p>\n","protected":false},"excerpt":{"rendered":"<p>El club Universidad de San Mart\u00edn de Porres, confirm\u00f3 que Universitario de Deportes perder\u00e1 un punto, luego que la C\u00e1mara de Conciliaci\u00f3n resolviera a su favor el litigio por los derechos del jugador \u00c1lvaro Ampuero. Lima, 18 Julio 2017, (ANDINA).- El gerente deportivo del club Universidad de San Mart\u00edn de Porres, \u00c1lvaro Barco, confirm\u00f3 que [&hellip;]<\/p>\n","protected":false},"author":1,"featured_media":12555,"comment_status":"open","ping_status":"open","sticky":false,"template":"","format":"standard","meta":{"rop_custom_images_group":[],"rop_custom_messages_group":[],"rop_publish_now":"initial","rop_publish_now_accounts":[],"rop_publish_now_history":[],"rop_publish_now_status":"pending","footnotes":""},"categories":[8],"tags":[836,144],"class_list":["post-13314","post","type-post","status-publish","format-standard","has-post-thumbnail","hentry","category-disciplinas-deportivas","tag-universidad-san-martin-de-porres","tag-universitario-de-deportes"],"_links":{"self":[{"href":"https:\/\/elinformanteperu.com\/index.php\/wp-json\/wp\/v2\/posts\/13314","targetHints":{"allow":["GET"]}}],"collection":[{"href":"https:\/\/elinformanteperu.com\/index.php\/wp-json\/wp\/v2\/posts"}],"about":[{"href":"https:\/\/elinformanteperu.com\/index.php\/wp-json\/wp\/v2\/types\/post"}],"author":[{"embeddable":true,"href":"https:\/\/elinformanteperu.com\/index.php\/wp-json\/wp\/v2\/users\/1"}],"replies":[{"embeddable":true,"href":"https:\/\/elinformanteperu.com\/index.php\/wp-json\/wp\/v2\/comments?post=13314"}],"version-history":[{"count":1,"href":"https:\/\/elinformanteperu.com\/index.php\/wp-json\/wp\/v2\/posts\/13314\/revisions"}],"predecessor-version":[{"id":13315,"href":"https:\/\/elinformanteperu.com\/index.php\/wp-json\/wp\/v2\/posts\/13314\/revisions\/13315"}],"wp:featuredmedia":[{"embeddable":true,"href":"https:\/\/elinformanteperu.com\/index.php\/wp-json\/wp\/v2\/media\/12555"}],"wp:attachment":[{"href":"https:\/\/elinformanteperu.com\/index.php\/wp-json\/wp\/v2\/media?parent=13314"}],"wp:term":[{"taxonomy":"category","embeddable":true,"href":"https:\/\/elinformanteperu.com\/index.php\/wp-json\/wp\/v2\/categories?post=13314"},{"taxonomy":"post_tag","embeddable":true,"href":"https:\/\/elinformanteperu.com\/index.php\/wp-json\/wp\/v2\/tags?post=13314"}],"curies":[{"name":"wp","href":"https:\/\/api.w.org\/{rel}","templated":true}]}}