{"id":132941,"date":"2025-01-12T18:43:23","date_gmt":"2025-01-12T23:43:23","guid":{"rendered":"https:\/\/elinformanteperu.com\/?p=132941"},"modified":"2025-01-12T18:43:23","modified_gmt":"2025-01-12T23:43:23","slug":"minsa-traslado-de-arequipa-hacia-lima-a-menor-de-4-anos-que-necesita-atencion","status":"publish","type":"post","link":"https:\/\/elinformanteperu.com\/index.php\/2025\/01\/12\/minsa-traslado-de-arequipa-hacia-lima-a-menor-de-4-anos-que-necesita-atencion\/","title":{"rendered":"Minsa traslad\u00f3 de Arequipa hacia Lima a menor de 4 a\u00f1os que necesita atenci\u00f3n"},"content":{"rendered":"<p><strong><span style=\"color: #000000;\">Ministro de Salud gestion\u00f3 inmediata referencia para que menor sea atendida en el INEN.<\/span><\/strong><\/p>\n<p><span style=\"color: #000000;\"><strong>Lima, 11 de enero 2025, (El Informante Per\u00fa).-<\/strong> El Ministerio de Salud (Minsa), a trav\u00e9s del Seguro Integral de Salud (SIS), financi\u00f3 el traslado a\u00e9reo de emergencia en el avi\u00f3n Beechkraft King Air 360C de la Fuerza A\u00e9rea del Per\u00fa (FAP) de manera exitosa hacia Lima a una menor de cuatro a\u00f1os procedente de la regi\u00f3n Puno, para recibir atenci\u00f3n m\u00e9dica especializada en el Instituto Nacional de Enfermedades Neopl\u00e1sicas (INEN).<\/span><\/p>\n<p><span style=\"color: #000000;\">La menor de iniciales K.V.H. estuvo internada en el Hospital Manuel N\u00fa\u00f1ez Butr\u00f3n de Puno por un tumor mediastinal por lo que, ante su delicado estado de salud, requer\u00eda un manejo especializado, para lo cual el Minsa coordin\u00f3 el traslado de emergencia en un vuelo aerom\u00e9dico desde el Hospital Honorio Delgado de Arequipa.<\/span><\/p>\n<p><span style=\"color: #000000;\">La asegurada, quien estuvo acompa\u00f1ada de un familiar, fue trasladada en una ambulancia desde dicho hospital hacia el aeropuerto donde parti\u00f3 el vuelo a la ciudad de Lima. En todo momento, la menor recibi\u00f3 las atenciones del personal m\u00e9dico especializado del SAMU quien monitore\u00f3 permanentemente su estado de salud.<\/span><\/p>\n<p><span style=\"color: #000000;\">El Dr. Luis Quiroz Avil\u00e9s, jefe del SIS, destac\u00f3 el trabajo articulado del sector salud. \u00abEsta ha sido una indicaci\u00f3n directa del ministro de Salud, C\u00e9sar V\u00e1squez para actuar de manera inmediata a fin de lograr la recuperaci\u00f3n de la menor, demostrando el compromiso de la gesti\u00f3n en velar por la salud de los peruanos\u00bb, expres\u00f3.<\/span><\/p>\n<p><span style=\"color: #000000;\">Seg\u00fan cifras oficiales, en los diez primeros d\u00edas del a\u00f1o, se han salvado la vida de siete pacientes en cuatro vuelos aerom\u00e9dicos de las mismas caracter\u00edsticas.<\/span><\/p>\n","protected":false},"excerpt":{"rendered":"<p>Ministro de Salud gestion\u00f3 inmediata referencia para que menor sea atendida en el INEN. Lima, 11 de enero 2025, (El Informante Per\u00fa).- El Ministerio de Salud (Minsa), a trav\u00e9s del Seguro Integral de Salud (SIS), financi\u00f3 el traslado a\u00e9reo de emergencia en el avi\u00f3n Beechkraft King Air 360C de la Fuerza A\u00e9rea del Per\u00fa (FAP) [&hellip;]<\/p>\n","protected":false},"author":1,"featured_media":132942,"comment_status":"closed","ping_status":"closed","sticky":false,"template":"","format":"standard","meta":{"rop_custom_images_group":[],"rop_custom_messages_group":[],"rop_publish_now":"initial","rop_publish_now_accounts":[],"rop_publish_now_history":[],"rop_publish_now_status":"pending","footnotes":""},"categories":[10],"tags":[2174,2175,431,2395,1758],"class_list":["post-132941","post","type-post","status-publish","format-standard","has-post-thumbnail","hentry","category-actualidad-municipal","tag-inen","tag-instituto-nacional-de-enfermedades-neoplasicas","tag-minsa","tag-seguro-integral-de-salud","tag-sis"],"_links":{"self":[{"href":"https:\/\/elinformanteperu.com\/index.php\/wp-json\/wp\/v2\/posts\/132941","targetHints":{"allow":["GET"]}}],"collection":[{"href":"https:\/\/elinformanteperu.com\/index.php\/wp-json\/wp\/v2\/posts"}],"about":[{"href":"https:\/\/elinformanteperu.com\/index.php\/wp-json\/wp\/v2\/types\/post"}],"author":[{"embeddable":true,"href":"https:\/\/elinformanteperu.com\/index.php\/wp-json\/wp\/v2\/users\/1"}],"replies":[{"embeddable":true,"href":"https:\/\/elinformanteperu.com\/index.php\/wp-json\/wp\/v2\/comments?post=132941"}],"version-history":[{"count":1,"href":"https:\/\/elinformanteperu.com\/index.php\/wp-json\/wp\/v2\/posts\/132941\/revisions"}],"predecessor-version":[{"id":132943,"href":"https:\/\/elinformanteperu.com\/index.php\/wp-json\/wp\/v2\/posts\/132941\/revisions\/132943"}],"wp:featuredmedia":[{"embeddable":true,"href":"https:\/\/elinformanteperu.com\/index.php\/wp-json\/wp\/v2\/media\/132942"}],"wp:attachment":[{"href":"https:\/\/elinformanteperu.com\/index.php\/wp-json\/wp\/v2\/media?parent=132941"}],"wp:term":[{"taxonomy":"category","embeddable":true,"href":"https:\/\/elinformanteperu.com\/index.php\/wp-json\/wp\/v2\/categories?post=132941"},{"taxonomy":"post_tag","embeddable":true,"href":"https:\/\/elinformanteperu.com\/index.php\/wp-json\/wp\/v2\/tags?post=132941"}],"curies":[{"name":"wp","href":"https:\/\/api.w.org\/{rel}","templated":true}]}}