{"id":132744,"date":"2025-01-09T02:11:46","date_gmt":"2025-01-09T07:11:46","guid":{"rendered":"https:\/\/elinformanteperu.com\/?p=132744"},"modified":"2025-01-09T02:34:17","modified_gmt":"2025-01-09T07:34:17","slug":"por-que-la-fiscalia-presento-denuncia-constitucional-contra-siete-legisladores","status":"publish","type":"post","link":"https:\/\/elinformanteperu.com\/index.php\/2025\/01\/09\/por-que-la-fiscalia-presento-denuncia-constitucional-contra-siete-legisladores\/","title":{"rendered":"\u00bfPor qu\u00e9 la Fiscal\u00eda present\u00f3 denuncia constitucional contra siete legisladores?"},"content":{"rendered":"<p><span style=\"color: #000000;\"><strong>Lima, 8 de enero 2025, (ANDINA).-<\/strong> En la v\u00edspera la Fiscal\u00eda de la Naci\u00f3n, a trav\u00e9s del \u00c1rea de Enriquecimiento Il\u00edcito y Denuncias Constitucionales, present\u00f3 una denuncia constitucional en contra de siete congresistas de la Rep\u00fablica. Conoce sobre este procedimiento en la siguiente nota.<\/span><\/p>\n<p><strong><span style=\"color: #000000;\">\u00bfQui\u00e9nes son los congresistas?<\/span><\/strong><\/p>\n<p><span style=\"color: #000000;\">Se trata de siete parlamentarios de diferentes bancadas y no agrupados, estos son Kira Alcarraz Ag\u00fcero, Mar\u00eda del Carmen Alva Prieto, Patricia Chirinos Venegas, Edward M\u00e1laga Trillo, Jorge Zeballos Aponte, Diego Baz\u00e1n Calder\u00f3n y Rosangella Barbar\u00e1n.<\/span><\/p>\n<p><strong><span style=\"color: #000000;\">\u00bfCu\u00e1l es la acusaci\u00f3n de la denuncia constitucional?<\/span><\/strong><\/p>\n<p><span style=\"color: #000000;\">Seis de los congresistas son acusados por la presunta comisi\u00f3n del delito de peculado doloso, a excepci\u00f3n de Rosangella Barbar\u00e1n, denunciada por el presunto delito de peculado doloso en grado de tentativa.<\/span><\/p>\n<p><strong><span style=\"color: #000000;\">\u00bfPor qu\u00e9 se les denuncia?<\/span><\/strong><\/p>\n<p><span style=\"color: #000000;\">Seg\u00fan la tesis fiscal, el grupo de parlamentarios viaj\u00f3 a la ciudad de Trujillo (La Libertad) el 11 de febrero de 2023 y para este viaje, habr\u00edan utilizado boletos a\u00e9reos costeados por el Congreso de la Rep\u00fablica. El motivo del viaje habr\u00eda sido participar en la celebraci\u00f3n del onom\u00e1stico del congresista Diego Baz\u00e1n Calder\u00f3n.<\/span><\/p>\n<p><strong><span style=\"color: #000000;\">\u00bfCu\u00e1l es la situaci\u00f3n de Rosangella Barbar\u00e1n?<\/span><\/strong><\/p>\n<p><span style=\"color: #000000;\">En el caso de la congresista Barbar\u00e1n, ella es acusada por el presunto delito de peculado doloso en grado de tentativa. Ello debido a que habr\u00eda gestionado la emisi\u00f3n de su boleto a\u00e9reo, tambi\u00e9n costeado por el Congreso, pero por \u00abmotivos personales\u00bb no realiz\u00f3 el viaje.<\/span><\/p>\n<p><a href=\"https:\/\/elinformanteperu.com\/wp-content\/uploads\/2019\/10\/congreso-fachada3.jpg\"><img fetchpriority=\"high\" decoding=\"async\" class=\"size-large wp-image-58015 aligncenter\" src=\"https:\/\/elinformanteperu.com\/wp-content\/uploads\/2019\/10\/congreso-fachada3-1024x692.jpg\" alt=\"\" width=\"615\" height=\"416\" srcset=\"https:\/\/elinformanteperu.com\/wp-content\/uploads\/2019\/10\/congreso-fachada3-1024x692.jpg 1024w, https:\/\/elinformanteperu.com\/wp-content\/uploads\/2019\/10\/congreso-fachada3-300x203.jpg 300w, https:\/\/elinformanteperu.com\/wp-content\/uploads\/2019\/10\/congreso-fachada3-768x519.jpg 768w, https:\/\/elinformanteperu.com\/wp-content\/uploads\/2019\/10\/congreso-fachada3-128x86.jpg 128w, https:\/\/elinformanteperu.com\/wp-content\/uploads\/2019\/10\/congreso-fachada3-32x22.jpg 32w, https:\/\/elinformanteperu.com\/wp-content\/uploads\/2019\/10\/congreso-fachada3.jpg 1800w\" sizes=\"(max-width: 615px) 100vw, 615px\" \/><\/a><\/p>\n<p>&nbsp;<\/p>\n","protected":false},"excerpt":{"rendered":"<p>Lima, 8 de enero 2025, (ANDINA).- En la v\u00edspera la Fiscal\u00eda de la Naci\u00f3n, a trav\u00e9s del \u00c1rea de Enriquecimiento Il\u00edcito y Denuncias Constitucionales, present\u00f3 una denuncia constitucional en contra de siete congresistas de la Rep\u00fablica. Conoce sobre este procedimiento en la siguiente nota. \u00bfQui\u00e9nes son los congresistas? Se trata de siete parlamentarios de diferentes [&hellip;]<\/p>\n","protected":false},"author":1,"featured_media":132745,"comment_status":"closed","ping_status":"closed","sticky":false,"template":"","format":"standard","meta":{"rop_custom_images_group":[],"rop_custom_messages_group":[],"rop_publish_now":"initial","rop_publish_now_accounts":[],"rop_publish_now_history":[],"rop_publish_now_status":"pending","footnotes":""},"categories":[5,5745],"tags":[192,430,370],"class_list":["post-132744","post","type-post","status-publish","format-standard","has-post-thumbnail","hentry","category-actualidad-informativa","category-lo-ultimo","tag-congreso","tag-fiscalia","tag-ministerio-publico"],"_links":{"self":[{"href":"https:\/\/elinformanteperu.com\/index.php\/wp-json\/wp\/v2\/posts\/132744","targetHints":{"allow":["GET"]}}],"collection":[{"href":"https:\/\/elinformanteperu.com\/index.php\/wp-json\/wp\/v2\/posts"}],"about":[{"href":"https:\/\/elinformanteperu.com\/index.php\/wp-json\/wp\/v2\/types\/post"}],"author":[{"embeddable":true,"href":"https:\/\/elinformanteperu.com\/index.php\/wp-json\/wp\/v2\/users\/1"}],"replies":[{"embeddable":true,"href":"https:\/\/elinformanteperu.com\/index.php\/wp-json\/wp\/v2\/comments?post=132744"}],"version-history":[{"count":1,"href":"https:\/\/elinformanteperu.com\/index.php\/wp-json\/wp\/v2\/posts\/132744\/revisions"}],"predecessor-version":[{"id":132746,"href":"https:\/\/elinformanteperu.com\/index.php\/wp-json\/wp\/v2\/posts\/132744\/revisions\/132746"}],"wp:featuredmedia":[{"embeddable":true,"href":"https:\/\/elinformanteperu.com\/index.php\/wp-json\/wp\/v2\/media\/132745"}],"wp:attachment":[{"href":"https:\/\/elinformanteperu.com\/index.php\/wp-json\/wp\/v2\/media?parent=132744"}],"wp:term":[{"taxonomy":"category","embeddable":true,"href":"https:\/\/elinformanteperu.com\/index.php\/wp-json\/wp\/v2\/categories?post=132744"},{"taxonomy":"post_tag","embeddable":true,"href":"https:\/\/elinformanteperu.com\/index.php\/wp-json\/wp\/v2\/tags?post=132744"}],"curies":[{"name":"wp","href":"https:\/\/api.w.org\/{rel}","templated":true}]}}