{"id":132735,"date":"2025-01-09T02:02:13","date_gmt":"2025-01-09T07:02:13","guid":{"rendered":"https:\/\/elinformanteperu.com\/?p=132735"},"modified":"2025-01-09T02:02:13","modified_gmt":"2025-01-09T07:02:13","slug":"produce-promueve-medidas-para-mitigar-impactos-de-los-oleajes-anomalos","status":"publish","type":"post","link":"https:\/\/elinformanteperu.com\/index.php\/2025\/01\/09\/produce-promueve-medidas-para-mitigar-impactos-de-los-oleajes-anomalos\/","title":{"rendered":"Produce promueve medidas para mitigar impactos de los oleajes an\u00f3malos"},"content":{"rendered":"<p><strong><span style=\"color: #000000;\">Tambi\u00e9n para apoyar la actividad pesquera en 2025<\/span><\/strong><\/p>\n<p><span style=\"color: #000000;\"><strong>Lima, 8 de enero 2025, (ANDINA).-<\/strong> El ministro de la Producci\u00f3n, Sergio Gonz\u00e1lez, destac\u00f3 las acciones que se vienen implementando frente a las consecuencias de los oleajes an\u00f3malos registrados en el oc\u00e9ano Pac\u00edfico.<\/span><\/p>\n<p><span style=\"color: #000000;\">Estas medidas buscan mitigar los efectos en los pescadores artesanales y garantizar la sostenibilidad de la pesca, un sector clave para el desarrollo econ\u00f3mico y social del pa\u00eds.<\/span><\/p>\n<p><span style=\"color: #000000;\">El titular del sector inform\u00f3 que este a\u00f1o se han enviado 20 toneladas de ayuda humanitaria a las zonas m\u00e1s afectadas. Adem\u00e1s, resalt\u00f3 el lanzamiento de un programa crediticio exclusivo para los pescadores artesanales que han sufrido p\u00e9rdidas en sus equipos y embarcaciones.<\/span><\/p>\n<p><span style=\"color: #000000;\">\u201cEl programa cuenta con dos l\u00edneas de cr\u00e9dito: hasta 50,000 soles y hasta 100,000 soles, con condiciones favorables, como un periodo de gracia de seis meses y cero intereses para cr\u00e9ditos a tres a\u00f1os. Estas acciones buscan reponer motores, aparejos de pesca y embarcaciones, fundamentales para la recuperaci\u00f3n de las comunidades pesqueras\u201d, destac\u00f3 el ministro.<\/span><\/p>\n<p><span style=\"color: #000000;\">Asimismo, el ministro Gonz\u00e1lez inform\u00f3 que se est\u00e1n ejecutando intervenciones en infraestructuras pesqueras da\u00f1adas, a trav\u00e9s del Fondo Nacional de Desarrollo Pesquero (Fondepes), quien ha iniciado un plan de mantenimiento r\u00e1pido para garantizar que estas infraestructuras est\u00e9n operativas ante la continuidad de los oleajes an\u00f3malos, fen\u00f3menos que suelen intensificarse durante los primeros meses del a\u00f1o.<\/span><\/p>\n<p><strong><span style=\"color: #000000;\">Proyecciones positivas para el 2025<\/span><\/strong><\/p>\n<p><span style=\"color: #000000;\">El ministro tambi\u00e9n resalt\u00f3 los logros del sector de la pesca industrial, se\u00f1alando que el 2024 cerr\u00f3 con resultados hist\u00f3ricos, alcanzando el 85 % de la cuota establecida de 2.5 millones de toneladas, la cifra m\u00e1s alta de la \u00faltima d\u00e9cada.<\/span><\/p>\n<p><span style=\"color: #000000;\">\u201cLas proyecciones para 2025 son positivas, gracias a las condiciones fr\u00edas del mar generadas por el fen\u00f3meno de La Ni\u00f1a, que favorecen tanto a la pesca industrial como a la pesca artesanal. Ya se han abierto cuotas para especies como anchoveta, bonito y caballa, con perspectivas de un a\u00f1o exitoso para el sector\u201d, inform\u00f3.<\/span><\/p>\n<p><span style=\"color: #000000;\">De esta forma, Produce reafirma su compromiso con el bienestar de los pescadores y la sostenibilidad de la actividad pesquera, implementando medidas integrales que abarcan desde el apoyo humanitario hasta el fortalecimiento de la pesca artesanal e industrial.<\/span><\/p>\n<p><span style=\"color: #000000;\">Estas acciones conjuntas garantizan el desarrollo del sector y su contribuci\u00f3n a la seguridad alimentaria y econ\u00f3mica del pa\u00eds.<\/span><\/p>\n<p><a href=\"https:\/\/elinformanteperu.com\/wp-content\/uploads\/2022\/04\/oleajes4.jpg\"><img fetchpriority=\"high\" decoding=\"async\" class=\"size-large wp-image-113965 aligncenter\" src=\"https:\/\/elinformanteperu.com\/wp-content\/uploads\/2022\/04\/oleajes4-1024x683.jpg\" alt=\"\" width=\"615\" height=\"410\" srcset=\"https:\/\/elinformanteperu.com\/wp-content\/uploads\/2022\/04\/oleajes4-1024x683.jpg 1024w, https:\/\/elinformanteperu.com\/wp-content\/uploads\/2022\/04\/oleajes4-300x200.jpg 300w, https:\/\/elinformanteperu.com\/wp-content\/uploads\/2022\/04\/oleajes4-768x512.jpg 768w, https:\/\/elinformanteperu.com\/wp-content\/uploads\/2022\/04\/oleajes4-1536x1024.jpg 1536w, https:\/\/elinformanteperu.com\/wp-content\/uploads\/2022\/04\/oleajes4.jpg 1800w\" sizes=\"(max-width: 615px) 100vw, 615px\" \/><\/a><\/p>\n","protected":false},"excerpt":{"rendered":"<p>Tambi\u00e9n para apoyar la actividad pesquera en 2025 Lima, 8 de enero 2025, (ANDINA).- El ministro de la Producci\u00f3n, Sergio Gonz\u00e1lez, destac\u00f3 las acciones que se vienen implementando frente a las consecuencias de los oleajes an\u00f3malos registrados en el oc\u00e9ano Pac\u00edfico. Estas medidas buscan mitigar los efectos en los pescadores artesanales y garantizar la sostenibilidad [&hellip;]<\/p>\n","protected":false},"author":1,"featured_media":132736,"comment_status":"closed","ping_status":"closed","sticky":false,"template":"","format":"standard","meta":{"rop_custom_images_group":[],"rop_custom_messages_group":[],"rop_publish_now":"initial","rop_publish_now_accounts":[],"rop_publish_now_history":[],"rop_publish_now_status":"pending","footnotes":""},"categories":[5],"tags":[6223,747,2539],"class_list":["post-132735","post","type-post","status-publish","format-standard","has-post-thumbnail","hentry","category-actualidad-informativa","tag-fondepes","tag-ministerio-de-la-produccion","tag-produce"],"_links":{"self":[{"href":"https:\/\/elinformanteperu.com\/index.php\/wp-json\/wp\/v2\/posts\/132735","targetHints":{"allow":["GET"]}}],"collection":[{"href":"https:\/\/elinformanteperu.com\/index.php\/wp-json\/wp\/v2\/posts"}],"about":[{"href":"https:\/\/elinformanteperu.com\/index.php\/wp-json\/wp\/v2\/types\/post"}],"author":[{"embeddable":true,"href":"https:\/\/elinformanteperu.com\/index.php\/wp-json\/wp\/v2\/users\/1"}],"replies":[{"embeddable":true,"href":"https:\/\/elinformanteperu.com\/index.php\/wp-json\/wp\/v2\/comments?post=132735"}],"version-history":[{"count":1,"href":"https:\/\/elinformanteperu.com\/index.php\/wp-json\/wp\/v2\/posts\/132735\/revisions"}],"predecessor-version":[{"id":132737,"href":"https:\/\/elinformanteperu.com\/index.php\/wp-json\/wp\/v2\/posts\/132735\/revisions\/132737"}],"wp:featuredmedia":[{"embeddable":true,"href":"https:\/\/elinformanteperu.com\/index.php\/wp-json\/wp\/v2\/media\/132736"}],"wp:attachment":[{"href":"https:\/\/elinformanteperu.com\/index.php\/wp-json\/wp\/v2\/media?parent=132735"}],"wp:term":[{"taxonomy":"category","embeddable":true,"href":"https:\/\/elinformanteperu.com\/index.php\/wp-json\/wp\/v2\/categories?post=132735"},{"taxonomy":"post_tag","embeddable":true,"href":"https:\/\/elinformanteperu.com\/index.php\/wp-json\/wp\/v2\/tags?post=132735"}],"curies":[{"name":"wp","href":"https:\/\/api.w.org\/{rel}","templated":true}]}}