{"id":132597,"date":"2025-01-07T23:22:24","date_gmt":"2025-01-08T04:22:24","guid":{"rendered":"https:\/\/elinformanteperu.com\/?p=132597"},"modified":"2025-01-07T23:22:24","modified_gmt":"2025-01-08T04:22:24","slug":"sporting-cristal-asi-fue-la-presentacion-de-la-nueva-camiseta-para-este-2025","status":"publish","type":"post","link":"https:\/\/elinformanteperu.com\/index.php\/2025\/01\/07\/sporting-cristal-asi-fue-la-presentacion-de-la-nueva-camiseta-para-este-2025\/","title":{"rendered":"Sporting Cristal: As\u00ed fue la presentaci\u00f3n de la nueva camiseta para este 2025"},"content":{"rendered":"<p><strong><span style=\"color: #000000;\">La mica se inspira en el ic\u00f3nico modelo de 1988, cuando el club logr\u00f3 el campeonato nacional.<\/span><\/strong><\/p>\n<p><span style=\"color: #000000;\"><strong>Lima, 7 de enero 2025, (ANDINA).-<\/strong> Sporting Cristal present\u00f3 su camiseta oficial para la temporada 2025 con un emotivo video que combin\u00f3 pasado y presente. La pieza audiovisual destac\u00f3 no solo por mostrar la nueva indumentaria, sino tambi\u00e9n por rendir tributo a las grandes figuras del club: \u00abHicimos historia, haremos historia\u00bb.<\/span><\/p>\n<p><span style=\"color: #000000;\">El lanzamiento trascendi\u00f3 lo meramente comercial y se convirti\u00f3 en un homenaje a la buena trayectoria de los celestes. En el video, leyendas como Julio C\u00e9sar Uribe y Julinho, rejuvenecidos digitalmente, compartieron escena con los actuales integrantes del plantel, conectando generaciones y resaltando los momentos de gloria que definen a Sporting Cristal.<\/span><\/p>\n<p><span style=\"color: #000000;\">El dise\u00f1o de la camiseta 2025 est\u00e1 inspirado en el hist\u00f3rico modelo de 1988, a\u00f1o en que el club se consagr\u00f3 campe\u00f3n nacional y gan\u00f3 la &#8216;Copa Marlboro&#8217;, un torneo internacional amistoso. La nueva indumentaria combina los colores celeste y blanco caracter\u00edsticos, actualizando el dise\u00f1o con un toque moderno que refleja la tradici\u00f3n y ambici\u00f3n del equipo.<\/span><\/p>\n<p><strong><span style=\"color: #000000;\">\u00bfCu\u00e1ndo ser\u00e1 la \u00b4Tarde Celeste\u00b4?<\/span><\/strong><\/p>\n<p><span style=\"color: #000000;\">El pr\u00f3ximo domingo 26 de enero, Sporting Cristal se enfrentar\u00e1 a la Universidad Cat\u00f3lica de Ecuador en un amistoso programado para las 15:30 (hora peruana). Este encuentro forma parte de los preparativos del cuadro celeste de cara a la exigente temporada 2025.<\/span><\/p>\n<p><span style=\"color: #000000;\">El club rimense anunci\u00f3 que las entradas para este partido, ya est\u00e1n disponibles a trav\u00e9s de la plataforma Joinnus. De esta manera, los hinchas tienen la oportunidad de alentar al equipo y ser parte de su preparaci\u00f3n rumbo a la Liga 1 y Copa Libertadores.<\/span><\/p>\n<p><a href=\"https:\/\/elinformanteperu.com\/wp-content\/uploads\/2025\/01\/cristal-25-camiseta1.jpg\"><img fetchpriority=\"high\" decoding=\"async\" class=\"size-large wp-image-132599 aligncenter\" src=\"https:\/\/elinformanteperu.com\/wp-content\/uploads\/2025\/01\/cristal-25-camiseta1-1024x683.jpg\" alt=\"\" width=\"615\" height=\"410\" srcset=\"https:\/\/elinformanteperu.com\/wp-content\/uploads\/2025\/01\/cristal-25-camiseta1-1024x683.jpg 1024w, https:\/\/elinformanteperu.com\/wp-content\/uploads\/2025\/01\/cristal-25-camiseta1-300x200.jpg 300w, https:\/\/elinformanteperu.com\/wp-content\/uploads\/2025\/01\/cristal-25-camiseta1-768x512.jpg 768w, https:\/\/elinformanteperu.com\/wp-content\/uploads\/2025\/01\/cristal-25-camiseta1-1536x1024.jpg 1536w, https:\/\/elinformanteperu.com\/wp-content\/uploads\/2025\/01\/cristal-25-camiseta1.jpg 1800w\" sizes=\"(max-width: 615px) 100vw, 615px\" \/><\/a><\/p>\n","protected":false},"excerpt":{"rendered":"<p>La mica se inspira en el ic\u00f3nico modelo de 1988, cuando el club logr\u00f3 el campeonato nacional. Lima, 7 de enero 2025, (ANDINA).- Sporting Cristal present\u00f3 su camiseta oficial para la temporada 2025 con un emotivo video que combin\u00f3 pasado y presente. La pieza audiovisual destac\u00f3 no solo por mostrar la nueva indumentaria, sino tambi\u00e9n [&hellip;]<\/p>\n","protected":false},"author":1,"featured_media":132598,"comment_status":"closed","ping_status":"closed","sticky":false,"template":"","format":"standard","meta":{"rop_custom_images_group":[],"rop_custom_messages_group":[],"rop_publish_now":"initial","rop_publish_now_accounts":[],"rop_publish_now_history":[],"rop_publish_now_status":"pending","footnotes":""},"categories":[8],"tags":[200],"class_list":["post-132597","post","type-post","status-publish","format-standard","has-post-thumbnail","hentry","category-disciplinas-deportivas","tag-sporting-cristal"],"_links":{"self":[{"href":"https:\/\/elinformanteperu.com\/index.php\/wp-json\/wp\/v2\/posts\/132597","targetHints":{"allow":["GET"]}}],"collection":[{"href":"https:\/\/elinformanteperu.com\/index.php\/wp-json\/wp\/v2\/posts"}],"about":[{"href":"https:\/\/elinformanteperu.com\/index.php\/wp-json\/wp\/v2\/types\/post"}],"author":[{"embeddable":true,"href":"https:\/\/elinformanteperu.com\/index.php\/wp-json\/wp\/v2\/users\/1"}],"replies":[{"embeddable":true,"href":"https:\/\/elinformanteperu.com\/index.php\/wp-json\/wp\/v2\/comments?post=132597"}],"version-history":[{"count":1,"href":"https:\/\/elinformanteperu.com\/index.php\/wp-json\/wp\/v2\/posts\/132597\/revisions"}],"predecessor-version":[{"id":132600,"href":"https:\/\/elinformanteperu.com\/index.php\/wp-json\/wp\/v2\/posts\/132597\/revisions\/132600"}],"wp:featuredmedia":[{"embeddable":true,"href":"https:\/\/elinformanteperu.com\/index.php\/wp-json\/wp\/v2\/media\/132598"}],"wp:attachment":[{"href":"https:\/\/elinformanteperu.com\/index.php\/wp-json\/wp\/v2\/media?parent=132597"}],"wp:term":[{"taxonomy":"category","embeddable":true,"href":"https:\/\/elinformanteperu.com\/index.php\/wp-json\/wp\/v2\/categories?post=132597"},{"taxonomy":"post_tag","embeddable":true,"href":"https:\/\/elinformanteperu.com\/index.php\/wp-json\/wp\/v2\/tags?post=132597"}],"curies":[{"name":"wp","href":"https:\/\/api.w.org\/{rel}","templated":true}]}}