{"id":132594,"date":"2025-01-07T23:20:20","date_gmt":"2025-01-08T04:20:20","guid":{"rendered":"https:\/\/elinformanteperu.com\/?p=132594"},"modified":"2025-01-07T23:20:20","modified_gmt":"2025-01-08T04:20:20","slug":"llego-una-culebra-eryc-castillo-es-nuevo-jugador-de-alianza-lima","status":"publish","type":"post","link":"https:\/\/elinformanteperu.com\/index.php\/2025\/01\/07\/llego-una-culebra-eryc-castillo-es-nuevo-jugador-de-alianza-lima\/","title":{"rendered":"\u00a1Lleg\u00f3 una \u00b4Culebra\u00b4! Eryc Castillo es nuevo jugador de Alianza Lima"},"content":{"rendered":"<p><strong><span style=\"color: #000000;\">El futbolista ecuatoriano viene procedente del Coritiba de Brasil y tuvo paso por la selecci\u00f3n de su pa\u00eds.<\/span><\/strong><\/p>\n<p><span style=\"color: #000000;\"><strong>Lima, 7 de enero 2025, (ANDINA).-<\/strong> El club Alianza Lima anunci\u00f3 a trav\u00e9s de sus redes sociales la incorporaci\u00f3n del extremo ecuatoriano Eryc Castillo, quien se une al plantel para disputar la Liga 1 y la fase previa de la Copa Libertadores en 2025.<\/span><\/p>\n<p><span style=\"color: #000000;\">\u00ab\u00a1Eryc ya es blanquiazul! Mucho coraz\u00f3n en cada partido\u00bb, fue el mensaje compartido por la instituci\u00f3n victoriana para dar la bienvenida a su nuevo refuerzo extranjero.<\/span><\/p>\n<p><span style=\"color: #000000;\">Castillo llega con la esperanza de consolidarse en el f\u00fatbol peruano, aunque su desempe\u00f1o reciente no ha sido el m\u00e1s destacado. En la temporada 2024, defendi\u00f3 los colores del Coritiba, equipo de la Segunda Divisi\u00f3n de Brasil, donde jug\u00f3 solo seis partidos sin registrar goles ni asistencias.<\/span><\/p>\n<p><span style=\"color: #000000;\">No obstante, su trayectoria ofrece un panorama m\u00e1s amplio. Castillo cuenta con experiencia en el Brasileirao, donde particip\u00f3 en 17 encuentros con Vitoria, logrando anotar un gol y dar una asistencia. Adem\u00e1s, ha militado en clubes ecuatorianos como Aucas, Liga de Loja, Olmedo e Independiente del Valle. En M\u00e9xico, jug\u00f3 para Santos Laguna, Tijuana y Ju\u00e1rez.<\/span><\/p>\n<p><span style=\"color: #000000;\">Con 29 a\u00f1os, el extremo llega a Alianza Lima como una nueva alternativa ofensiva en el esquema de N\u00e9stor Gorosito, quien busca suplir la salida de Franco Zanelatto, habitual ocupante de esa posici\u00f3n. Castillo buscar\u00e1 aportar velocidad y desequilibrio al equipo blanquiazul en su camino hacia nuevos objetivos.<\/span><\/p>\n<p><a href=\"https:\/\/elinformanteperu.com\/wp-content\/uploads\/2025\/01\/Eryck-Castillo-ecuador-alianza.jpg\"><img fetchpriority=\"high\" decoding=\"async\" class=\"size-large wp-image-132572 aligncenter\" src=\"https:\/\/elinformanteperu.com\/wp-content\/uploads\/2025\/01\/Eryck-Castillo-ecuador-alianza-1024x719.jpg\" alt=\"\" width=\"615\" height=\"432\" srcset=\"https:\/\/elinformanteperu.com\/wp-content\/uploads\/2025\/01\/Eryck-Castillo-ecuador-alianza-1024x719.jpg 1024w, https:\/\/elinformanteperu.com\/wp-content\/uploads\/2025\/01\/Eryck-Castillo-ecuador-alianza-300x211.jpg 300w, https:\/\/elinformanteperu.com\/wp-content\/uploads\/2025\/01\/Eryck-Castillo-ecuador-alianza-768x539.jpg 768w, https:\/\/elinformanteperu.com\/wp-content\/uploads\/2025\/01\/Eryck-Castillo-ecuador-alianza-1536x1079.jpg 1536w, https:\/\/elinformanteperu.com\/wp-content\/uploads\/2025\/01\/Eryck-Castillo-ecuador-alianza.jpg 1800w\" sizes=\"(max-width: 615px) 100vw, 615px\" \/><\/a><\/p>\n","protected":false},"excerpt":{"rendered":"<p>El futbolista ecuatoriano viene procedente del Coritiba de Brasil y tuvo paso por la selecci\u00f3n de su pa\u00eds. Lima, 7 de enero 2025, (ANDINA).- El club Alianza Lima anunci\u00f3 a trav\u00e9s de sus redes sociales la incorporaci\u00f3n del extremo ecuatoriano Eryc Castillo, quien se une al plantel para disputar la Liga 1 y la fase [&hellip;]<\/p>\n","protected":false},"author":1,"featured_media":132595,"comment_status":"closed","ping_status":"closed","sticky":false,"template":"","format":"standard","meta":{"rop_custom_images_group":[],"rop_custom_messages_group":[],"rop_publish_now":"initial","rop_publish_now_accounts":[],"rop_publish_now_history":[],"rop_publish_now_status":"pending","footnotes":""},"categories":[8],"tags":[91,8126],"class_list":["post-132594","post","type-post","status-publish","format-standard","has-post-thumbnail","hentry","category-disciplinas-deportivas","tag-alianza-lima","tag-eryck-castillo"],"_links":{"self":[{"href":"https:\/\/elinformanteperu.com\/index.php\/wp-json\/wp\/v2\/posts\/132594","targetHints":{"allow":["GET"]}}],"collection":[{"href":"https:\/\/elinformanteperu.com\/index.php\/wp-json\/wp\/v2\/posts"}],"about":[{"href":"https:\/\/elinformanteperu.com\/index.php\/wp-json\/wp\/v2\/types\/post"}],"author":[{"embeddable":true,"href":"https:\/\/elinformanteperu.com\/index.php\/wp-json\/wp\/v2\/users\/1"}],"replies":[{"embeddable":true,"href":"https:\/\/elinformanteperu.com\/index.php\/wp-json\/wp\/v2\/comments?post=132594"}],"version-history":[{"count":1,"href":"https:\/\/elinformanteperu.com\/index.php\/wp-json\/wp\/v2\/posts\/132594\/revisions"}],"predecessor-version":[{"id":132596,"href":"https:\/\/elinformanteperu.com\/index.php\/wp-json\/wp\/v2\/posts\/132594\/revisions\/132596"}],"wp:featuredmedia":[{"embeddable":true,"href":"https:\/\/elinformanteperu.com\/index.php\/wp-json\/wp\/v2\/media\/132595"}],"wp:attachment":[{"href":"https:\/\/elinformanteperu.com\/index.php\/wp-json\/wp\/v2\/media?parent=132594"}],"wp:term":[{"taxonomy":"category","embeddable":true,"href":"https:\/\/elinformanteperu.com\/index.php\/wp-json\/wp\/v2\/categories?post=132594"},{"taxonomy":"post_tag","embeddable":true,"href":"https:\/\/elinformanteperu.com\/index.php\/wp-json\/wp\/v2\/tags?post=132594"}],"curies":[{"name":"wp","href":"https:\/\/api.w.org\/{rel}","templated":true}]}}