{"id":132590,"date":"2025-01-07T23:15:01","date_gmt":"2025-01-08T04:15:01","guid":{"rendered":"https:\/\/elinformanteperu.com\/?p=132590"},"modified":"2025-01-07T23:15:01","modified_gmt":"2025-01-08T04:15:01","slug":"paolo-guerrero-se-pronuncio-ante-la-llegada-de-miguel-trauco-a-alianza-lima","status":"publish","type":"post","link":"https:\/\/elinformanteperu.com\/index.php\/2025\/01\/07\/paolo-guerrero-se-pronuncio-ante-la-llegada-de-miguel-trauco-a-alianza-lima\/","title":{"rendered":"Paolo Guerrero se pronunci\u00f3 ante la llegada de Miguel Trauco a Alianza Lima"},"content":{"rendered":"<p><strong><span style=\"color: #000000;\">El \u00b4Depredador\u00b4 compartio con el lateral en la selecci\u00f3n peruana y en Flamengo de Brasil.<\/span><\/strong><\/p>\n<p><span style=\"color: #000000;\"><strong>Lima, 7 de enero 2025, (ANDINA).-<\/strong> El reciente fichaje de Miguel Trauco por Alianza Lima ha generado gran repercusi\u00f3n en el mundo deportivo peruano. La llegada del lateral, conocido por su afinidad hacia Universitario de Deportes, ha levantado expectativas y comentarios tanto de hinchas como de jugadores del equipo \u2018blanquiazul\u2019.<\/span><\/p>\n<p><span style=\"color: #000000;\">Paolo Guerrero, delantero y referente de Alianza, no tard\u00f3 en expresar su entusiasmo por la incorporaci\u00f3n del \u2018Genio\u2019. Record\u00f3 los momentos compartidos con Trauco en el Flamengo y en la selecci\u00f3n peruana, destacando el impacto positivo que su calidad futbol\u00edstica puede tener en el equipo.<\/span><\/p>\n<p><span style=\"color: #000000;\">\u201cLa incorporaci\u00f3n de \u00e9l, el grupo lo ha tomado muy bien. Sabemos la calidad de Trauco, es un jugador de selecci\u00f3n, que jug\u00f3 muchos a\u00f1os afuera. Es una incorporaci\u00f3n que nos va a dar mucho, nos va a ayudar mucho, el grupo est\u00e1 feliz porque Miguel lleg\u00f3. No solo en Flamengo, tambi\u00e9n la selecci\u00f3n; es un jugador con una trayectoria incre\u00edble, ha pasado por muy buenos equipos, y feliz\u201d, se\u00f1al\u00f3 Guerrero.<\/span><\/p>\n<p><span style=\"color: #000000;\">El atacante tambi\u00e9n se refiri\u00f3 al pol\u00e9mico video de presentaci\u00f3n de Trauco, en el que se insinuaba que el defensa no respondi\u00f3 a una supuesta llamada de Universitario. Guerrero fue tajante al afirmar que \u201csi Miguel Trauco vino a Alianza, sabe por qu\u00e9 vino\u201d. Adem\u00e1s, destac\u00f3 la grandeza del club \u2018blanquiazul\u2019.<\/span><\/p>\n<p><span style=\"color: #000000;\">\u201cMiguel Trauco vino a Alianza porque sabe la grandeza que tiene Alianza en el Per\u00fa. Ning\u00fan jugador es tonto para ir a cualquier equipo. Esperemos que el equipo est\u00e9 compacto; no solo con los centros de Miguel, con el apoyo de todo el equipo, los delanteros de Alianza podr\u00e1n hacer goles\u201d, sentenci\u00f3.<\/span><\/p>\n<blockquote class=\"twitter-tweet\" data-media-max-width=\"560\">\n<p dir=\"ltr\" lang=\"es\">Paolo Guerrero tras compartir su primer entrenamiento con Miguel Trauco en Alianza: \u00abTrauco si vino a Alianza sabe por qu\u00e9 vino, no es tonto. Sabe la grandeza que tiene Alianza aqu\u00ed en el Per\u00fa, ning\u00fan jugador es tonto para ir a cualquier equipo\u00bb. <a href=\"https:\/\/t.co\/UiXQC4UGyH\">pic.twitter.com\/UiXQC4UGyH<\/a><\/p>\n<p>\u2014 Jampool Cuadros (@tuleenomas) <a href=\"https:\/\/twitter.com\/tuleenomas\/status\/1876693229133001123?ref_src=twsrc%5Etfw\">January 7, 2025<\/a><\/p><\/blockquote>\n<p><script async src=\"https:\/\/platform.twitter.com\/widgets.js\" charset=\"utf-8\"><\/script><\/p>\n","protected":false},"excerpt":{"rendered":"<p>El \u00b4Depredador\u00b4 compartio con el lateral en la selecci\u00f3n peruana y en Flamengo de Brasil. Lima, 7 de enero 2025, (ANDINA).- El reciente fichaje de Miguel Trauco por Alianza Lima ha generado gran repercusi\u00f3n en el mundo deportivo peruano. La llegada del lateral, conocido por su afinidad hacia Universitario de Deportes, ha levantado expectativas y [&hellip;]<\/p>\n","protected":false},"author":1,"featured_media":132592,"comment_status":"closed","ping_status":"closed","sticky":false,"template":"","format":"standard","meta":{"rop_custom_images_group":[],"rop_custom_messages_group":[],"rop_publish_now":"initial","rop_publish_now_accounts":[],"rop_publish_now_history":[],"rop_publish_now_status":"pending","footnotes":""},"categories":[8],"tags":[91,519,203],"class_list":["post-132590","post","type-post","status-publish","format-standard","has-post-thumbnail","hentry","category-disciplinas-deportivas","tag-alianza-lima","tag-miguel-trauco","tag-paolo-guerrero"],"_links":{"self":[{"href":"https:\/\/elinformanteperu.com\/index.php\/wp-json\/wp\/v2\/posts\/132590","targetHints":{"allow":["GET"]}}],"collection":[{"href":"https:\/\/elinformanteperu.com\/index.php\/wp-json\/wp\/v2\/posts"}],"about":[{"href":"https:\/\/elinformanteperu.com\/index.php\/wp-json\/wp\/v2\/types\/post"}],"author":[{"embeddable":true,"href":"https:\/\/elinformanteperu.com\/index.php\/wp-json\/wp\/v2\/users\/1"}],"replies":[{"embeddable":true,"href":"https:\/\/elinformanteperu.com\/index.php\/wp-json\/wp\/v2\/comments?post=132590"}],"version-history":[{"count":1,"href":"https:\/\/elinformanteperu.com\/index.php\/wp-json\/wp\/v2\/posts\/132590\/revisions"}],"predecessor-version":[{"id":132593,"href":"https:\/\/elinformanteperu.com\/index.php\/wp-json\/wp\/v2\/posts\/132590\/revisions\/132593"}],"wp:featuredmedia":[{"embeddable":true,"href":"https:\/\/elinformanteperu.com\/index.php\/wp-json\/wp\/v2\/media\/132592"}],"wp:attachment":[{"href":"https:\/\/elinformanteperu.com\/index.php\/wp-json\/wp\/v2\/media?parent=132590"}],"wp:term":[{"taxonomy":"category","embeddable":true,"href":"https:\/\/elinformanteperu.com\/index.php\/wp-json\/wp\/v2\/categories?post=132590"},{"taxonomy":"post_tag","embeddable":true,"href":"https:\/\/elinformanteperu.com\/index.php\/wp-json\/wp\/v2\/tags?post=132590"}],"curies":[{"name":"wp","href":"https:\/\/api.w.org\/{rel}","templated":true}]}}