{"id":132580,"date":"2025-01-07T22:57:35","date_gmt":"2025-01-08T03:57:35","guid":{"rendered":"https:\/\/elinformanteperu.com\/?p=132580"},"modified":"2025-01-07T22:57:35","modified_gmt":"2025-01-08T03:57:35","slug":"universitario-andy-polo-esta-cerca-de-emigrar-al-futbol-brasileno","status":"publish","type":"post","link":"https:\/\/elinformanteperu.com\/index.php\/2025\/01\/07\/universitario-andy-polo-esta-cerca-de-emigrar-al-futbol-brasileno\/","title":{"rendered":"Universitario: \u00bfAndy Polo est\u00e1 cerca de emigrar al futbol brasile\u00f1o?"},"content":{"rendered":"<p><strong><span style=\"color: #000000;\">Informaciones indican que el extremo &#8216;crema&#8217; viajar\u00e1 el mi\u00e9rcoles para firmar por el Cear\u00e1 de la Primera Divisi\u00f3n<\/span><\/strong><\/p>\n<p><span style=\"color: #000000;\"><strong>Lima, 7 de enero 2025, (ANDINA).-<\/strong> Todo hace indicar que Andy Polo dejar\u00e1, en breve, a Universitario para continuar su carrera deportiva en Brasil, as\u00ed dieron a conocer algunas informaciones que colocan al extremo nacional en el club Cear\u00e1 de la Primera Divisi\u00f3n.<\/span><\/p>\n<p><span style=\"color: #000000;\">La posibilidad de que Polo regrese al f\u00fatbol del extranjero crece m\u00e1s. En esta ocasi\u00f3n el delantero alista maletas para viajar a Brasil, donde fichar\u00e1 por el Cear\u00e1, que juega en el Brasileirao.<\/span><\/p>\n<p><span style=\"color: #000000;\">El exarquero de la &#8216;U&#8217; y conductor, Francisco Baz\u00e1n, asegur\u00f3 que Andy Polo deber\u00e1 viajar este mi\u00e9rcoles 8 de enero rumbo a la ciudad de Fortaleza para firmar su contrato y ser presentado como nuevo refuerzo del &#8216;Alvinegro Cearense&#8217;.<\/span><\/p>\n<p><span style=\"color: #000000;\">\u00abEsta es la informaci\u00f3n que ha llegado hace algunos minutos a mi tel\u00e9fono. He conversado con gente muy cercana a Andy, su entorno, habr\u00eda una oferta concreta para Andy Polo del Cear\u00e1 de la primera divisi\u00f3n de Brasil, el club brasile\u00f1o pagar\u00eda la cl\u00e1usula de rescisi\u00f3n que fue puesta en el contrato por la misma gente de la \u2018U\u2019. El futbolista deber\u00eda estar viajando el mi\u00e9rcoles para la firma de su contrato y presentaci\u00f3n oficial\u00bb, asegur\u00f3 el exguarvalllas.<\/span><\/p>\n<p><span style=\"color: #000000;\">&#8216;Paco&#8217; Baz\u00e1n tambi\u00e9n se\u00f1al\u00f3 que el Cear\u00e1 est\u00e1 dispuesto a pagar la cl\u00e1usula de salida.<\/span><\/p>\n<p><span style=\"color: #000000;\">\u00abAndy Polo ya habr\u00eda hecho manifiesto a los dirigentes del club su deseo de ir a Brasil, \u00e9l siente que ha dado todo por la &#8216;U&#8217;, ha logrado un bicampeonato importante, entonces se quiere ir. \u00c9l tiene una cl\u00e1usula de salida, que tengo entendido bordea los 200 mil d\u00f3lares, el club brasile\u00f1o est\u00e1 dispuesto a pagarla, el futbolista quedar\u00eda libre y podr\u00eda negociar de manera directa. Andy Polo quiere seguir su carrera en el extranjero y nos parece bien porque el futbolista tiene que seguir creciendo\u00bb, se\u00f1al\u00f3.<\/span><\/p>\n<p><span style=\"color: #000000;\">El exdeportista precis\u00f3 que en Universitario de Deportes existe un descontento por el tema, ya que el cuerpo t\u00e9cnico comandado por Fabi\u00e1n Bustos considera a Polo como parte vital del equipo para la temporada 2025.<\/span><\/p>\n<p><span style=\"color: #000000;\">Como se sabe, Andy Polo tiene contrato hasta diciembre del 2025 con la &#8216;U&#8217;. Fichado en marzo del 2022, el extremo renov\u00f3 en diciembre del 2023 y ahora su nuevo v\u00ednculo ser\u00e1 hasta diciembre del 2025.<\/span><\/p>\n<p><a href=\"https:\/\/elinformanteperu.com\/wp-content\/uploads\/2024\/05\/andy-polo-e1716740576958.jpg\"><img fetchpriority=\"high\" decoding=\"async\" class=\"size-large wp-image-121490 aligncenter\" src=\"https:\/\/elinformanteperu.com\/wp-content\/uploads\/2024\/05\/andy-polo-e1716740576958-1024x730.jpg\" alt=\"\" width=\"615\" height=\"438\" srcset=\"https:\/\/elinformanteperu.com\/wp-content\/uploads\/2024\/05\/andy-polo-e1716740576958-1024x730.jpg 1024w, https:\/\/elinformanteperu.com\/wp-content\/uploads\/2024\/05\/andy-polo-e1716740576958-300x214.jpg 300w, https:\/\/elinformanteperu.com\/wp-content\/uploads\/2024\/05\/andy-polo-e1716740576958-768x548.jpg 768w, https:\/\/elinformanteperu.com\/wp-content\/uploads\/2024\/05\/andy-polo-e1716740576958-1536x1096.jpg 1536w, https:\/\/elinformanteperu.com\/wp-content\/uploads\/2024\/05\/andy-polo-e1716740576958.jpg 1800w\" sizes=\"(max-width: 615px) 100vw, 615px\" \/><\/a><\/p>\n","protected":false},"excerpt":{"rendered":"<p>Informaciones indican que el extremo &#8216;crema&#8217; viajar\u00e1 el mi\u00e9rcoles para firmar por el Cear\u00e1 de la Primera Divisi\u00f3n Lima, 7 de enero 2025, (ANDINA).- Todo hace indicar que Andy Polo dejar\u00e1, en breve, a Universitario para continuar su carrera deportiva en Brasil, as\u00ed dieron a conocer algunas informaciones que colocan al extremo nacional en el [&hellip;]<\/p>\n","protected":false},"author":1,"featured_media":132581,"comment_status":"closed","ping_status":"closed","sticky":false,"template":"","format":"standard","meta":{"rop_custom_images_group":[],"rop_custom_messages_group":[],"rop_publish_now":"initial","rop_publish_now_accounts":[],"rop_publish_now_history":[],"rop_publish_now_status":"pending","footnotes":""},"categories":[8],"tags":[797,144],"class_list":["post-132580","post","type-post","status-publish","format-standard","has-post-thumbnail","hentry","category-disciplinas-deportivas","tag-andy-polo","tag-universitario-de-deportes"],"_links":{"self":[{"href":"https:\/\/elinformanteperu.com\/index.php\/wp-json\/wp\/v2\/posts\/132580","targetHints":{"allow":["GET"]}}],"collection":[{"href":"https:\/\/elinformanteperu.com\/index.php\/wp-json\/wp\/v2\/posts"}],"about":[{"href":"https:\/\/elinformanteperu.com\/index.php\/wp-json\/wp\/v2\/types\/post"}],"author":[{"embeddable":true,"href":"https:\/\/elinformanteperu.com\/index.php\/wp-json\/wp\/v2\/users\/1"}],"replies":[{"embeddable":true,"href":"https:\/\/elinformanteperu.com\/index.php\/wp-json\/wp\/v2\/comments?post=132580"}],"version-history":[{"count":1,"href":"https:\/\/elinformanteperu.com\/index.php\/wp-json\/wp\/v2\/posts\/132580\/revisions"}],"predecessor-version":[{"id":132582,"href":"https:\/\/elinformanteperu.com\/index.php\/wp-json\/wp\/v2\/posts\/132580\/revisions\/132582"}],"wp:featuredmedia":[{"embeddable":true,"href":"https:\/\/elinformanteperu.com\/index.php\/wp-json\/wp\/v2\/media\/132581"}],"wp:attachment":[{"href":"https:\/\/elinformanteperu.com\/index.php\/wp-json\/wp\/v2\/media?parent=132580"}],"wp:term":[{"taxonomy":"category","embeddable":true,"href":"https:\/\/elinformanteperu.com\/index.php\/wp-json\/wp\/v2\/categories?post=132580"},{"taxonomy":"post_tag","embeddable":true,"href":"https:\/\/elinformanteperu.com\/index.php\/wp-json\/wp\/v2\/tags?post=132580"}],"curies":[{"name":"wp","href":"https:\/\/api.w.org\/{rel}","templated":true}]}}