{"id":132397,"date":"2025-01-06T01:09:26","date_gmt":"2025-01-06T06:09:26","guid":{"rendered":"https:\/\/elinformanteperu.com\/?p=132397"},"modified":"2025-01-06T01:09:26","modified_gmt":"2025-01-06T06:09:26","slug":"ollanta-humala-pj-continua-este-martes-audiencia-de-juicio-oral-por-lavado-de-activos","status":"publish","type":"post","link":"https:\/\/elinformanteperu.com\/index.php\/2025\/01\/06\/ollanta-humala-pj-continua-este-martes-audiencia-de-juicio-oral-por-lavado-de-activos\/","title":{"rendered":"Ollanta Humala: PJ contin\u00faa este martes audiencia de juicio oral por lavado de activos"},"content":{"rendered":"<p><span style=\"color: #000000;\"><strong>Lima, 5 de enero 2025, (ANDINA).-<\/strong> El Tercer Juzgado Penal Colegiado Nacional continuar\u00e1 este martes 7 de enero el juicio oral contra el expresidente de la rep\u00fablica, Ollanta Humala, y otros acusados por el delito de lavado de activos.<\/span><\/p>\n<p><span style=\"color: #000000;\">El colegiado program\u00f3 la audiencia sobre este proceso para las 09:00 horas.<\/span><\/p>\n<p><span style=\"color: #000000;\">Humala Tasso y su esposa, Nadine Heredia, forman parte del grupo de investigados en el marco del caso Lava Jato.<\/span><\/p>\n<p><span style=\"color: #000000;\">El exmandatario y su c\u00f3nyuge son acusados por presuntamente recibir los aportes que recibi\u00f3 el Partido Nacionalista para sus campa\u00f1as presidenciales, entre ellos de la empresa Odebrecht.<\/span><\/p>\n<p><span style=\"color: #000000;\">El Ministerio P\u00fablico solicita 20 a\u00f1os de prisi\u00f3n para Ollanta Humala y 26 a\u00f1os y medio para su esposa por los presuntos aportes del Gobierno de Venezuela y la compa\u00f1\u00eda Odebrecht para las campa\u00f1as electorales del 2006 y 2011, respectivamente.<\/span><\/p>\n<p><a href=\"https:\/\/elinformanteperu.com\/wp-content\/uploads\/2024\/11\/humala-juicio1.jpg\"><img fetchpriority=\"high\" decoding=\"async\" class=\"size-large wp-image-127433 aligncenter\" src=\"https:\/\/elinformanteperu.com\/wp-content\/uploads\/2024\/11\/humala-juicio1-1024x683.jpg\" alt=\"\" width=\"615\" height=\"410\" srcset=\"https:\/\/elinformanteperu.com\/wp-content\/uploads\/2024\/11\/humala-juicio1-1024x683.jpg 1024w, https:\/\/elinformanteperu.com\/wp-content\/uploads\/2024\/11\/humala-juicio1-300x200.jpg 300w, https:\/\/elinformanteperu.com\/wp-content\/uploads\/2024\/11\/humala-juicio1-768x512.jpg 768w, https:\/\/elinformanteperu.com\/wp-content\/uploads\/2024\/11\/humala-juicio1-1536x1024.jpg 1536w, https:\/\/elinformanteperu.com\/wp-content\/uploads\/2024\/11\/humala-juicio1.jpg 1800w\" sizes=\"(max-width: 615px) 100vw, 615px\" \/><\/a><\/p>\n","protected":false},"excerpt":{"rendered":"<p>Lima, 5 de enero 2025, (ANDINA).- El Tercer Juzgado Penal Colegiado Nacional continuar\u00e1 este martes 7 de enero el juicio oral contra el expresidente de la rep\u00fablica, Ollanta Humala, y otros acusados por el delito de lavado de activos. El colegiado program\u00f3 la audiencia sobre este proceso para las 09:00 horas. Humala Tasso y su [&hellip;]<\/p>\n","protected":false},"author":1,"featured_media":132398,"comment_status":"closed","ping_status":"closed","sticky":false,"template":"","format":"standard","meta":{"rop_custom_images_group":[],"rop_custom_messages_group":[],"rop_publish_now":"initial","rop_publish_now_accounts":[],"rop_publish_now_history":[],"rop_publish_now_status":"pending","footnotes":""},"categories":[5],"tags":[403],"class_list":["post-132397","post","type-post","status-publish","format-standard","has-post-thumbnail","hentry","category-actualidad-informativa","tag-ollanta-humala"],"_links":{"self":[{"href":"https:\/\/elinformanteperu.com\/index.php\/wp-json\/wp\/v2\/posts\/132397","targetHints":{"allow":["GET"]}}],"collection":[{"href":"https:\/\/elinformanteperu.com\/index.php\/wp-json\/wp\/v2\/posts"}],"about":[{"href":"https:\/\/elinformanteperu.com\/index.php\/wp-json\/wp\/v2\/types\/post"}],"author":[{"embeddable":true,"href":"https:\/\/elinformanteperu.com\/index.php\/wp-json\/wp\/v2\/users\/1"}],"replies":[{"embeddable":true,"href":"https:\/\/elinformanteperu.com\/index.php\/wp-json\/wp\/v2\/comments?post=132397"}],"version-history":[{"count":1,"href":"https:\/\/elinformanteperu.com\/index.php\/wp-json\/wp\/v2\/posts\/132397\/revisions"}],"predecessor-version":[{"id":132399,"href":"https:\/\/elinformanteperu.com\/index.php\/wp-json\/wp\/v2\/posts\/132397\/revisions\/132399"}],"wp:featuredmedia":[{"embeddable":true,"href":"https:\/\/elinformanteperu.com\/index.php\/wp-json\/wp\/v2\/media\/132398"}],"wp:attachment":[{"href":"https:\/\/elinformanteperu.com\/index.php\/wp-json\/wp\/v2\/media?parent=132397"}],"wp:term":[{"taxonomy":"category","embeddable":true,"href":"https:\/\/elinformanteperu.com\/index.php\/wp-json\/wp\/v2\/categories?post=132397"},{"taxonomy":"post_tag","embeddable":true,"href":"https:\/\/elinformanteperu.com\/index.php\/wp-json\/wp\/v2\/tags?post=132397"}],"curies":[{"name":"wp","href":"https:\/\/api.w.org\/{rel}","templated":true}]}}