{"id":132378,"date":"2025-01-05T22:47:24","date_gmt":"2025-01-06T03:47:24","guid":{"rendered":"https:\/\/elinformanteperu.com\/?p=132378"},"modified":"2025-01-05T22:47:24","modified_gmt":"2025-01-06T03:47:24","slug":"paris-sg-supercampeon-de-francia-tras-ganar-al-monaco-en-doha","status":"publish","type":"post","link":"https:\/\/elinformanteperu.com\/index.php\/2025\/01\/05\/paris-sg-supercampeon-de-francia-tras-ganar-al-monaco-en-doha\/","title":{"rendered":"Par\u00eds SG, &#8216;Supercampe\u00f3n&#8217; de Francia tras ganar al M\u00f3naco en Doha"},"content":{"rendered":"<p><strong><span style=\"color: #000000;\">El equipo dirigido por Luis Enrique logr\u00f3 el triplete del f\u00fatbol galo<\/span><\/strong><\/p>\n<p><span style=\"color: #000000;\"><strong>Doha, 5 de enero 2025, (ANDINA).-<\/strong> Campe\u00f3n de la Ligue 1 y de la Copa de Francia la temporada pasada, el Par\u00eds Saint-Germain de Luis Enrique logr\u00f3 el triplete del f\u00fatbol galo al derrotar este domingo 1-0 al M\u00f3naco en Doha, adjudic\u00e1ndose el Trofeo de los Campeones.<\/span><\/p>\n<p><span style=\"color: #000000;\">Cuando los dos equipos parec\u00edan encaminados a una tanda de penales que resolviese este partido equivalente a la Supercopa de otros pa\u00edses europeos o la Community Shield en Inglaterra, el que fuera extremo del FC Barcelona Ousmane Dembel\u00e9 logr\u00f3 marcar a puerta vac\u00eda desde dentro del \u00e1rea a centro raso desde la izquierda del espa\u00f1ol Fabi\u00e1n Ruiz (90+2).<\/span><\/p>\n<p><span style=\"color: #000000;\">Fue el 13\u00ba t\u00edtulo del PSG en la competici\u00f3n, el tercero consecutivo, y el und\u00e9cimo en los \u00faltimos doce a\u00f1os.<\/span><\/p>\n<p><span style=\"color: #000000;\">Si Dembel\u00e9 puede no ser siempre el delantero ejemplar, entre falta de acierto ante el arco rival y un actitud indolente en ocasiones, hasta el punto de provocar tensiones con Luis Enrique en la primera parte de la temporada, lo cierto es que el r\u00e1pido extremo hizo un gran servicio al t\u00e9cnico espa\u00f1ol y a todo el PSG.<\/span><\/p>\n<p><span style=\"color: #000000;\">En un estadio 974 de la capital catar\u00ed -pa\u00eds del propietario del PSG, QSI- lejos de presentar un lleno en sus gradas, el M\u00f3naco se mostr\u00f3 ambicioso y con ganas de tomarse la revancha ante el equipo que le derrot\u00f3 4-2 en el Principado en diciembre en la Ligue 1.<\/span><\/p>\n<p><span style=\"color: #000000;\">Las ocasiones se sucedieron en ambas \u00e1reas a lo largo de todo el partido, pero la mayor pegada parisina termin\u00f3 inclinando el duelo de su lado.<\/span><\/p>\n<p><strong><span style=\"color: #000000;\">Regalo de Fabi\u00e1n Ruiz<\/span><\/strong><\/p>\n<p><span style=\"color: #000000;\">Y eso que en el primer acto el conjunto parisino mostr\u00f3 los problemas ofensivos que le est\u00e1n lastrando esta temporada. Con Dembel\u00e9 de &#8216;falso 9&#8217;, una demarcaci\u00f3n que no es en la que m\u00e1s c\u00f3modo se mueve, subray\u00f3 la necesidad de un delantero puro, como el portugu\u00e9s Gon\u00e7alo Ramos, que comenz\u00f3 el partido en el banquillo.<\/span><\/p>\n<p><span style=\"color: #000000;\">D\u00e9sir\u00e9 Dou\u00e9, en gran forma en las \u00faltimas semanas, encontr\u00f3 el larguero con un latigazo tras un error en la salida del bal\u00f3n del arquero monegasco Philipp K\u00f6hn (9). Y a Joao Neves, con un buen disparo (10), Demb\u00e9l\u00e9 en dos ocasiones (21, 23) o el surcoreano Lee Kang-in justo antes del descanso les falt\u00f3 precisi\u00f3n.<\/span><\/p>\n<p><span style=\"color: #000000;\">El M\u00f3naco no inquiet\u00f3 a Donnarumma hasta el minuto 43 por medio de Takumi Minamin. El arquero italiano hab\u00eda sido protagonista en el precedente duelo entre ambos equipos, en el que un choque con Wilfried Singo le produjo heridas en el rostro.<\/span><\/p>\n<p><span style=\"color: #000000;\">El extremo brasile\u00f1o del M\u00f3naco Vanderson tambi\u00e9n vio c\u00f3mo el palo repel\u00eda un disparo desde dentro del \u00e1rea.<\/span><\/p>\n<p><span style=\"color: #000000;\">Pero el p\u00fablico catar\u00ed, mayoritariamente volcado en apoyo del PSG pudo al fin cantar gol cuando un centro de Fabi\u00e1n Ruiz, que hab\u00eda saltado desde el banquillo en el minuto 67, encontr\u00f3 en el segundo palo a Dembel\u00e9, que no perdon\u00f3 con el arco desprotegido.<\/span><\/p>\n<p><span style=\"color: #000000;\">Despu\u00e9s de la anulaci\u00f3n del evento previsto en China, fue Catar y el estadio con sus famosos contenedores -que alberg\u00f3, entre otros, el Argentina-Polonia en el Mundial de 2022- el elegido para dirimir el primer t\u00edtulo del a\u00f1o en el f\u00fatbol galo, y en cuyo palco estuvo el presidente de la FIFA Gianni Infantino junto al Emir de Catar.<\/span><\/p>\n<p><span style=\"color: #000000;\">Actual l\u00edder de la Ligue 1 francesa, el PSG pone ahora el punto de mira en los partidos decisivos que tiene por delante para poder seguir con vida en la Liga de Campeones, contra Manchester City y Stuttgart los d\u00edas 22 y 29 de enero.<\/span><\/p>\n","protected":false},"excerpt":{"rendered":"<p>El equipo dirigido por Luis Enrique logr\u00f3 el triplete del f\u00fatbol galo Doha, 5 de enero 2025, (ANDINA).- Campe\u00f3n de la Ligue 1 y de la Copa de Francia la temporada pasada, el Par\u00eds Saint-Germain de Luis Enrique logr\u00f3 el triplete del f\u00fatbol galo al derrotar este domingo 1-0 al M\u00f3naco en Doha, adjudic\u00e1ndose el [&hellip;]<\/p>\n","protected":false},"author":1,"featured_media":132379,"comment_status":"closed","ping_status":"closed","sticky":false,"template":"","format":"standard","meta":{"rop_custom_images_group":[],"rop_custom_messages_group":[],"rop_publish_now":"initial","rop_publish_now_accounts":[],"rop_publish_now_history":[],"rop_publish_now_status":"pending","footnotes":""},"categories":[8],"tags":[2022,1102],"class_list":["post-132378","post","type-post","status-publish","format-standard","has-post-thumbnail","hentry","category-disciplinas-deportivas","tag-paris-saint-germain","tag-psg"],"_links":{"self":[{"href":"https:\/\/elinformanteperu.com\/index.php\/wp-json\/wp\/v2\/posts\/132378","targetHints":{"allow":["GET"]}}],"collection":[{"href":"https:\/\/elinformanteperu.com\/index.php\/wp-json\/wp\/v2\/posts"}],"about":[{"href":"https:\/\/elinformanteperu.com\/index.php\/wp-json\/wp\/v2\/types\/post"}],"author":[{"embeddable":true,"href":"https:\/\/elinformanteperu.com\/index.php\/wp-json\/wp\/v2\/users\/1"}],"replies":[{"embeddable":true,"href":"https:\/\/elinformanteperu.com\/index.php\/wp-json\/wp\/v2\/comments?post=132378"}],"version-history":[{"count":1,"href":"https:\/\/elinformanteperu.com\/index.php\/wp-json\/wp\/v2\/posts\/132378\/revisions"}],"predecessor-version":[{"id":132380,"href":"https:\/\/elinformanteperu.com\/index.php\/wp-json\/wp\/v2\/posts\/132378\/revisions\/132380"}],"wp:featuredmedia":[{"embeddable":true,"href":"https:\/\/elinformanteperu.com\/index.php\/wp-json\/wp\/v2\/media\/132379"}],"wp:attachment":[{"href":"https:\/\/elinformanteperu.com\/index.php\/wp-json\/wp\/v2\/media?parent=132378"}],"wp:term":[{"taxonomy":"category","embeddable":true,"href":"https:\/\/elinformanteperu.com\/index.php\/wp-json\/wp\/v2\/categories?post=132378"},{"taxonomy":"post_tag","embeddable":true,"href":"https:\/\/elinformanteperu.com\/index.php\/wp-json\/wp\/v2\/tags?post=132378"}],"curies":[{"name":"wp","href":"https:\/\/api.w.org\/{rel}","templated":true}]}}