{"id":132341,"date":"2025-01-05T00:55:59","date_gmt":"2025-01-05T05:55:59","guid":{"rendered":"https:\/\/elinformanteperu.com\/?p=132341"},"modified":"2025-01-05T00:55:59","modified_gmt":"2025-01-05T05:55:59","slug":"congreso-proponen-destinar-el-10-del-canon-minero-al-sector-defensa-e-interior","status":"publish","type":"post","link":"https:\/\/elinformanteperu.com\/index.php\/2025\/01\/05\/congreso-proponen-destinar-el-10-del-canon-minero-al-sector-defensa-e-interior\/","title":{"rendered":"Congreso: proponen destinar el 10 % del canon minero al sector Defensa e Interior"},"content":{"rendered":"<p><strong><span style=\"color: #000000;\">Para fortalecer la seguridad ciudadana y respuesta ante emergencias<\/span><\/strong><\/p>\n<p><span style=\"color: #000000;\"><strong>Lima, 4 de enero 2025, (ANDINA).-<\/strong> El congresista Alejandro Cavero (AvP) present\u00f3 un proyecto de ley para destinar el 10 % del canon minero al sector Defensa e Interior, a fin de cumplir eficazmente sus funciones en la lucha contra el narcotr\u00e1fico, la inseguridad ciudadana, el crimen organizado, as\u00ed como atender los desastres naturales.<\/span><\/p>\n<p><span style=\"color: #000000;\">La iniciativa dispone que los recursos asignados a ambos ministerios ser\u00e1n utilizados \u00fanicamente para la mejora del armamento y equipamiento, as\u00ed como para gastos asociados a la operatividad y mantenimiento de equipos. No se podr\u00e1n usar esos recursos para gastos corriente.<\/span><\/p>\n<p><span style=\"color: #000000;\">La norma tendr\u00e1 vigencia por un periodo de cinco a\u00f1os y regir\u00e1 a partir del presupuesto p\u00fablico del a\u00f1o siguiente a su publicaci\u00f3n.<\/span><\/p>\n<p><span style=\"color: #000000;\">En la fundamentaci\u00f3n de su proyecto, Alejandro Cavero se\u00f1ala que de este modo se busca cerrar la brecha de equipamiento en estos sectores, fortaleciendo la capacidad del Estado en la lucha contra el narcoterrorismo, crimen organizado e inseguridad ciudadana.<\/span><\/p>\n<p><span style=\"color: #000000;\">Precisa que en Chile el financiamiento del sector Defensa estuvo vinculado durante m\u00e1s de seis d\u00e9cadas al 10 % de las ventas de la Corporaci\u00f3n Nacional del Cobre (Codelco).<\/span><\/p>\n<p><span style=\"color: #000000;\">\u201cLa propuesta responde a la necesidad urgente de fortalecer la seguridad y la defensa nacional, garantizando el orden interno, controlando el narcoterrorismo en el Vraem y mejorando la capacidad de respuesta del sector p\u00fablico ante emergencias y amenazas a la estabilidad por causa de desastres naturales\u201d, precisa la iniciativa.<\/span><\/p>\n<p><span style=\"color: #000000;\">Subraya que la Polic\u00eda Nacional y las Fuerzas Armadas enfrentan serias limitaciones en cuanto a recursos y presupuestos, lo que obstaculiza la renovaci\u00f3n y modernizaci\u00f3n de su equipamiento durante a\u00f1os.<\/span><\/p>\n<p><span style=\"color: #000000;\">Menciona que un informe de la Contralor\u00eda, entre febrero y marzo de 2024, identifica m\u00e1s de 8,700 deficiencias en comisar\u00edas y otras entidades encargadas de la seguridad ciudadana en el pa\u00eds y adem\u00e1s precisa que hay falta de recursos fundamentales para su desempe\u00f1o efectivo.<\/span><\/p>\n","protected":false},"excerpt":{"rendered":"<p>Para fortalecer la seguridad ciudadana y respuesta ante emergencias Lima, 4 de enero 2025, (ANDINA).- El congresista Alejandro Cavero (AvP) present\u00f3 un proyecto de ley para destinar el 10 % del canon minero al sector Defensa e Interior, a fin de cumplir eficazmente sus funciones en la lucha contra el narcotr\u00e1fico, la inseguridad ciudadana, el [&hellip;]<\/p>\n","protected":false},"author":1,"featured_media":132342,"comment_status":"closed","ping_status":"closed","sticky":false,"template":"","format":"standard","meta":{"rop_custom_images_group":[],"rop_custom_messages_group":[],"rop_publish_now":"initial","rop_publish_now_accounts":[],"rop_publish_now_history":[],"rop_publish_now_status":"pending","footnotes":""},"categories":[5],"tags":[192],"class_list":["post-132341","post","type-post","status-publish","format-standard","has-post-thumbnail","hentry","category-actualidad-informativa","tag-congreso"],"_links":{"self":[{"href":"https:\/\/elinformanteperu.com\/index.php\/wp-json\/wp\/v2\/posts\/132341","targetHints":{"allow":["GET"]}}],"collection":[{"href":"https:\/\/elinformanteperu.com\/index.php\/wp-json\/wp\/v2\/posts"}],"about":[{"href":"https:\/\/elinformanteperu.com\/index.php\/wp-json\/wp\/v2\/types\/post"}],"author":[{"embeddable":true,"href":"https:\/\/elinformanteperu.com\/index.php\/wp-json\/wp\/v2\/users\/1"}],"replies":[{"embeddable":true,"href":"https:\/\/elinformanteperu.com\/index.php\/wp-json\/wp\/v2\/comments?post=132341"}],"version-history":[{"count":1,"href":"https:\/\/elinformanteperu.com\/index.php\/wp-json\/wp\/v2\/posts\/132341\/revisions"}],"predecessor-version":[{"id":132343,"href":"https:\/\/elinformanteperu.com\/index.php\/wp-json\/wp\/v2\/posts\/132341\/revisions\/132343"}],"wp:featuredmedia":[{"embeddable":true,"href":"https:\/\/elinformanteperu.com\/index.php\/wp-json\/wp\/v2\/media\/132342"}],"wp:attachment":[{"href":"https:\/\/elinformanteperu.com\/index.php\/wp-json\/wp\/v2\/media?parent=132341"}],"wp:term":[{"taxonomy":"category","embeddable":true,"href":"https:\/\/elinformanteperu.com\/index.php\/wp-json\/wp\/v2\/categories?post=132341"},{"taxonomy":"post_tag","embeddable":true,"href":"https:\/\/elinformanteperu.com\/index.php\/wp-json\/wp\/v2\/tags?post=132341"}],"curies":[{"name":"wp","href":"https:\/\/api.w.org\/{rel}","templated":true}]}}