{"id":132339,"date":"2025-01-05T00:53:34","date_gmt":"2025-01-05T05:53:34","guid":{"rendered":"https:\/\/elinformanteperu.com\/?p=132339"},"modified":"2025-01-05T00:53:34","modified_gmt":"2025-01-05T05:53:34","slug":"concluyen-designacion-de-rafael-vela-como-coordinador-de-fiscalias-de-lavado-de-activos","status":"publish","type":"post","link":"https:\/\/elinformanteperu.com\/index.php\/2025\/01\/05\/concluyen-designacion-de-rafael-vela-como-coordinador-de-fiscalias-de-lavado-de-activos\/","title":{"rendered":"Concluyen designaci\u00f3n de Rafael Vela como coordinador de fiscal\u00edas de lavado de activos"},"content":{"rendered":"<p><span style=\"color: #000000;\"><strong>Lima, 4 de enero 2025, (ANDINA).-<\/strong> La Fiscal\u00eda de la Naci\u00f3n, a trav\u00e9s de una resoluci\u00f3n, concluy\u00f3 la designaci\u00f3n de Rafael Vela Barba como coordinador nacional de las Fiscal\u00edas Especializadas en Delitos de Lavado de Activos.<\/span><\/p>\n<p><span style=\"color: #000000;\">Esta medida se oficializa a trav\u00e9s de la Resoluci\u00f3n de la Fiscal\u00eda de la Naci\u00f3n 003-2025-MP-FN, publicada en el bolet\u00edn Normas Legales del Diario Oficial El Peruano.<\/span><\/p>\n<p><span style=\"color: #000000;\">Rafael Vela Barba, fiscal superior titular especializado en delitos de lavado de activos y p\u00e9rdida de dominio (sede Lima), ocupaba el cargo de coordinador de las referidas fiscal\u00edas desde el pasado 26 de marzo del 2024.<\/span><\/p>\n<p><span style=\"color: #000000;\">La resoluci\u00f3n tambi\u00e9n da por concluida la encargatura de la Coordinaci\u00f3n Nacional de las Fiscal\u00edas Especializadas en Delitos de Corrupci\u00f3n de Funcionarios y de la Coordinaci\u00f3n en Delitos de Corrupci\u00f3n de Funcionarios de Lima, otorgada a Vanessa Milagros D\u00edaz Ramos.<\/span><\/p>\n<p><span style=\"color: #000000;\">Asimismo, concluye las designaciones de Elma Sonia Vergara Cabrera, en el despacho de la Fiscal\u00eda Superior Transitoria de Extinci\u00f3n de Dominio de Lima, y como coordinadora nacional de las Fiscal\u00edas Especializadas en Extinci\u00f3n de Dominio.<\/span><\/p>\n<p><span style=\"color: #000000;\">Adem\u00e1s, da por concluido el nombramiento de Rony del \u00c1guila Gonzales como fiscal superior provisional del Distrito Fiscal de Loreto y su designaci\u00f3n en el despacho de la Segunda Fiscal\u00eda Superior Penal de Loreto; y de Hagler Luis Manuel Caballero Mego como fiscal adjunto superior provisional del Distrito Fiscal de Loreto y su designaci\u00f3n en el despacho de la Cuarta Fiscal\u00eda Superior Penal de Loreto.<\/span><\/p>\n<p><span style=\"color: #000000;\">En tal sentido, la resoluci\u00f3n designa a Mirko Dino Cano Gamero, fiscal adjunto supremo titular, como coordinador nacional de las Fiscal\u00edas Especializadas en Extinci\u00f3n de Dominio; de las Fiscal\u00edas Especializadas en Delitos de Lavado de Activos; de las Fiscal\u00edas Especializadas en Delitos de Corrupci\u00f3n de Funcionarios; y en Delitos de Corrupci\u00f3n de Funcionarios de Lima.<\/span><\/p>\n<p><span style=\"color: #000000;\">Por otro lado designa a Elma Sonia Vergara Cabrera, fiscal superior titular penal de Loreto; a Rony del \u00c1guila Gonzales, fiscal adjunto superior titular penal de Loreto; y Hagler Luis Manuel Caballero Mego, fiscal adjunto provincial titular penal (corporativo) de Maynas.<\/span><\/p>\n<p><span style=\"color: #000000;\">La resoluci\u00f3n cuenta con la firma de la titular de la Fiscal\u00eda de la Naci\u00f3n, Delia Espinoza Valenzuela.<\/span><\/p>\n<p><a href=\"https:\/\/elinformanteperu.com\/wp-content\/uploads\/2020\/04\/Ministerio-P\u00fablico.jpg\"><img fetchpriority=\"high\" decoding=\"async\" class=\"size-large wp-image-68363 aligncenter\" src=\"https:\/\/elinformanteperu.com\/wp-content\/uploads\/2020\/04\/Ministerio-P\u00fablico-1024x683.jpg\" alt=\"\" width=\"615\" height=\"410\" srcset=\"https:\/\/elinformanteperu.com\/wp-content\/uploads\/2020\/04\/Ministerio-P\u00fablico-1024x683.jpg 1024w, https:\/\/elinformanteperu.com\/wp-content\/uploads\/2020\/04\/Ministerio-P\u00fablico-300x200.jpg 300w, https:\/\/elinformanteperu.com\/wp-content\/uploads\/2020\/04\/Ministerio-P\u00fablico-768x512.jpg 768w, https:\/\/elinformanteperu.com\/wp-content\/uploads\/2020\/04\/Ministerio-P\u00fablico-1536x1024.jpg 1536w, https:\/\/elinformanteperu.com\/wp-content\/uploads\/2020\/04\/Ministerio-P\u00fablico.jpg 1800w\" sizes=\"(max-width: 615px) 100vw, 615px\" \/><\/a><\/p>\n","protected":false},"excerpt":{"rendered":"<p>Lima, 4 de enero 2025, (ANDINA).- La Fiscal\u00eda de la Naci\u00f3n, a trav\u00e9s de una resoluci\u00f3n, concluy\u00f3 la designaci\u00f3n de Rafael Vela Barba como coordinador nacional de las Fiscal\u00edas Especializadas en Delitos de Lavado de Activos. Esta medida se oficializa a trav\u00e9s de la Resoluci\u00f3n de la Fiscal\u00eda de la Naci\u00f3n 003-2025-MP-FN, publicada en el [&hellip;]<\/p>\n","protected":false},"author":1,"featured_media":58130,"comment_status":"closed","ping_status":"closed","sticky":false,"template":"","format":"standard","meta":{"rop_custom_images_group":[],"rop_custom_messages_group":[],"rop_publish_now":"initial","rop_publish_now_accounts":[],"rop_publish_now_history":[],"rop_publish_now_status":"pending","footnotes":""},"categories":[5],"tags":[430,370,3427],"class_list":["post-132339","post","type-post","status-publish","format-standard","has-post-thumbnail","hentry","category-actualidad-informativa","tag-fiscalia","tag-ministerio-publico","tag-rafael-vela"],"_links":{"self":[{"href":"https:\/\/elinformanteperu.com\/index.php\/wp-json\/wp\/v2\/posts\/132339","targetHints":{"allow":["GET"]}}],"collection":[{"href":"https:\/\/elinformanteperu.com\/index.php\/wp-json\/wp\/v2\/posts"}],"about":[{"href":"https:\/\/elinformanteperu.com\/index.php\/wp-json\/wp\/v2\/types\/post"}],"author":[{"embeddable":true,"href":"https:\/\/elinformanteperu.com\/index.php\/wp-json\/wp\/v2\/users\/1"}],"replies":[{"embeddable":true,"href":"https:\/\/elinformanteperu.com\/index.php\/wp-json\/wp\/v2\/comments?post=132339"}],"version-history":[{"count":1,"href":"https:\/\/elinformanteperu.com\/index.php\/wp-json\/wp\/v2\/posts\/132339\/revisions"}],"predecessor-version":[{"id":132340,"href":"https:\/\/elinformanteperu.com\/index.php\/wp-json\/wp\/v2\/posts\/132339\/revisions\/132340"}],"wp:featuredmedia":[{"embeddable":true,"href":"https:\/\/elinformanteperu.com\/index.php\/wp-json\/wp\/v2\/media\/58130"}],"wp:attachment":[{"href":"https:\/\/elinformanteperu.com\/index.php\/wp-json\/wp\/v2\/media?parent=132339"}],"wp:term":[{"taxonomy":"category","embeddable":true,"href":"https:\/\/elinformanteperu.com\/index.php\/wp-json\/wp\/v2\/categories?post=132339"},{"taxonomy":"post_tag","embeddable":true,"href":"https:\/\/elinformanteperu.com\/index.php\/wp-json\/wp\/v2\/tags?post=132339"}],"curies":[{"name":"wp","href":"https:\/\/api.w.org\/{rel}","templated":true}]}}