{"id":132333,"date":"2025-01-05T00:38:04","date_gmt":"2025-01-05T05:38:04","guid":{"rendered":"https:\/\/elinformanteperu.com\/?p=132333"},"modified":"2025-01-05T00:38:04","modified_gmt":"2025-01-05T05:38:04","slug":"janet-tello-juramento-a-14-juezas-y-4-jueces-que-integraran-salas-de-la-corte-suprema","status":"publish","type":"post","link":"https:\/\/elinformanteperu.com\/index.php\/2025\/01\/05\/janet-tello-juramento-a-14-juezas-y-4-jueces-que-integraran-salas-de-la-corte-suprema\/","title":{"rendered":"Janet Tello jurament\u00f3 a 14 juezas y 4 jueces que integrar\u00e1n salas de la Corte Suprema"},"content":{"rendered":"<p><span style=\"color: #000000;\"><strong>Lima, 4 de enero 2025, (ANDINA).-<\/strong> Tras una evaluaci\u00f3n de su trayectoria profesional, compromiso de trabajo e identificaci\u00f3n con los valores institucionales, presidenta del Poder Judicial, Janet Tello Gilardi, tom\u00f3 juramento a 14 juezas y cuatro jueces supremos provisionales de la Corte Suprema de la Rep\u00fablica.<\/span><\/p>\n<p><span style=\"color: #000000;\">Se trata de las magistradas que integrar\u00e1n las salas supremas: Elvira \u00c1lvarez Olaz\u00e1bal, Rita Valencia Dongo C\u00e1rdenas, Sara Maita Dorregaray, Araceli Baca Cabrera, Rosa Ubill\u00fas Fortini, Rosa Ju\u00e1rez Ticona, Elizabeth Grossmann Casas.<\/span><\/p>\n<p><span style=\"color: #000000;\">Asimismo, Liliana Placencia Rubi\u00f1os de Valdivia, Diana Rodr\u00edguez Ch\u00e1vez, Rosa Cabello Arce, \u00c1ngela C\u00e1rdenas Salcedo, Edith Alvarado Palacios, Cecilia Espinoza Montoya, Mar\u00eda V\u00e1squez Vargas.<\/span><\/p>\n<p><span style=\"color: #000000;\">Tambi\u00e9n prestaron juramento los magistrados Per\u00fa Jim\u00e9nez La Rosa, Henry Huerta S\u00e1enz, Gabino Espinoza Ortiz y Walter \u00c1ngeles Bachet.<\/span><\/p>\n<p><a href=\"https:\/\/elinformanteperu.com\/wp-content\/uploads\/2025\/01\/janet-tello-juramentacion-jueces1.jpg\"><img fetchpriority=\"high\" decoding=\"async\" class=\"size-large wp-image-132335 aligncenter\" src=\"https:\/\/elinformanteperu.com\/wp-content\/uploads\/2025\/01\/janet-tello-juramentacion-jueces1-1024x682.jpg\" alt=\"\" width=\"615\" height=\"410\" srcset=\"https:\/\/elinformanteperu.com\/wp-content\/uploads\/2025\/01\/janet-tello-juramentacion-jueces1-1024x682.jpg 1024w, https:\/\/elinformanteperu.com\/wp-content\/uploads\/2025\/01\/janet-tello-juramentacion-jueces1-300x200.jpg 300w, https:\/\/elinformanteperu.com\/wp-content\/uploads\/2025\/01\/janet-tello-juramentacion-jueces1-768x512.jpg 768w, https:\/\/elinformanteperu.com\/wp-content\/uploads\/2025\/01\/janet-tello-juramentacion-jueces1-1536x1023.jpg 1536w, https:\/\/elinformanteperu.com\/wp-content\/uploads\/2025\/01\/janet-tello-juramentacion-jueces1.jpg 1600w\" sizes=\"(max-width: 615px) 100vw, 615px\" \/><\/a><strong><span style=\"color: #000000;\">Selecci\u00f3n dif\u00edcil<\/span><\/strong><\/p>\n<p><span style=\"color: #000000;\">Durante la ceremonia, Janet Tello Gilardi se\u00f1al\u00f3 que el proceso de selecci\u00f3n fue sumamente dif\u00edcil, lo cual pas\u00f3 por revisar su trayectoria profesional y tener un compromiso de trabajo demostrado.<\/span><\/p>\n<p><span style=\"color: #000000;\">Tambi\u00e9n haber cumplido como juezas y jueces con los deberes encomendados, as\u00ed como por demostrar identificaci\u00f3n con los principios y valores de la administraci\u00f3n de justicia.<\/span><\/p>\n<p><span style=\"color: #000000;\">\u201cUstedes no deben nada a nadie, solamente a su trabajo y hacer las labores encomendadas con ese compromiso e identificaci\u00f3n que les ha permitido que lleguen a la Corte Suprema\u201d, expres\u00f3 la magistrada, tras recordar su juramentaci\u00f3n como jueza superior titular, en 1996.<\/span><\/p>\n<p><span style=\"color: #000000;\">Refiri\u00f3 que lo que est\u00e1 de por medio son los m\u00e9ritos que tienen cada jueza o juez, en tanto que expres\u00f3 su confianza de que los principios y valores como integridad, probidad, igualdad y respeto ser\u00e1n los que primen en la toma de sus decisiones.<\/span><\/p>\n<p><span style=\"color: #000000;\">De esa forma, la autoridad judicial dio la bienvenida a las magistradas y magistrados y les dese\u00f3 \u00e9xitos en su gesti\u00f3n en los tribunales supremos que integran, fortaleciendo, de ese modo, la prestancia del Poder Judicial.<\/span><\/p>\n","protected":false},"excerpt":{"rendered":"<p>Lima, 4 de enero 2025, (ANDINA).- Tras una evaluaci\u00f3n de su trayectoria profesional, compromiso de trabajo e identificaci\u00f3n con los valores institucionales, presidenta del Poder Judicial, Janet Tello Gilardi, tom\u00f3 juramento a 14 juezas y cuatro jueces supremos provisionales de la Corte Suprema de la Rep\u00fablica. Se trata de las magistradas que integrar\u00e1n las salas [&hellip;]<\/p>\n","protected":false},"author":1,"featured_media":132334,"comment_status":"closed","ping_status":"closed","sticky":false,"template":"","format":"standard","meta":{"rop_custom_images_group":[],"rop_custom_messages_group":[],"rop_publish_now":"initial","rop_publish_now_accounts":[],"rop_publish_now_history":[],"rop_publish_now_status":"pending","footnotes":""},"categories":[5],"tags":[8076,163],"class_list":["post-132333","post","type-post","status-publish","format-standard","has-post-thumbnail","hentry","category-actualidad-informativa","tag-janet-tello","tag-poder-judicial"],"_links":{"self":[{"href":"https:\/\/elinformanteperu.com\/index.php\/wp-json\/wp\/v2\/posts\/132333","targetHints":{"allow":["GET"]}}],"collection":[{"href":"https:\/\/elinformanteperu.com\/index.php\/wp-json\/wp\/v2\/posts"}],"about":[{"href":"https:\/\/elinformanteperu.com\/index.php\/wp-json\/wp\/v2\/types\/post"}],"author":[{"embeddable":true,"href":"https:\/\/elinformanteperu.com\/index.php\/wp-json\/wp\/v2\/users\/1"}],"replies":[{"embeddable":true,"href":"https:\/\/elinformanteperu.com\/index.php\/wp-json\/wp\/v2\/comments?post=132333"}],"version-history":[{"count":1,"href":"https:\/\/elinformanteperu.com\/index.php\/wp-json\/wp\/v2\/posts\/132333\/revisions"}],"predecessor-version":[{"id":132336,"href":"https:\/\/elinformanteperu.com\/index.php\/wp-json\/wp\/v2\/posts\/132333\/revisions\/132336"}],"wp:featuredmedia":[{"embeddable":true,"href":"https:\/\/elinformanteperu.com\/index.php\/wp-json\/wp\/v2\/media\/132334"}],"wp:attachment":[{"href":"https:\/\/elinformanteperu.com\/index.php\/wp-json\/wp\/v2\/media?parent=132333"}],"wp:term":[{"taxonomy":"category","embeddable":true,"href":"https:\/\/elinformanteperu.com\/index.php\/wp-json\/wp\/v2\/categories?post=132333"},{"taxonomy":"post_tag","embeddable":true,"href":"https:\/\/elinformanteperu.com\/index.php\/wp-json\/wp\/v2\/tags?post=132333"}],"curies":[{"name":"wp","href":"https:\/\/api.w.org\/{rel}","templated":true}]}}