{"id":132330,"date":"2025-01-05T00:21:28","date_gmt":"2025-01-05T05:21:28","guid":{"rendered":"https:\/\/elinformanteperu.com\/?p=132330"},"modified":"2025-01-05T00:21:28","modified_gmt":"2025-01-05T05:21:28","slug":"ministro-del-interior-anuncia-reunion-con-la-pnp-para-ver-estrategias-en-seguridad","status":"publish","type":"post","link":"https:\/\/elinformanteperu.com\/index.php\/2025\/01\/05\/ministro-del-interior-anuncia-reunion-con-la-pnp-para-ver-estrategias-en-seguridad\/","title":{"rendered":"Ministro del Interior anuncia reuni\u00f3n con la PNP para ver estrategias en seguridad"},"content":{"rendered":"<p><strong><span style=\"color: #000000;\">A fin de ser aplicadas en el 2025<\/span><\/strong><\/p>\n<p><span style=\"color: #000000;\"><strong>Lima, 4 de enero 2025, (ANDINA).-<\/strong> El ministro del Interior, Juan Jos\u00e9 Santiv\u00e1\u00f1ez, inform\u00f3 que el 11 y 12 de enero se llevar\u00e1 a cabo una reuni\u00f3n entre la cartera que lidera y los generales de la Polic\u00eda Nacional de todo el pa\u00eds, a fin de exponer las estrategias que llevar\u00e1n a cabo el 2025 en materia de seguridad ciudadana.<\/span><\/p>\n<p><span style=\"color: #000000;\">Indic\u00f3 que se trata de la I Reuni\u00f3n de Comando Policial (Recopol), la cual se realizar\u00e1 en la ciudad de Lima.<\/span><\/p>\n<p><span style=\"color: #000000;\">Sostuvo que las disposiciones dadas a los generales de la Polic\u00eda que se encuentran en las zonas declaradas en estado de emergencia, \u00abes ejecutar labores ejecutivas bastante agresivas, dentro del marco de los derechos humanos, pero bastante agresivas para poder instituir el principio de autoridad dentro de dichas jurisdicciones\u00bb, remarc\u00f3.<\/span><\/p>\n<p><span style=\"color: #000000;\">En otro momento, el titular del Mininter precis\u00f3 que su cartera ya ha remitido al Ministerio de Econom\u00eda y Finanzas (MEF) su propuesta con relaci\u00f3n a los incrementos salariales para la Polic\u00eda Nacional, al igual que la cartera de Defensa.<\/span><\/p>\n<p><span style=\"color: #000000;\">\u00abEntiendo que el Ministerio de Econom\u00eda ya en los pr\u00f3ximos d\u00edas tiene que estar dando todos los \u00faltimos toques para que se haga el primer pago\u00bb, sostuvo.<\/span><\/p>\n<p><span style=\"color: #000000;\">Tambi\u00e9n se refiri\u00f3 a la propuesta que plantear\u00e1 el Ejecutivo para que los miembros de la PNP puedan ser beneficiarios tambi\u00e9n del programa de recompensas.<\/span><\/p>\n<p><span style=\"color: #000000;\">\u00abLo que nosotros valoramos es una modificaci\u00f3n normativa al decreto legislativo para que el personal policial y el equipo operativo que est\u00e9 a cargo de esta investigaci\u00f3n pueda tambi\u00e9n ser beneficiado, en calidad de incentivo, de estos montos que ya est\u00e1n presupuestados (recompensas) y que est\u00e1n destinados exclusivamente a estas capturas\u00bb, expres\u00f3.<\/span><\/p>\n<p><span style=\"color: #000000;\">Con relaci\u00f3n a la promulgaci\u00f3n de la ley sobre la detenci\u00f3n preliminar en casos de flagrancia, Juan Jos\u00e9 Santiv\u00e1\u00f1ez se\u00f1al\u00f3 que el Ejecutivo se encuentra dentro del plazo para hacerlo, como indic\u00f3 en la v\u00edspera el jefe del Gabinete, Gustavo Adrianz\u00e9n, y que se encuentran efectuando un an\u00e1lisis legal de la misma.<\/span><\/p>\n<p><span style=\"color: #000000;\">\u00abLo que nosotros pedir\u00edamos, probablemente, es que esta detenci\u00f3n preliminar no sea aplicada al personal policial, pero es una cuesti\u00f3n que estamos evaluando y que, dentro del plazo legal, nosotros vamos a cumplir con permitirlo a la Presidencia del Consejo de Ministros para que lo remitan al Congreso\u00bb, asever\u00f3 el ministro del Interior.<\/span><\/p>\n","protected":false},"excerpt":{"rendered":"<p>A fin de ser aplicadas en el 2025 Lima, 4 de enero 2025, (ANDINA).- El ministro del Interior, Juan Jos\u00e9 Santiv\u00e1\u00f1ez, inform\u00f3 que el 11 y 12 de enero se llevar\u00e1 a cabo una reuni\u00f3n entre la cartera que lidera y los generales de la Polic\u00eda Nacional de todo el pa\u00eds, a fin de exponer [&hellip;]<\/p>\n","protected":false},"author":1,"featured_media":132331,"comment_status":"closed","ping_status":"closed","sticky":false,"template":"","format":"standard","meta":{"rop_custom_images_group":[],"rop_custom_messages_group":[],"rop_publish_now":"initial","rop_publish_now_accounts":[],"rop_publish_now_history":[],"rop_publish_now_status":"pending","footnotes":""},"categories":[5],"tags":[7532,401,280],"class_list":["post-132330","post","type-post","status-publish","format-standard","has-post-thumbnail","hentry","category-actualidad-informativa","tag-juan-jose-santivanez","tag-mininter","tag-ministerio-del-interior"],"_links":{"self":[{"href":"https:\/\/elinformanteperu.com\/index.php\/wp-json\/wp\/v2\/posts\/132330","targetHints":{"allow":["GET"]}}],"collection":[{"href":"https:\/\/elinformanteperu.com\/index.php\/wp-json\/wp\/v2\/posts"}],"about":[{"href":"https:\/\/elinformanteperu.com\/index.php\/wp-json\/wp\/v2\/types\/post"}],"author":[{"embeddable":true,"href":"https:\/\/elinformanteperu.com\/index.php\/wp-json\/wp\/v2\/users\/1"}],"replies":[{"embeddable":true,"href":"https:\/\/elinformanteperu.com\/index.php\/wp-json\/wp\/v2\/comments?post=132330"}],"version-history":[{"count":1,"href":"https:\/\/elinformanteperu.com\/index.php\/wp-json\/wp\/v2\/posts\/132330\/revisions"}],"predecessor-version":[{"id":132332,"href":"https:\/\/elinformanteperu.com\/index.php\/wp-json\/wp\/v2\/posts\/132330\/revisions\/132332"}],"wp:featuredmedia":[{"embeddable":true,"href":"https:\/\/elinformanteperu.com\/index.php\/wp-json\/wp\/v2\/media\/132331"}],"wp:attachment":[{"href":"https:\/\/elinformanteperu.com\/index.php\/wp-json\/wp\/v2\/media?parent=132330"}],"wp:term":[{"taxonomy":"category","embeddable":true,"href":"https:\/\/elinformanteperu.com\/index.php\/wp-json\/wp\/v2\/categories?post=132330"},{"taxonomy":"post_tag","embeddable":true,"href":"https:\/\/elinformanteperu.com\/index.php\/wp-json\/wp\/v2\/tags?post=132330"}],"curies":[{"name":"wp","href":"https:\/\/api.w.org\/{rel}","templated":true}]}}