{"id":132213,"date":"2025-01-02T23:45:23","date_gmt":"2025-01-03T04:45:23","guid":{"rendered":"https:\/\/elinformanteperu.com\/?p=132213"},"modified":"2025-01-02T23:45:23","modified_gmt":"2025-01-03T04:45:23","slug":"salhuana-anuncia-reorganizacion-de-direccion-general-de-administracion-del-congreso","status":"publish","type":"post","link":"https:\/\/elinformanteperu.com\/index.php\/2025\/01\/02\/salhuana-anuncia-reorganizacion-de-direccion-general-de-administracion-del-congreso\/","title":{"rendered":"Salhuana anuncia reorganizaci\u00f3n de Direcci\u00f3n General de Administraci\u00f3n del Congreso"},"content":{"rendered":"<p><strong><span style=\"color: #000000;\">Tambi\u00e9n contrataci\u00f3n de \u00c1ngel Delgado como jefe de la Oficina Legal y Constitucional<\/span><\/strong><\/p>\n<p><span style=\"color: #000000;\"><strong>Lima, 2 de enero 2025, (ANDINA).-<\/strong> El presidente del Congreso de la Rep\u00fablica, Eduardo Salhuana, anunci\u00f3 la reorganizaci\u00f3n de la Direcci\u00f3n General de Administraci\u00f3n del Parlamento, as\u00ed como la designaci\u00f3n del abogado \u00c1ngel Delgado Silva como jefe de la Oficina Legal y Constitucional del Poder Legislativo.<\/span><\/p>\n<p><span style=\"color: #000000;\">Salhuana hizo estos anuncios en conferencia de prensa convocada para responder sobre la existencia de una presunta red de prostituci\u00f3n dentro del Parlamento.<\/span><\/p>\n<p><span style=\"color: #000000;\">Respecto a la reorganizaci\u00f3n de la Direcci\u00f3n General de Administraci\u00f3n del Congreso de la Rep\u00fablica, indic\u00f3 que se evaluar\u00e1 al Director General de Administraci\u00f3n, as\u00ed como a los jefes de los departamentos de Log\u00edstica, Recursos Humanos, Finanzas, Tecnolog\u00edas de la Informaci\u00f3n y Servicios Generales.<\/span><\/p>\n<p><span style=\"color: #000000;\">\u00abEn los casos que se disponga la remoci\u00f3n de los titulares de las \u00e1reas que hemos se\u00f1alado, esto se har\u00e1 en coordinaci\u00f3n directa con los sindicatos del Congreso cuyos secretarios generales est\u00e1n aqu\u00ed presentes\u00bb, precis\u00f3 Salhuana.<\/span><\/p>\n<p><span style=\"color: #000000;\">Asimismo, indic\u00f3 que se est\u00e1 disponiendo la revisi\u00f3n y modificaci\u00f3n del reglamento y directiva del Congreso para establecer requisitos de ingreso y permanencia que garanticen la idoneidad y profesionalismo de su personal.<\/span><\/p>\n<p><span style=\"color: #000000;\">En esa misma l\u00ednea, refiri\u00f3, que se est\u00e1 disponiendo la revisi\u00f3n general de los legajos del personal del Poder Legislativo a fin de verificar la inexistencia de impedimentos para continuar laborando en la instituci\u00f3n, como antecedentes penales, judiciales o policiales, o figurar en el Registro de Deudores Alimentarios o Registro de Personas Inhabilitadas para laborar en el Estado y otros.<\/span><\/p>\n<p><span style=\"color: #000000;\">Adem\u00e1s, Salhuana inform\u00f3 que propondr\u00e1 a la Mesa Directiva del Congreso restituir el estatuto del servicio parlamentario que garantice el acceso y carrera de los trabajadores en base a meritocracia y profesionalismo.<\/span><\/p>\n<p><strong><span style=\"color: #000000;\">Oficial Mayor<\/span><\/strong><\/p>\n<p><span style=\"color: #000000;\">Sobre el pedido de congresistas de las bancadas de Podemos Per\u00fa, Renovaci\u00f3n Popular, Honor y Democracia, Bancada Socialista y Bloque Democr\u00e1tico Popular para el cese inmediato el oficial mayor Giovanni Forno por supuesta negligencia y falta de transparencia en su gesti\u00f3n, Salhuana dijo que la decisi\u00f3n la deber\u00e1 tomar la Mesa Directiva, la cual se reunir\u00e1 cuando todos los vicepresidentes se encuentren en Lima.<\/span><\/p>\n<p><span style=\"color: #000000;\">El presidente del Congreso rechaz\u00f3 que exista un entorpecimiento en las investigaciones sobre la presunta red de prostituci\u00f3n en el Parlamento y, por el contrario, asegur\u00f3 que se est\u00e1 colaborando con la Fiscal\u00eda para el esclarecimiento de los hechos.<\/span><\/p>\n<p><span style=\"color: #000000;\">\u00abLo que queremos precisar es que el Congreso no tiene nada que esconder, todos los actos son p\u00fablicos, es una de las pocas entidades que publica toda las acciones que realiza, todo esta colgado en el portal de Congreso\u00bb, subray\u00f3. <\/span><\/p>\n<p><span style=\"color: #000000;\">En la conferencia de prensa, el presidente del Poder Legislativo confirm\u00f3 su viaje oficial China del 5 al 10 de enero del presente.<\/span><\/p>\n<p><a href=\"https:\/\/elinformanteperu.com\/wp-content\/uploads\/2020\/04\/pleno-coronavirus.jpg\"><img fetchpriority=\"high\" decoding=\"async\" class=\"size-large wp-image-68200 aligncenter\" src=\"https:\/\/elinformanteperu.com\/wp-content\/uploads\/2020\/04\/pleno-coronavirus-1024x683.jpg\" alt=\"\" width=\"615\" height=\"410\" srcset=\"https:\/\/elinformanteperu.com\/wp-content\/uploads\/2020\/04\/pleno-coronavirus-1024x683.jpg 1024w, https:\/\/elinformanteperu.com\/wp-content\/uploads\/2020\/04\/pleno-coronavirus-300x200.jpg 300w, https:\/\/elinformanteperu.com\/wp-content\/uploads\/2020\/04\/pleno-coronavirus-768x512.jpg 768w, https:\/\/elinformanteperu.com\/wp-content\/uploads\/2020\/04\/pleno-coronavirus-1536x1024.jpg 1536w, https:\/\/elinformanteperu.com\/wp-content\/uploads\/2020\/04\/pleno-coronavirus-128x85.jpg 128w, https:\/\/elinformanteperu.com\/wp-content\/uploads\/2020\/04\/pleno-coronavirus-32x21.jpg 32w, https:\/\/elinformanteperu.com\/wp-content\/uploads\/2020\/04\/pleno-coronavirus.jpg 1800w\" sizes=\"(max-width: 615px) 100vw, 615px\" \/><\/a><\/p>\n","protected":false},"excerpt":{"rendered":"<p>Tambi\u00e9n contrataci\u00f3n de \u00c1ngel Delgado como jefe de la Oficina Legal y Constitucional Lima, 2 de enero 2025, (ANDINA).- El presidente del Congreso de la Rep\u00fablica, Eduardo Salhuana, anunci\u00f3 la reorganizaci\u00f3n de la Direcci\u00f3n General de Administraci\u00f3n del Parlamento, as\u00ed como la designaci\u00f3n del abogado \u00c1ngel Delgado Silva como jefe de la Oficina Legal y [&hellip;]<\/p>\n","protected":false},"author":1,"featured_media":132215,"comment_status":"closed","ping_status":"closed","sticky":false,"template":"","format":"standard","meta":{"rop_custom_images_group":[],"rop_custom_messages_group":[],"rop_publish_now":"initial","rop_publish_now_accounts":[],"rop_publish_now_history":[],"rop_publish_now_status":"pending","footnotes":""},"categories":[5,5745],"tags":[192,6768],"class_list":["post-132213","post","type-post","status-publish","format-standard","has-post-thumbnail","hentry","category-actualidad-informativa","category-lo-ultimo","tag-congreso","tag-eduardo-salhuana"],"_links":{"self":[{"href":"https:\/\/elinformanteperu.com\/index.php\/wp-json\/wp\/v2\/posts\/132213","targetHints":{"allow":["GET"]}}],"collection":[{"href":"https:\/\/elinformanteperu.com\/index.php\/wp-json\/wp\/v2\/posts"}],"about":[{"href":"https:\/\/elinformanteperu.com\/index.php\/wp-json\/wp\/v2\/types\/post"}],"author":[{"embeddable":true,"href":"https:\/\/elinformanteperu.com\/index.php\/wp-json\/wp\/v2\/users\/1"}],"replies":[{"embeddable":true,"href":"https:\/\/elinformanteperu.com\/index.php\/wp-json\/wp\/v2\/comments?post=132213"}],"version-history":[{"count":1,"href":"https:\/\/elinformanteperu.com\/index.php\/wp-json\/wp\/v2\/posts\/132213\/revisions"}],"predecessor-version":[{"id":132216,"href":"https:\/\/elinformanteperu.com\/index.php\/wp-json\/wp\/v2\/posts\/132213\/revisions\/132216"}],"wp:featuredmedia":[{"embeddable":true,"href":"https:\/\/elinformanteperu.com\/index.php\/wp-json\/wp\/v2\/media\/132215"}],"wp:attachment":[{"href":"https:\/\/elinformanteperu.com\/index.php\/wp-json\/wp\/v2\/media?parent=132213"}],"wp:term":[{"taxonomy":"category","embeddable":true,"href":"https:\/\/elinformanteperu.com\/index.php\/wp-json\/wp\/v2\/categories?post=132213"},{"taxonomy":"post_tag","embeddable":true,"href":"https:\/\/elinformanteperu.com\/index.php\/wp-json\/wp\/v2\/tags?post=132213"}],"curies":[{"name":"wp","href":"https:\/\/api.w.org\/{rel}","templated":true}]}}