{"id":132206,"date":"2025-01-02T23:28:37","date_gmt":"2025-01-03T04:28:37","guid":{"rendered":"https:\/\/elinformanteperu.com\/?p=132206"},"modified":"2025-01-02T23:28:37","modified_gmt":"2025-01-03T04:28:37","slug":"janet-tello-asume-presidencia-del-poder-judicial-para-periodo-2025-2026","status":"publish","type":"post","link":"https:\/\/elinformanteperu.com\/index.php\/2025\/01\/02\/janet-tello-asume-presidencia-del-poder-judicial-para-periodo-2025-2026\/","title":{"rendered":"Janet Tello asume presidencia del Poder Judicial para periodo 2025-2026"},"content":{"rendered":"<p><strong><span style=\"color: #000000;\">Magistrada suprema se\u00f1ala que liderar\u00e1 un Poder Judicial independiente, unido y justo<\/span><\/strong><\/p>\n<p><span style=\"color: #000000;\"><strong>Lima, 2 de enero 2025, (ANDINA).-<\/strong> La magistrada suprema, Janet Tello Gilardi, asumi\u00f3 la presidencia del Poder Judicial para el periodo 2025-2026 y asegur\u00f3 que ejercer\u00e1 sus funciones con el objetivo de liderar una instituci\u00f3n independiente, fortalecida, unida y justa, que responda eficazmente a las crecientes demandas de justicia de los ciudadanos.<\/span><\/p>\n<p><span style=\"color: #000000;\">Con ese prop\u00f3sito, indic\u00f3 que su gesti\u00f3n se centrar\u00e1 en cuatro ejes: fortalecimiento del liderazgo del Poder Judicial bajo el esquema de la equivalencia constitucional y separaci\u00f3n de poderes; mejorar la gesti\u00f3n jurisdiccional y de los servicios judiciales a nivel nacional; seguir bregando por la autonom\u00eda presupuestaria y garantizar el derecho a la justicia para todos en condiciones de igualdad, sin discriminaci\u00f3n.<\/span><\/p>\n<p><span style=\"color: #000000;\">\u201cEn el pa\u00eds no hay una prelaci\u00f3n, un primer poder, segundo poder o tercer poder. El poder judicial no es el tercero, hay una relaci\u00f3n de pares. El poder del Estado es uno\u201d, se\u00f1al\u00f3 en referencia al primer eje estrat\u00e9gico de su gesti\u00f3n.<\/span><\/p>\n<p><span style=\"color: #000000;\">Sostuvo adem\u00e1s que asume sus funciones en un texto de grandes desaf\u00edos que demanda de una respuesta inmediata y decidida de las autoridades, como la desconfianza en las instituciones democr\u00e1ticas que no s\u00f3lo afecta al Poder Judicial sino a todo el Estado; la percepci\u00f3n negativa de la ciudadan\u00eda, que refleja un sentimiento generalizado de insatisfacci\u00f3n, y la inseguridad ciudadana y la corrupci\u00f3n.<\/span><\/p>\n<p><span style=\"color: #000000;\">\u201cEs necesario, por tanto, reconocer una corresponsabilidad que no es repartir culpas sino asumir un compromiso colectivo para revertir esta situaci\u00f3n. La reconstrucci\u00f3n de la confianza requiere un esfuerzo sostenido basado en el di\u00e1logo, la transparencia y la acci\u00f3n conjunta entre los poderes del Estado y la sociedad\u201d, precis\u00f3.<\/span><\/p>\n<p><span style=\"color: #000000;\">Sostuvo adem\u00e1s que los procesos judiciales demasiado largos hacen ver que las decisiones judiciales carecen de efectividad y transparencia y no permiten ver resultados importantes del Poder Judicial como las m\u00e1s de 500 sentencias ejemplares contra violadores de ni\u00f1os, ni\u00f1as y adolescentes a quienes se impuso la pena de cadena perpetuo, contra feminicidas y sicarios entre los a\u00f1os 2019 y 2023.<\/span><\/p>\n<p><span style=\"color: #000000;\">Esas cifras, seg\u00fan dijo, reflejan el esfuerzo constante y decidido del Poder Judicial para garantizar justicia, proteger a las v\u00edctimas y enviar un mensaje claro de que el sistema de justicia est\u00e1 comprometido con la lucha contra la impunidad, a pesar de las limitaciones estructurales y la percepci\u00f3n negativa.<\/span><\/p>\n<p><a href=\"https:\/\/elinformanteperu.com\/wp-content\/uploads\/2025\/01\/janet-tello-pj1.jpg\"><img fetchpriority=\"high\" decoding=\"async\" class=\"size-full wp-image-132208 aligncenter\" src=\"https:\/\/elinformanteperu.com\/wp-content\/uploads\/2025\/01\/janet-tello-pj1.jpg\" alt=\"\" width=\"500\" height=\"333\" srcset=\"https:\/\/elinformanteperu.com\/wp-content\/uploads\/2025\/01\/janet-tello-pj1.jpg 500w, https:\/\/elinformanteperu.com\/wp-content\/uploads\/2025\/01\/janet-tello-pj1-300x200.jpg 300w\" sizes=\"(max-width: 500px) 100vw, 500px\" \/><\/a><strong><span style=\"color: #000000;\">Unidades de flagrancia<\/span><\/strong><\/p>\n<p><span style=\"color: #000000;\">La presidenta del Poder Judicial, asimismo, dijo que en su gesti\u00f3n reforzar\u00e1 y redise\u00f1ar las unidades de flagrancia, ampliando su n\u00famero y sus competencias en todo el pa\u00eds para abarcar, por ejemplo, los casos de feminicidio y las diversas formas de violencia de g\u00e9nero.<\/span><\/p>\n<p><span style=\"color: #000000;\">Tambi\u00e9n que fortalecer\u00e1 el Sistema Nacional Especializado de Justicia, implementando los m\u00f3dulos de lucha contra la violencia hacia las mujeres y dem\u00e1s integrantes del n\u00facleo familiar, la Unidad de Integridad Judicial y que repotenciar\u00e1 la Oficina Nacional de Justicia de Paz y la Justicia Ind\u00edgena.<\/span><\/p>\n<p><span style=\"color: #000000;\">Mencion\u00f3 adem\u00e1s que impulsar\u00e1 el enfoque de derechos humanos e intercultural en los servicios de justicia y la modernizaci\u00f3n de la administraci\u00f3n de justicia con la continuidad del Expediente Judicial Electr\u00f3nico, que se implementa con recursos propios de la instituci\u00f3n.<\/span><\/p>\n<p><span style=\"color: #000000;\">Anunci\u00f3 adem\u00e1s que continuar\u00e1 con la implementaci\u00f3n de la Inteligencia Artificial para optimizar los procesos judiciales, las aplicaciones inform\u00e1ticas y las tecnolog\u00edas emergentes, asegurando que Poder Judicial se mantenga a la vanguardia de los avances tecnol\u00f3gicos y que la justicia llegue de manera efectiva a todos.<\/span><\/p>\n<p><span style=\"color: #000000;\">En cuanto a la carga judicial, dijo que realizar\u00e1 una evaluaci\u00f3n exhaustiva con el fin de encontrar las f\u00f3rmulas para reducirla y que se seguir\u00e1 impulsando mecanismos jur\u00eddicos innovadores como la motivaci\u00f3n en serie en procesos que comparten caracter\u00edsticas comunes.<\/span><\/p>\n<p><span style=\"color: #000000;\">Dijo adem\u00e1s que presidir\u00e1 la comisi\u00f3n anunciada por la Sala Suprema para la revisi\u00f3n de las recientes normas que involucran la administraci\u00f3n de justicia, la misma que estar\u00e1 conformada por los jueces supremos C\u00e9sar San Mart\u00edn, V\u00edctor Prado Saldarriaga y Elvia Barrios.<\/span><\/p>\n<p><span style=\"color: #000000;\">Janet Tello se refiri\u00f3 tambi\u00e9n a los cuestionamientos que hacen referencia a una supuesta politizaci\u00f3n de la justicia y judicializaci\u00f3n de la pol\u00edtica, frente a lo cual hizo un llamado a la unidad de jueces y jueza a fin de cerrar el paso a cualquier pretensi\u00f3n de instrumentalizaci\u00f3n de la justicia con fines pol\u00edticos.<\/span><\/p>\n<p><span style=\"color: #000000;\">\u201cNadie debe poner un pie en el Poder Judicial que no sea para alcanzar justicia dentro de sus procesos o para dialogar sobre cualquier tema que ata\u00f1e a la mejora de la administraci\u00f3n de Justicia, haremos respetar la independencia del Poder Judicial en el plano objetivo y visible de la pol\u00edtica y pondremos a descubierto cualquier relaci\u00f3n indebida que distorsione la funci\u00f3n jurisdiccional\u201d, asever\u00f3.<\/span><\/p>\n","protected":false},"excerpt":{"rendered":"<p>Magistrada suprema se\u00f1ala que liderar\u00e1 un Poder Judicial independiente, unido y justo Lima, 2 de enero 2025, (ANDINA).- La magistrada suprema, Janet Tello Gilardi, asumi\u00f3 la presidencia del Poder Judicial para el periodo 2025-2026 y asegur\u00f3 que ejercer\u00e1 sus funciones con el objetivo de liderar una instituci\u00f3n independiente, fortalecida, unida y justa, que responda eficazmente [&hellip;]<\/p>\n","protected":false},"author":1,"featured_media":132207,"comment_status":"closed","ping_status":"closed","sticky":false,"template":"","format":"standard","meta":{"rop_custom_images_group":[],"rop_custom_messages_group":[],"rop_publish_now":"initial","rop_publish_now_accounts":[],"rop_publish_now_history":[],"rop_publish_now_status":"pending","footnotes":""},"categories":[5],"tags":[8076,163],"class_list":["post-132206","post","type-post","status-publish","format-standard","has-post-thumbnail","hentry","category-actualidad-informativa","tag-janet-tello","tag-poder-judicial"],"_links":{"self":[{"href":"https:\/\/elinformanteperu.com\/index.php\/wp-json\/wp\/v2\/posts\/132206","targetHints":{"allow":["GET"]}}],"collection":[{"href":"https:\/\/elinformanteperu.com\/index.php\/wp-json\/wp\/v2\/posts"}],"about":[{"href":"https:\/\/elinformanteperu.com\/index.php\/wp-json\/wp\/v2\/types\/post"}],"author":[{"embeddable":true,"href":"https:\/\/elinformanteperu.com\/index.php\/wp-json\/wp\/v2\/users\/1"}],"replies":[{"embeddable":true,"href":"https:\/\/elinformanteperu.com\/index.php\/wp-json\/wp\/v2\/comments?post=132206"}],"version-history":[{"count":1,"href":"https:\/\/elinformanteperu.com\/index.php\/wp-json\/wp\/v2\/posts\/132206\/revisions"}],"predecessor-version":[{"id":132209,"href":"https:\/\/elinformanteperu.com\/index.php\/wp-json\/wp\/v2\/posts\/132206\/revisions\/132209"}],"wp:featuredmedia":[{"embeddable":true,"href":"https:\/\/elinformanteperu.com\/index.php\/wp-json\/wp\/v2\/media\/132207"}],"wp:attachment":[{"href":"https:\/\/elinformanteperu.com\/index.php\/wp-json\/wp\/v2\/media?parent=132206"}],"wp:term":[{"taxonomy":"category","embeddable":true,"href":"https:\/\/elinformanteperu.com\/index.php\/wp-json\/wp\/v2\/categories?post=132206"},{"taxonomy":"post_tag","embeddable":true,"href":"https:\/\/elinformanteperu.com\/index.php\/wp-json\/wp\/v2\/tags?post=132206"}],"curies":[{"name":"wp","href":"https:\/\/api.w.org\/{rel}","templated":true}]}}