{"id":132098,"date":"2025-01-02T19:46:17","date_gmt":"2025-01-03T00:46:17","guid":{"rendered":"https:\/\/elinformanteperu.com\/?p=132098"},"modified":"2025-01-02T19:46:17","modified_gmt":"2025-01-03T00:46:17","slug":"hugo-sotil-recibio-el-ultimo-homenaje-de-alianza-lima-en-estadio-alejandro-villanueva","status":"publish","type":"post","link":"https:\/\/elinformanteperu.com\/index.php\/2025\/01\/02\/hugo-sotil-recibio-el-ultimo-homenaje-de-alianza-lima-en-estadio-alejandro-villanueva\/","title":{"rendered":"Hugo Sotil recibi\u00f3 el \u00faltimo homenaje de Alianza Lima en estadio Alejandro Villanueva"},"content":{"rendered":"<p><span style=\"color: #000000;\"><strong>Lima, 2 de enero 2025, (ANDINA).-<\/strong> El club Alianza Lima realiz\u00f3 el \u00faltimo homenaje al delantero y leyenda del equipo victoriano, Hugo Sotil Yer\u00e9n, fallecido en la madrugada del pasado lunes 30 de diciembre de 2024, en el hospital Dos de Mayo.<\/span><\/p>\n<p><span style=\"color: #000000;\">Como se recuerda, las puertas del estadio ubicado en el distrito de La Victoria se abrieron a los hinchas desde ayer por la ma\u00f1ana, con la finalidad de despedirse del \u00eddolo, campe\u00f3n con el club de sus amores en las temporadas 1977 y 1978.<\/span><\/p>\n<p><span style=\"color: #000000;\">Antes de partir a su \u00faltima morada, el ata\u00fad del delantero que tambi\u00e9n defendi\u00f3 con \u00e9xito al Barcelona de Espa\u00f1a, fue llevado por sus amigos m\u00e1s cercanos para ingresarlo dentro de un arco, simbolizando su \u00faltimo gol en el estadio que lo vio brillar.<\/span><\/p>\n<p><span style=\"color: #000000;\">Posteriormente, fue transportado hacia su vivienda, ubicada en el distrito de San Luis, donde tambi\u00e9n recibi\u00f3 el homenaje de sus vecinos y las personas que lo conoc\u00edan y que recordaron con mucho cari\u00f1o.<\/span><\/p>\n<p><span style=\"color: #000000;\">Luego, los restos del futbolista fueron trasladados al Campo Santo de Huachipa, para ser sepultado luego de una misa desarrollada con la presencia de sus familiares, amigos cercanos e hinchas de su juego.<\/span><\/p>\n<p><a href=\"https:\/\/elinformanteperu.com\/wp-content\/uploads\/2025\/01\/sotil-sepelio1.jpg\"><img fetchpriority=\"high\" decoding=\"async\" class=\"size-full wp-image-132100 alignnone\" src=\"https:\/\/elinformanteperu.com\/wp-content\/uploads\/2025\/01\/sotil-sepelio1.jpg\" alt=\"\" width=\"500\" height=\"333\" srcset=\"https:\/\/elinformanteperu.com\/wp-content\/uploads\/2025\/01\/sotil-sepelio1.jpg 500w, https:\/\/elinformanteperu.com\/wp-content\/uploads\/2025\/01\/sotil-sepelio1-300x200.jpg 300w\" sizes=\"(max-width: 500px) 100vw, 500px\" \/><\/a><strong><span style=\"color: #000000;\">Promesa cumplida<\/span><\/strong><\/p>\n<p><span style=\"color: #000000;\">Una de las personas que m\u00e1s record\u00f3 a Hugo Sotil y estuvo en el Estadio Alejandro Villanueva despidi\u00e9ndolo, fue su amigo y tambi\u00e9n exjugador del equipo de La Victoria, el delantero Eladio Reyes.<\/span><\/p>\n<p><span style=\"color: #000000;\">\u00abNosotros fuimos amigos de infancia estuvimos ac\u00e1 cuando Alianza Lima no ten\u00eda estadio, hemos recorrido La Victoria, desde los 11 a 12 a\u00f1os, he venido especialmente ayer de Estados Unidos para despedirme y luego ya de dos d\u00edas me regreso, porque tenemos una amistad de infancia que es lo mas importante que hemos tenido\u00bb, dijo a la Agencia Andina.<\/span><\/p>\n<p><span style=\"color: #000000;\">Asimismo, destac\u00f3 que Hugo Sotil era una persona muy distinta fuera del campo de juego, donde no exhib\u00eda la misma espontaneidad que trasladaba a su juego y los \u00e9xitos con los clubes que defendi\u00f3.<\/span><\/p>\n<p><span style=\"color: #000000;\">\u00abSiempre ha sido callado, era un tipo medio introvertido, pero cuando sal\u00eda a la cancha era otro, un genio que hab\u00eda nacido en el Per\u00fa, fue un jugador muy h\u00e1bil\u00bb, asegur\u00f3.<\/span><\/p>\n<p><span style=\"color: #000000;\">Adem\u00e1s, record\u00f3 tambi\u00e9n aquella vez que Alianza Lima visit\u00f3 Espa\u00f1a para jugar el Torneo Gamper con el Barcelona y todo el estadio ib\u00e9rico ovacion\u00f3 al delantero peruano.<\/span><\/p>\n<p><span style=\"color: #000000;\">\u00ab\u00c9l jug\u00f3 un partido que nunca hab\u00eda visto el Barcelona y el estadio sac\u00f3 pa\u00f1uelos blancos, me qued\u00e9 admirado de eso que todo un estadio le saque pa\u00f1uelo a un peruano, es una an\u00e9cdota que siempre la recuerdo\u00bb, agreg\u00f3.<\/span><\/p>\n<p><a href=\"https:\/\/elinformanteperu.com\/wp-content\/uploads\/2025\/01\/sotil-sepelio2.jpg\"><img decoding=\"async\" class=\"size-full wp-image-132101 aligncenter\" src=\"https:\/\/elinformanteperu.com\/wp-content\/uploads\/2025\/01\/sotil-sepelio2.jpg\" alt=\"\" width=\"500\" height=\"333\" srcset=\"https:\/\/elinformanteperu.com\/wp-content\/uploads\/2025\/01\/sotil-sepelio2.jpg 500w, https:\/\/elinformanteperu.com\/wp-content\/uploads\/2025\/01\/sotil-sepelio2-300x200.jpg 300w\" sizes=\"(max-width: 500px) 100vw, 500px\" \/><\/a><\/p>\n","protected":false},"excerpt":{"rendered":"<p>Lima, 2 de enero 2025, (ANDINA).- El club Alianza Lima realiz\u00f3 el \u00faltimo homenaje al delantero y leyenda del equipo victoriano, Hugo Sotil Yer\u00e9n, fallecido en la madrugada del pasado lunes 30 de diciembre de 2024, en el hospital Dos de Mayo. Como se recuerda, las puertas del estadio ubicado en el distrito de La [&hellip;]<\/p>\n","protected":false},"author":1,"featured_media":132099,"comment_status":"closed","ping_status":"closed","sticky":false,"template":"","format":"standard","meta":{"rop_custom_images_group":[],"rop_custom_messages_group":[],"rop_publish_now":"initial","rop_publish_now_accounts":[],"rop_publish_now_history":[],"rop_publish_now_status":"pending","footnotes":""},"categories":[8],"tags":[483],"class_list":["post-132098","post","type-post","status-publish","format-standard","has-post-thumbnail","hentry","category-disciplinas-deportivas","tag-hugo-sotil"],"_links":{"self":[{"href":"https:\/\/elinformanteperu.com\/index.php\/wp-json\/wp\/v2\/posts\/132098","targetHints":{"allow":["GET"]}}],"collection":[{"href":"https:\/\/elinformanteperu.com\/index.php\/wp-json\/wp\/v2\/posts"}],"about":[{"href":"https:\/\/elinformanteperu.com\/index.php\/wp-json\/wp\/v2\/types\/post"}],"author":[{"embeddable":true,"href":"https:\/\/elinformanteperu.com\/index.php\/wp-json\/wp\/v2\/users\/1"}],"replies":[{"embeddable":true,"href":"https:\/\/elinformanteperu.com\/index.php\/wp-json\/wp\/v2\/comments?post=132098"}],"version-history":[{"count":1,"href":"https:\/\/elinformanteperu.com\/index.php\/wp-json\/wp\/v2\/posts\/132098\/revisions"}],"predecessor-version":[{"id":132102,"href":"https:\/\/elinformanteperu.com\/index.php\/wp-json\/wp\/v2\/posts\/132098\/revisions\/132102"}],"wp:featuredmedia":[{"embeddable":true,"href":"https:\/\/elinformanteperu.com\/index.php\/wp-json\/wp\/v2\/media\/132099"}],"wp:attachment":[{"href":"https:\/\/elinformanteperu.com\/index.php\/wp-json\/wp\/v2\/media?parent=132098"}],"wp:term":[{"taxonomy":"category","embeddable":true,"href":"https:\/\/elinformanteperu.com\/index.php\/wp-json\/wp\/v2\/categories?post=132098"},{"taxonomy":"post_tag","embeddable":true,"href":"https:\/\/elinformanteperu.com\/index.php\/wp-json\/wp\/v2\/tags?post=132098"}],"curies":[{"name":"wp","href":"https:\/\/api.w.org\/{rel}","templated":true}]}}