{"id":131852,"date":"2024-12-28T00:05:01","date_gmt":"2024-12-28T05:05:01","guid":{"rendered":"https:\/\/elinformanteperu.com\/?p=131852"},"modified":"2024-12-28T00:05:01","modified_gmt":"2024-12-28T05:05:01","slug":"cristiano-ronaldo-vinicius-se-merecia-el-balon-de-oro","status":"publish","type":"post","link":"https:\/\/elinformanteperu.com\/index.php\/2024\/12\/28\/cristiano-ronaldo-vinicius-se-merecia-el-balon-de-oro\/","title":{"rendered":"Cristiano Ronaldo: \u00abVinicius se merec\u00eda el Bal\u00f3n de Oro\u00bb"},"content":{"rendered":"<p><strong><span style=\"color: #000000;\">Adem\u00e1s, el \u00b4Bicho\u00b4 manifest\u00f3 que en Francia el \u00fanico buen equipo es el PSG y que el resto no cuenta.<\/span><\/strong><\/p>\n<p><span style=\"color: #000000;\"><strong>Lima, 27 Diciembre 2024, (ANDINA).-<\/strong> El delantero portugu\u00e9s Cristiano Ronaldo dijo, durante la gala de entrega de los premios Globe Soccer en Dubai, que el brasile\u00f1o del Real Madrid Vinicius Jr \u00abse merec\u00eda el Bal\u00f3n de Oro\u00bb.<\/span><\/p>\n<p><span style=\"color: #000000;\">\u00abVinicius se merec\u00eda el Bal\u00f3n de Oro. Gan\u00f3 la &#8216;Champions&#8217; y el desempe\u00f1o que tuvo en la final fue muy bueno. Por eso creo m\u00e1s en estos premios\u00bb, dijo al referirse a los Globe Soccer Awards, en los que fue premiado como el mejor jugador de Oriente Medio y el m\u00e1ximo goleador de la historia.<\/span><\/p>\n<p><span style=\"color: #000000;\">El brasile\u00f1o del Real Madrid no pudo ganar el Bal\u00f3n de Oro, que fue para el espa\u00f1ol Rodri Hern\u00e1ndez, pero se resarci\u00f3 al ser reconocido en los premios The Best de la FIFA y, este viernes, en los Globe Soccer Awards.<\/span><\/p>\n<p><span style=\"color: #000000;\">Adem\u00e1s, Cristiano Ronaldo se mostr\u00f3 agradecido con los premios recibidos este viernes en Dubai: \u00abEs un placer estar aqu\u00ed. Es muy distinto a los otros. Es un placer estar en esta gala. Significa mucho. Muchas generaciones. Esto me motiva para seguir marcando goles y ser mejor. Gracias a mi familia por apoyarme todo el tiempo para seguir jugando. Voy a continuar porque quiero seguir marcando goles y ganar cosas para mi club y mi selecci\u00f3n\u00bb.<\/span><\/p>\n<p><span style=\"color: #000000;\">\u00abMe gustar\u00eda ser campeones este a\u00f1o de la liga porque en todas las ligas en las que estuve las he ganado\u00bb, declar\u00f3 el luso, ahora en las filas del Al Nassr saud\u00ed.<\/span><\/p>\n<p><span style=\"color: #000000;\">Una liga, la saud\u00ed, que para Cristiano Ronaldo est\u00e1 entre las mejores y supera incluso a una europea: \u00abEs mejor que la Ligue 1 (francesa), sin duda. No lo digo porque juegue all\u00ed. No me importa lo que piense la gente, pero deber\u00edan ir all\u00ed, jugar para verlo y correr a 40 grados\u00bb.<\/span><\/p>\n<p><span style=\"color: #000000;\">Seg\u00fan declar\u00f3 el portugu\u00e9s \u00aben Francia todo es el PSG; el resto no vale nada&#8230; Son los mejores y eso es un hecho. Ya lo he dicho antes: no entiendo por qu\u00e9 la gente est\u00e1 tan sorprendida\u00bb.<\/span><\/p>\n<blockquote class=\"twitter-tweet\" data-media-max-width=\"560\">\n<p dir=\"ltr\" lang=\"es\">\ud83d\udde3\ufe0f Cristiano Ronaldo: \u00abVIN\u00cdCIUS MERECI\u00d3 EL BAL\u00d3N DE ORO, LO DIGO AQU\u00cd DELANTE DE TODO EL MUNDO.\u00bb<\/p>\n<p>GOAT\ud83d\udc4f\ud83c\udffb\ud83d\udc4f\ud83c\udffb\ud83d\udc4f\ud83c\udffb <a href=\"https:\/\/t.co\/BIcGmYEQzw\">pic.twitter.com\/BIcGmYEQzw<\/a><\/p>\n<p>\u2014 REAL MADRID FANS \ud83e\udd0d (@AdriRM33) <a href=\"https:\/\/twitter.com\/AdriRM33\/status\/1872694502399590778?ref_src=twsrc%5Etfw\">December 27, 2024<\/a><\/p><\/blockquote>\n<p><script async src=\"https:\/\/platform.twitter.com\/widgets.js\" charset=\"utf-8\"><\/script><\/p>\n","protected":false},"excerpt":{"rendered":"<p>Adem\u00e1s, el \u00b4Bicho\u00b4 manifest\u00f3 que en Francia el \u00fanico buen equipo es el PSG y que el resto no cuenta. Lima, 27 Diciembre 2024, (ANDINA).- El delantero portugu\u00e9s Cristiano Ronaldo dijo, durante la gala de entrega de los premios Globe Soccer en Dubai, que el brasile\u00f1o del Real Madrid Vinicius Jr \u00abse merec\u00eda el Bal\u00f3n [&hellip;]<\/p>\n","protected":false},"author":1,"featured_media":131853,"comment_status":"closed","ping_status":"closed","sticky":false,"template":"","format":"standard","meta":{"rop_custom_images_group":[],"rop_custom_messages_group":[],"rop_publish_now":"initial","rop_publish_now_accounts":[],"rop_publish_now_history":[],"rop_publish_now_status":"pending","footnotes":""},"categories":[8],"tags":[234],"class_list":["post-131852","post","type-post","status-publish","format-standard","has-post-thumbnail","hentry","category-disciplinas-deportivas","tag-cristiano-ronaldo"],"_links":{"self":[{"href":"https:\/\/elinformanteperu.com\/index.php\/wp-json\/wp\/v2\/posts\/131852","targetHints":{"allow":["GET"]}}],"collection":[{"href":"https:\/\/elinformanteperu.com\/index.php\/wp-json\/wp\/v2\/posts"}],"about":[{"href":"https:\/\/elinformanteperu.com\/index.php\/wp-json\/wp\/v2\/types\/post"}],"author":[{"embeddable":true,"href":"https:\/\/elinformanteperu.com\/index.php\/wp-json\/wp\/v2\/users\/1"}],"replies":[{"embeddable":true,"href":"https:\/\/elinformanteperu.com\/index.php\/wp-json\/wp\/v2\/comments?post=131852"}],"version-history":[{"count":1,"href":"https:\/\/elinformanteperu.com\/index.php\/wp-json\/wp\/v2\/posts\/131852\/revisions"}],"predecessor-version":[{"id":131854,"href":"https:\/\/elinformanteperu.com\/index.php\/wp-json\/wp\/v2\/posts\/131852\/revisions\/131854"}],"wp:featuredmedia":[{"embeddable":true,"href":"https:\/\/elinformanteperu.com\/index.php\/wp-json\/wp\/v2\/media\/131853"}],"wp:attachment":[{"href":"https:\/\/elinformanteperu.com\/index.php\/wp-json\/wp\/v2\/media?parent=131852"}],"wp:term":[{"taxonomy":"category","embeddable":true,"href":"https:\/\/elinformanteperu.com\/index.php\/wp-json\/wp\/v2\/categories?post=131852"},{"taxonomy":"post_tag","embeddable":true,"href":"https:\/\/elinformanteperu.com\/index.php\/wp-json\/wp\/v2\/tags?post=131852"}],"curies":[{"name":"wp","href":"https:\/\/api.w.org\/{rel}","templated":true}]}}