{"id":131849,"date":"2024-12-27T23:48:40","date_gmt":"2024-12-28T04:48:40","guid":{"rendered":"https:\/\/elinformanteperu.com\/?p=131849"},"modified":"2024-12-27T23:48:40","modified_gmt":"2024-12-28T04:48:40","slug":"juan-pablo-freytes-deja-alianza-lima-y-es-nuevo-jugador-de-fluminense-de-brasil","status":"publish","type":"post","link":"https:\/\/elinformanteperu.com\/index.php\/2024\/12\/27\/juan-pablo-freytes-deja-alianza-lima-y-es-nuevo-jugador-de-fluminense-de-brasil\/","title":{"rendered":"Juan Pablo Freytes deja Alianza Lima y es nuevo jugador de Fluminense de Brasil"},"content":{"rendered":"<p><strong><span style=\"color: #000000;\">El zaguero fue pieza clave durante el presente a\u00f1o para el cuadro \u00b4Blanquiazul\u00b4.<\/span><\/strong><\/p>\n<p><span style=\"color: #000000;\"><strong>Lima, 27 Diciembre 2024, (ANDINA).-<\/strong> Alianza Lima ha cerrado una venta importante con el club brasilero Fluminense. El defensor argentino Juan Pablo Freytes, quien se uni\u00f3 al equipo en 2024, ha sido transferido al club carioca y se reencontrar\u00e1 con su compa\u00f1ero Kevin Serna.<\/span><\/p>\n<p><span style=\"color: #000000;\">Freytes lleg\u00f3 a Alianza Lima como pr\u00e9stamo desde Newell&#8217;s Old Boys, pero durante la temporada, el club peruano decidi\u00f3 adquirir su pase, firmando un contrato hasta 2027. Sin embargo, su tiempo en el club blanquiazul ha llegado a su fin tras concretarse la venta al equipo de Brasil.<\/span><\/p>\n<p><span style=\"color: #000000;\">El defensor de 24 a\u00f1os se asent\u00f3 r\u00e1pidamente como titular en Alianza Lima, siendo uno de los jugadores con m\u00e1s minutos en la temporada. Particip\u00f3 en todos los partidos de la fase de grupos de la Copa Libertadores y fue titular en 33 de 34 partidos en Liga 1.<\/span><\/p>\n<p><strong><span style=\"color: #000000;\">Detalles de la venta<\/span><\/strong><\/p>\n<p><span style=\"color: #000000;\">Aunque no se ha confirmado oficialmente, se ha filtrado en distintos medios que Fluminense pagar\u00e1 alrededor de 3.3 millones de d\u00f3lares por el pase de Freytes. Adem\u00e1s, seg\u00fan informa RPP, Alianza Lima retendr\u00e1 el 30% del pase, lo que le permitir\u00e1 recibir beneficios de una posible futura venta.<\/span><\/p>\n<p><span style=\"color: #000000;\">Esta venta representa un respiro econ\u00f3mico para el club, superando la cifra obtenida por la venta de Kevin Serna al mismo club brasile\u00f1o. Adem\u00e1s, la salida de Freytes libera un cupo extranjero, lo que podr\u00eda facilitar futuros fichajes, especialmente en la b\u00fasqueda de un lateral izquierdo.<\/span><\/p>\n<p><iframe title=\"YouTube video player\" src=\"https:\/\/www.youtube-nocookie.com\/embed\/1TwGNbWhTUs?si=ZRYRaSWEsoil4Tb6&amp;controls=0\" width=\"520\" height=\"315\" frameborder=\"0\" allowfullscreen=\"allowfullscreen\"><span data-mce-type=\"bookmark\" style=\"display: inline-block; width: 0px; overflow: hidden; line-height: 0;\" class=\"mce_SELRES_start\">\ufeff<\/span><\/iframe><\/p>\n","protected":false},"excerpt":{"rendered":"<p>El zaguero fue pieza clave durante el presente a\u00f1o para el cuadro \u00b4Blanquiazul\u00b4. Lima, 27 Diciembre 2024, (ANDINA).- Alianza Lima ha cerrado una venta importante con el club brasilero Fluminense. El defensor argentino Juan Pablo Freytes, quien se uni\u00f3 al equipo en 2024, ha sido transferido al club carioca y se reencontrar\u00e1 con su compa\u00f1ero [&hellip;]<\/p>\n","protected":false},"author":1,"featured_media":131850,"comment_status":"closed","ping_status":"closed","sticky":false,"template":"","format":"standard","meta":{"rop_custom_images_group":[],"rop_custom_messages_group":[],"rop_publish_now":"initial","rop_publish_now_accounts":[],"rop_publish_now_history":[],"rop_publish_now_status":"pending","footnotes":""},"categories":[8],"tags":[91,8097],"class_list":["post-131849","post","type-post","status-publish","format-standard","has-post-thumbnail","hentry","category-disciplinas-deportivas","tag-alianza-lima","tag-juan-pablo-freytes"],"_links":{"self":[{"href":"https:\/\/elinformanteperu.com\/index.php\/wp-json\/wp\/v2\/posts\/131849","targetHints":{"allow":["GET"]}}],"collection":[{"href":"https:\/\/elinformanteperu.com\/index.php\/wp-json\/wp\/v2\/posts"}],"about":[{"href":"https:\/\/elinformanteperu.com\/index.php\/wp-json\/wp\/v2\/types\/post"}],"author":[{"embeddable":true,"href":"https:\/\/elinformanteperu.com\/index.php\/wp-json\/wp\/v2\/users\/1"}],"replies":[{"embeddable":true,"href":"https:\/\/elinformanteperu.com\/index.php\/wp-json\/wp\/v2\/comments?post=131849"}],"version-history":[{"count":1,"href":"https:\/\/elinformanteperu.com\/index.php\/wp-json\/wp\/v2\/posts\/131849\/revisions"}],"predecessor-version":[{"id":131851,"href":"https:\/\/elinformanteperu.com\/index.php\/wp-json\/wp\/v2\/posts\/131849\/revisions\/131851"}],"wp:featuredmedia":[{"embeddable":true,"href":"https:\/\/elinformanteperu.com\/index.php\/wp-json\/wp\/v2\/media\/131850"}],"wp:attachment":[{"href":"https:\/\/elinformanteperu.com\/index.php\/wp-json\/wp\/v2\/media?parent=131849"}],"wp:term":[{"taxonomy":"category","embeddable":true,"href":"https:\/\/elinformanteperu.com\/index.php\/wp-json\/wp\/v2\/categories?post=131849"},{"taxonomy":"post_tag","embeddable":true,"href":"https:\/\/elinformanteperu.com\/index.php\/wp-json\/wp\/v2\/tags?post=131849"}],"curies":[{"name":"wp","href":"https:\/\/api.w.org\/{rel}","templated":true}]}}