{"id":131842,"date":"2024-12-27T23:28:47","date_gmt":"2024-12-28T04:28:47","guid":{"rendered":"https:\/\/elinformanteperu.com\/?p=131842"},"modified":"2024-12-27T23:28:47","modified_gmt":"2024-12-28T04:28:47","slug":"tema-cerrado-sunat-aclara-que-no-tomo-decision-alguna-para-remover-a-ferrari-en-la-u","status":"publish","type":"post","link":"https:\/\/elinformanteperu.com\/index.php\/2024\/12\/27\/tema-cerrado-sunat-aclara-que-no-tomo-decision-alguna-para-remover-a-ferrari-en-la-u\/","title":{"rendered":"Tema cerrado: Sunat aclara que no tom\u00f3 decisi\u00f3n alguna para remover a Ferrari en la \u00abU\u00bb"},"content":{"rendered":"<p><span style=\"color: #000000;\"><strong>Lima, 27 Diciembre 2024, (El Informante Per\u00fa).-<\/strong> La Superintendencia Nacional de Aduanas y de Administraci\u00f3n Tributaria (Sunat) se pronunci\u00f3 oficialmente sobre la situaci\u00f3n de Jean Ferrari en el club Universitario de Deportes.<\/span><\/p>\n<p><span style=\"color: #000000;\">A trav\u00e9s de un comunicado, Sunat aclar\u00f3 que no tom\u00f3 ninguna decisi\u00f3n respecto al exadministrador temporal del club, despejando dudas tras las declaraciones de Ferrari que levantaron pol\u00e9mica.<\/span><\/p>\n<p><span style=\"color: #000000;\">El comunicado tambi\u00e9n detall\u00f3 que el Plan de Viabilidad presentado por Universitario de Deportes fue aprobado el pasado 24 de diciembre, asegurando un mecanismo para cumplir con la deuda concursal del club.<\/span><\/p>\n<p><span style=\"color: #000000;\">Finalmente, la Sunat reafirma que todos sus funcionarios act\u00faan estrictamente dentro del marco de la ley, espec\u00edficamente seg\u00fan la Ley N.\u00ba 27444 \u2013 Ley del Procedimiento Administrativo General \u2013, y en apego a las normas de transparencia y legalidad.<\/span><\/p>\n<p><a href=\"https:\/\/elinformanteperu.com\/wp-content\/uploads\/2024\/12\/sunat-caso-jean-ferrari.jpg\"><img fetchpriority=\"high\" decoding=\"async\" class=\"size-full wp-image-131843 aligncenter\" src=\"https:\/\/elinformanteperu.com\/wp-content\/uploads\/2024\/12\/sunat-caso-jean-ferrari.jpg\" alt=\"\" width=\"528\" height=\"472\" srcset=\"https:\/\/elinformanteperu.com\/wp-content\/uploads\/2024\/12\/sunat-caso-jean-ferrari.jpg 528w, https:\/\/elinformanteperu.com\/wp-content\/uploads\/2024\/12\/sunat-caso-jean-ferrari-300x268.jpg 300w\" sizes=\"(max-width: 528px) 100vw, 528px\" \/><\/a><\/p>\n","protected":false},"excerpt":{"rendered":"<p>Lima, 27 Diciembre 2024, (El Informante Per\u00fa).- La Superintendencia Nacional de Aduanas y de Administraci\u00f3n Tributaria (Sunat) se pronunci\u00f3 oficialmente sobre la situaci\u00f3n de Jean Ferrari en el club Universitario de Deportes. A trav\u00e9s de un comunicado, Sunat aclar\u00f3 que no tom\u00f3 ninguna decisi\u00f3n respecto al exadministrador temporal del club, despejando dudas tras las declaraciones [&hellip;]<\/p>\n","protected":false},"author":1,"featured_media":119895,"comment_status":"closed","ping_status":"closed","sticky":false,"template":"","format":"standard","meta":{"rop_custom_images_group":[],"rop_custom_messages_group":[],"rop_publish_now":"initial","rop_publish_now_accounts":[],"rop_publish_now_history":[],"rop_publish_now_status":"pending","footnotes":""},"categories":[8],"tags":[4754,315,425,144],"class_list":["post-131842","post","type-post","status-publish","format-standard","has-post-thumbnail","hentry","category-disciplinas-deportivas","tag-jean-ferrari","tag-mef","tag-sunat","tag-universitario-de-deportes"],"_links":{"self":[{"href":"https:\/\/elinformanteperu.com\/index.php\/wp-json\/wp\/v2\/posts\/131842","targetHints":{"allow":["GET"]}}],"collection":[{"href":"https:\/\/elinformanteperu.com\/index.php\/wp-json\/wp\/v2\/posts"}],"about":[{"href":"https:\/\/elinformanteperu.com\/index.php\/wp-json\/wp\/v2\/types\/post"}],"author":[{"embeddable":true,"href":"https:\/\/elinformanteperu.com\/index.php\/wp-json\/wp\/v2\/users\/1"}],"replies":[{"embeddable":true,"href":"https:\/\/elinformanteperu.com\/index.php\/wp-json\/wp\/v2\/comments?post=131842"}],"version-history":[{"count":1,"href":"https:\/\/elinformanteperu.com\/index.php\/wp-json\/wp\/v2\/posts\/131842\/revisions"}],"predecessor-version":[{"id":131844,"href":"https:\/\/elinformanteperu.com\/index.php\/wp-json\/wp\/v2\/posts\/131842\/revisions\/131844"}],"wp:featuredmedia":[{"embeddable":true,"href":"https:\/\/elinformanteperu.com\/index.php\/wp-json\/wp\/v2\/media\/119895"}],"wp:attachment":[{"href":"https:\/\/elinformanteperu.com\/index.php\/wp-json\/wp\/v2\/media?parent=131842"}],"wp:term":[{"taxonomy":"category","embeddable":true,"href":"https:\/\/elinformanteperu.com\/index.php\/wp-json\/wp\/v2\/categories?post=131842"},{"taxonomy":"post_tag","embeddable":true,"href":"https:\/\/elinformanteperu.com\/index.php\/wp-json\/wp\/v2\/tags?post=131842"}],"curies":[{"name":"wp","href":"https:\/\/api.w.org\/{rel}","templated":true}]}}