{"id":131761,"date":"2024-12-26T21:29:12","date_gmt":"2024-12-27T02:29:12","guid":{"rendered":"https:\/\/elinformanteperu.com\/?p=131761"},"modified":"2024-12-26T21:29:12","modified_gmt":"2024-12-27T02:29:12","slug":"carlos-zambrano-se-pronuncia-ante-la-salida-de-fossati-de-la-seleccion-peruana","status":"publish","type":"post","link":"https:\/\/elinformanteperu.com\/index.php\/2024\/12\/26\/carlos-zambrano-se-pronuncia-ante-la-salida-de-fossati-de-la-seleccion-peruana\/","title":{"rendered":"Carlos Zambrano se pronuncia ante la salida de Fossati de la selecci\u00f3n peruana"},"content":{"rendered":"<p><strong><span style=\"color: #000000;\">El DT uruguayo dirigi\u00f3 13 partidos entre amistosos, Eliminatorias y Copa Am\u00e9rica.<\/span><\/strong><\/p>\n<p><span style=\"color: #000000;\"><strong>Lima, 26 Diciembre 2024, (ANDINA).-<\/strong> La incertidumbre reina en la selecci\u00f3n peruana tras un a\u00f1o marcado por resultados adversos que han dejado al equipo en una posici\u00f3n comprometida en las Eliminatorias. Ante esta situaci\u00f3n, Carlos Zambrano, capit\u00e1n del combinado nacional, alz\u00f3 la voz en medio de la pol\u00e9mica en la FPF.<\/span><\/p>\n<p><span style=\"color: #000000;\">El zaguero de Alianza Lima resalt\u00f3 las implicancias emocionales que trae consigo un cambio en el banquillo t\u00e9cnico. Seg\u00fan Zambrano, la relaci\u00f3n construida con Fossati a lo largo del \u00faltimo a\u00f1o hace que el proceso sea especialmente dif\u00edcil para el grupo.<\/span><\/p>\n<p><span style=\"color: #000000;\">\u00abUn cambio de entrenador es duro porque algunos mezclan sentimientos. Nos consideramos una familia. El \u2018profe\u2019 Jorge Fossati vino a hacer lo mejor posible pero lamentablemente el f\u00fatbol es de resultados y por eso es que se da el cambio de entrenador\u201d, manifest\u00f3 a El Diez.<\/span><\/p>\n<p><span style=\"color: #000000;\">Aunque la salida de Fossati no se ha confirmado, Zambrano la dio por hecha, compar\u00e1ndola con la situaci\u00f3n de Juan Reynoso. A pesar de los cambios, destac\u00f3 la importancia de que los jugadores experimentados lideren al equipo en este momento dif\u00edcil.<\/span><\/p>\n<p><a href=\"https:\/\/elinformanteperu.com\/wp-content\/uploads\/2024\/12\/fossati-dt-peru.jpg\"><img fetchpriority=\"high\" decoding=\"async\" class=\"size-large wp-image-131763 aligncenter\" src=\"https:\/\/elinformanteperu.com\/wp-content\/uploads\/2024\/12\/fossati-dt-peru-1024x682.jpg\" alt=\"\" width=\"615\" height=\"410\" srcset=\"https:\/\/elinformanteperu.com\/wp-content\/uploads\/2024\/12\/fossati-dt-peru-1024x682.jpg 1024w, https:\/\/elinformanteperu.com\/wp-content\/uploads\/2024\/12\/fossati-dt-peru-300x200.jpg 300w, https:\/\/elinformanteperu.com\/wp-content\/uploads\/2024\/12\/fossati-dt-peru-768x512.jpg 768w, https:\/\/elinformanteperu.com\/wp-content\/uploads\/2024\/12\/fossati-dt-peru-1536x1023.jpg 1536w, https:\/\/elinformanteperu.com\/wp-content\/uploads\/2024\/12\/fossati-dt-peru.jpg 1800w\" sizes=\"(max-width: 615px) 100vw, 615px\" \/><\/a><span style=\"color: #000000;\">\u201cEs una pena no respetar un proceso, pero nos pas\u00f3 con Juan Reynoso tambi\u00e9n. Nosotros igual tenemos que seguir poniendo la cara y el pecho para tratar de salir del fondo porque estamos muy complicados\u201d, agreg\u00f3.<\/span><\/p>\n<p><span style=\"color: #000000;\">Respecto al futuro del equipo, Zambrano evit\u00f3 mencionar posibles nombres para ocupar el puesto de director t\u00e9cnico, aunque admiti\u00f3 que las condiciones actuales complican la llegada de un entrenador extranjero.<\/span><\/p>\n<p><span style=\"color: #000000;\">\u201cEstamos en diciembre y en plenas fiestas. Hoy en d\u00eda, contratar a un entrenador extranjero va a ser dif\u00edcil porque solo quedan seis fechas y porque no hay muchas posibilidades como quisi\u00e9ramos\u201d, explic\u00f3.<\/span><\/p>\n<p><span style=\"color: #000000;\">La selecci\u00f3n peruana cierra el a\u00f1o en incertidumbre, mientras la FPF busca soluciones. Con el liderazgo de Zambrano, el equipo intentar\u00e1 reorientar su camino en 2025 y mantener las esperanzas de clasificaci\u00f3n al Mundial.<\/span><\/p>\n","protected":false},"excerpt":{"rendered":"<p>El DT uruguayo dirigi\u00f3 13 partidos entre amistosos, Eliminatorias y Copa Am\u00e9rica. Lima, 26 Diciembre 2024, (ANDINA).- La incertidumbre reina en la selecci\u00f3n peruana tras un a\u00f1o marcado por resultados adversos que han dejado al equipo en una posici\u00f3n comprometida en las Eliminatorias. Ante esta situaci\u00f3n, Carlos Zambrano, capit\u00e1n del combinado nacional, alz\u00f3 la voz [&hellip;]<\/p>\n","protected":false},"author":1,"featured_media":131762,"comment_status":"closed","ping_status":"closed","sticky":false,"template":"","format":"standard","meta":{"rop_custom_images_group":[],"rop_custom_messages_group":[],"rop_publish_now":"initial","rop_publish_now_accounts":[],"rop_publish_now_history":[],"rop_publish_now_status":"pending","footnotes":""},"categories":[8],"tags":[1885,7270],"class_list":["post-131761","post","type-post","status-publish","format-standard","has-post-thumbnail","hentry","category-disciplinas-deportivas","tag-carlos-zambrano","tag-jorge-fossati"],"_links":{"self":[{"href":"https:\/\/elinformanteperu.com\/index.php\/wp-json\/wp\/v2\/posts\/131761","targetHints":{"allow":["GET"]}}],"collection":[{"href":"https:\/\/elinformanteperu.com\/index.php\/wp-json\/wp\/v2\/posts"}],"about":[{"href":"https:\/\/elinformanteperu.com\/index.php\/wp-json\/wp\/v2\/types\/post"}],"author":[{"embeddable":true,"href":"https:\/\/elinformanteperu.com\/index.php\/wp-json\/wp\/v2\/users\/1"}],"replies":[{"embeddable":true,"href":"https:\/\/elinformanteperu.com\/index.php\/wp-json\/wp\/v2\/comments?post=131761"}],"version-history":[{"count":1,"href":"https:\/\/elinformanteperu.com\/index.php\/wp-json\/wp\/v2\/posts\/131761\/revisions"}],"predecessor-version":[{"id":131764,"href":"https:\/\/elinformanteperu.com\/index.php\/wp-json\/wp\/v2\/posts\/131761\/revisions\/131764"}],"wp:featuredmedia":[{"embeddable":true,"href":"https:\/\/elinformanteperu.com\/index.php\/wp-json\/wp\/v2\/media\/131762"}],"wp:attachment":[{"href":"https:\/\/elinformanteperu.com\/index.php\/wp-json\/wp\/v2\/media?parent=131761"}],"wp:term":[{"taxonomy":"category","embeddable":true,"href":"https:\/\/elinformanteperu.com\/index.php\/wp-json\/wp\/v2\/categories?post=131761"},{"taxonomy":"post_tag","embeddable":true,"href":"https:\/\/elinformanteperu.com\/index.php\/wp-json\/wp\/v2\/tags?post=131761"}],"curies":[{"name":"wp","href":"https:\/\/api.w.org\/{rel}","templated":true}]}}