{"id":131759,"date":"2024-12-26T21:19:28","date_gmt":"2024-12-27T02:19:28","guid":{"rendered":"https:\/\/elinformanteperu.com\/?p=131759"},"modified":"2024-12-26T21:19:28","modified_gmt":"2024-12-27T02:19:28","slug":"gareca-dio-a-conocer-a-los-responsables-de-su-salida-de-la-seleccion-peruana","status":"publish","type":"post","link":"https:\/\/elinformanteperu.com\/index.php\/2024\/12\/26\/gareca-dio-a-conocer-a-los-responsables-de-su-salida-de-la-seleccion-peruana\/","title":{"rendered":"Gareca dio a conocer a los responsables de su salida de la selecci\u00f3n peruana"},"content":{"rendered":"<p><strong><span style=\"color: #000000;\">El t\u00e9cnico argentino de 66 a\u00f1os asegur\u00f3 que quisieron darle otra direcci\u00f3n a la Blanquirroja<\/span><\/strong><\/p>\n<p><span style=\"color: #000000;\"><strong>Buenos Aires, 26 Diciembre 2024, (ANDINA).-<\/strong> La salida de Ricardo Gareca de la selecci\u00f3n peruana es un tema de que todav\u00eda se habla y ante ello el propio estratega argentino dio a conocer a los grandes responsables que impidieron su continuidad como son Agust\u00edn Lozano y Juan Carlos Oblitas, quienes buscaron un cambio.<\/span><\/p>\n<p><span style=\"color: #000000;\">El ahora entrenador de la selecci\u00f3n de Chile no se calla nada cuando se trata de evocar su recuerdos cuando estuvo al mando de la selecci\u00f3n peruana.<\/span><\/p>\n<p><span style=\"color: #000000;\">Sobre qu\u00e9 motivo a que decida no continuar en la Blanquirroja, Ricardo Gareca dijo que el presidente de la Federaci\u00f3n Peruana deF\u00fatbol (FPF), Agust\u00edn Lozano, y el director deportivo de la FPF, Juan Carlos Oblitas, buscaron darle otra direcci\u00f3n al manejo del equipo nacional.<\/span><\/p>\n<p><span style=\"color: #000000;\">\u00abLozano lo que busc\u00f3 fue un cambio, quer\u00eda ver otra cosa en la selecci\u00f3n, tanto \u00e9l como Juan Carlos quisieron ver otra cosa, en este caso, otro direccionamiento de lo que era la selecci\u00f3n\u00bb, dijo Gareca al programa Bajo Presi\u00f3n.<\/span><\/p>\n<p><span style=\"color: #000000;\">Agreg\u00f3: \u00abAparte de las condiciones, que no se presentara, que est\u00e9 mi hijo de por medio y no se le atienda, conjunto con mi abogado, es algo que en una relaci\u00f3n de confianza como la que hab\u00eda, directamente lo vi por terminado\u00bb, se\u00f1al\u00f3 el estratega argentino.<\/span><\/p>\n<p><span style=\"color: #000000;\">Despu\u00e9s de un breve paso por el Palmeiras brasile\u00f1o, Gareca se convirti\u00f3 en marzo de 2015 en seleccionador de Per\u00fa, en donde escribir\u00eda algunas de las p\u00e1ginas m\u00e1s c\u00e9lebres en la historia reciente del f\u00fatbol nacional.<\/span><\/p>\n<p><a href=\"https:\/\/elinformanteperu.com\/wp-content\/uploads\/2022\/07\/farfan-y-gareca.jpg\"><img fetchpriority=\"high\" decoding=\"async\" class=\"size-large wp-image-115925 aligncenter\" src=\"https:\/\/elinformanteperu.com\/wp-content\/uploads\/2022\/07\/farfan-y-gareca-1024x683.jpg\" alt=\"\" width=\"615\" height=\"410\" srcset=\"https:\/\/elinformanteperu.com\/wp-content\/uploads\/2022\/07\/farfan-y-gareca-1024x683.jpg 1024w, https:\/\/elinformanteperu.com\/wp-content\/uploads\/2022\/07\/farfan-y-gareca-300x200.jpg 300w, https:\/\/elinformanteperu.com\/wp-content\/uploads\/2022\/07\/farfan-y-gareca-768x512.jpg 768w, https:\/\/elinformanteperu.com\/wp-content\/uploads\/2022\/07\/farfan-y-gareca-1536x1024.jpg 1536w, https:\/\/elinformanteperu.com\/wp-content\/uploads\/2022\/07\/farfan-y-gareca.jpg 1800w\" sizes=\"(max-width: 615px) 100vw, 615px\" \/><\/a><strong><span style=\"color: #000000;\">Cambi\u00f3 la historia<\/span><\/strong><\/p>\n<p><span style=\"color: #000000;\">Entre ese a\u00f1o y el 2022, &#8216;el Tigre&#8217; dirigi\u00f3 a la &#8216;Blanquirroja&#8217; en 96 ocasiones, con un resultado de 41 victorias, 19 empates, 36 derrotas y un hito destacable: la clasificaci\u00f3n para el Mundial de Rusia de 2018, el primero que disputaba Per\u00fa en 36 a\u00f1os.<\/span><\/p>\n<p><span style=\"color: #000000;\">Su debut como seleccionador peruano no pudo haber sido m\u00e1s ilusionante, finalizando en tercera posici\u00f3n en la Copa Am\u00e9rica 2015, \u00e9xito que no pudo repetir en la Copa Am\u00e9rica Centenario del a\u00f1o siguiente, en la que Per\u00fa cay\u00f3 eliminada en cuartos de final frente a Colombia.<\/span><\/p>\n<p><span style=\"color: #000000;\">Tras el Mundial de Rusia 2018, en el que no pas\u00f3 de fase de grupos, el combinado dirigido por Gareca volvi\u00f3 a mostrar su mejor versi\u00f3n en la Copa Am\u00e9rica, consagr\u00e1ndose como subcampe\u00f3n en la edici\u00f3n de 2019 y como cuarto clasificado en la de 2021.<\/span><\/p>\n<p><span style=\"color: #000000;\">Sin embargo, el proyecto de Gareca comenz\u00f3 a resquebrajarse en las eliminatorias del Mundial de Catar 2022: tras obtener un ag\u00f3nico quinto puesto, Per\u00fa perdi\u00f3 en la repesca ante Australia, qued\u00e1ndose sin la posibilidad de disputar su segundo Mundial consecutivo.<\/span><\/p>\n<p><span style=\"color: #000000;\">Finalmente, y tras no llegar a un acuerdo en la renovaci\u00f3n de su contrato, la Federaci\u00f3n Peruana de F\u00fatbol (FPF) anunci\u00f3 el pasado 15 de julio del 2022 la marcha de Gareca, quien se despidi\u00f3 con honores del combinado nacional.<\/span><\/p>\n<p><a href=\"https:\/\/elinformanteperu.com\/wp-content\/uploads\/2020\/04\/gareca-abram.jpg\"><img decoding=\"async\" class=\"size-large wp-image-69318 aligncenter\" src=\"https:\/\/elinformanteperu.com\/wp-content\/uploads\/2020\/04\/gareca-abram-1024x709.jpg\" alt=\"\" width=\"615\" height=\"426\" srcset=\"https:\/\/elinformanteperu.com\/wp-content\/uploads\/2020\/04\/gareca-abram-1024x709.jpg 1024w, https:\/\/elinformanteperu.com\/wp-content\/uploads\/2020\/04\/gareca-abram-300x208.jpg 300w, https:\/\/elinformanteperu.com\/wp-content\/uploads\/2020\/04\/gareca-abram-768x532.jpg 768w, https:\/\/elinformanteperu.com\/wp-content\/uploads\/2020\/04\/gareca-abram-1536x1064.jpg 1536w, https:\/\/elinformanteperu.com\/wp-content\/uploads\/2020\/04\/gareca-abram.jpg 1800w\" sizes=\"(max-width: 615px) 100vw, 615px\" \/><\/a><\/p>\n","protected":false},"excerpt":{"rendered":"<p>El t\u00e9cnico argentino de 66 a\u00f1os asegur\u00f3 que quisieron darle otra direcci\u00f3n a la Blanquirroja Buenos Aires, 26 Diciembre 2024, (ANDINA).- La salida de Ricardo Gareca de la selecci\u00f3n peruana es un tema de que todav\u00eda se habla y ante ello el propio estratega argentino dio a conocer a los grandes responsables que impidieron su [&hellip;]<\/p>\n","protected":false},"author":1,"featured_media":111833,"comment_status":"closed","ping_status":"closed","sticky":false,"template":"","format":"standard","meta":{"rop_custom_images_group":[],"rop_custom_messages_group":[],"rop_publish_now":"initial","rop_publish_now_accounts":[],"rop_publish_now_history":[],"rop_publish_now_status":"pending","footnotes":""},"categories":[8],"tags":[3439,204,205,593,92],"class_list":["post-131759","post","type-post","status-publish","format-standard","has-post-thumbnail","hentry","category-disciplinas-deportivas","tag-agustin-lozano","tag-federacion-peruana-de-futbol","tag-fpf","tag-juan-carlos-oblitas","tag-ricardo-gareca"],"_links":{"self":[{"href":"https:\/\/elinformanteperu.com\/index.php\/wp-json\/wp\/v2\/posts\/131759","targetHints":{"allow":["GET"]}}],"collection":[{"href":"https:\/\/elinformanteperu.com\/index.php\/wp-json\/wp\/v2\/posts"}],"about":[{"href":"https:\/\/elinformanteperu.com\/index.php\/wp-json\/wp\/v2\/types\/post"}],"author":[{"embeddable":true,"href":"https:\/\/elinformanteperu.com\/index.php\/wp-json\/wp\/v2\/users\/1"}],"replies":[{"embeddable":true,"href":"https:\/\/elinformanteperu.com\/index.php\/wp-json\/wp\/v2\/comments?post=131759"}],"version-history":[{"count":1,"href":"https:\/\/elinformanteperu.com\/index.php\/wp-json\/wp\/v2\/posts\/131759\/revisions"}],"predecessor-version":[{"id":131760,"href":"https:\/\/elinformanteperu.com\/index.php\/wp-json\/wp\/v2\/posts\/131759\/revisions\/131760"}],"wp:featuredmedia":[{"embeddable":true,"href":"https:\/\/elinformanteperu.com\/index.php\/wp-json\/wp\/v2\/media\/111833"}],"wp:attachment":[{"href":"https:\/\/elinformanteperu.com\/index.php\/wp-json\/wp\/v2\/media?parent=131759"}],"wp:term":[{"taxonomy":"category","embeddable":true,"href":"https:\/\/elinformanteperu.com\/index.php\/wp-json\/wp\/v2\/categories?post=131759"},{"taxonomy":"post_tag","embeddable":true,"href":"https:\/\/elinformanteperu.com\/index.php\/wp-json\/wp\/v2\/tags?post=131759"}],"curies":[{"name":"wp","href":"https:\/\/api.w.org\/{rel}","templated":true}]}}