{"id":131753,"date":"2024-12-26T21:06:40","date_gmt":"2024-12-27T02:06:40","guid":{"rendered":"https:\/\/elinformanteperu.com\/?p=131753"},"modified":"2024-12-26T21:06:40","modified_gmt":"2024-12-27T02:06:40","slug":"rafael-nadal-andres-iniesta-y-tony-kroos-entre-las-despedidas-que-deja-el-2024","status":"publish","type":"post","link":"https:\/\/elinformanteperu.com\/index.php\/2024\/12\/26\/rafael-nadal-andres-iniesta-y-tony-kroos-entre-las-despedidas-que-deja-el-2024\/","title":{"rendered":"Rafael Nadal, Andr\u00e9s Iniesta y Tony Kroos entre las despedidas que deja el 2024"},"content":{"rendered":"<p><strong><span style=\"color: #000000;\">Tambi\u00e9n destaca la salida de Garbi\u00f1e Muguruza, Andy Murray y Marc Gasol.<\/span><\/strong><\/p>\n<p><span style=\"color: #000000;\"><strong>Lima, 26 Diciembre 2024, (ANDINA).-<\/strong> El a\u00f1o 2024 deja en su \u00e1lbum la despedida de Rafael Nadal, considerado el mejor deportista espa\u00f1ol de todos los tiempos, una jubilaci\u00f3n a la que se han unido otras estrellas, como los futbolistas Andr\u00e9s Iniesta y Toni Kroos, los tenistas Garbi\u00f1e Muguruza y Andy Murray o el basquetbolista Marc Gasol.<\/span><\/p>\n<p><span style=\"color: #000000;\">La prematura eliminaci\u00f3n de Espa\u00f1a en la Copa Davis jugada en M\u00e1laga fue el colof\u00f3n a la carrera de Nadal, ganador de 22 grand slams, quien hab\u00eda anunciado su adi\u00f3s en un v\u00eddeo en las redes sociales el 31 de octubre, mes y medio antes de su \u00faltimo partido.<\/span><\/p>\n<p><span style=\"color: #000000;\">\u201cEn esta vida todo tiene un principio y un final\u201d, resumi\u00f3 el tenista mallorqu\u00edn, de 38 a\u00f1os, despu\u00e9s de dos d\u00e9cadas de carrera profesional.<\/span><\/p>\n<p><span style=\"color: #000000;\">La marcha de Nadal vino precedida de la de Iniesta, otro icono que se inmortaliz\u00f3 con el gol m\u00e1s importante de la historia de f\u00fatbol espa\u00f1ol, el que dio a Espa\u00f1a el Mundial de f\u00fatbol en Sud\u00e1frica en 2010.<\/span><\/p>\n<p><span style=\"color: #000000;\">A los 40 a\u00f1os y tras serlo todo con el Barcelona -nueve Ligas y cuatro \u2018Champions\u2019- y la selecci\u00f3n -dos Eurocopas, adem\u00e1s del Mundial-, Iniesta colg\u00f3 las botas en Emiratos \u00c1rabes Unidos tras pasar por Jap\u00f3n.<\/span><\/p>\n<p><span style=\"color: #000000;\">Entre los futbolistas \u2018jubilados\u2019 este a\u00f1o, el que mejor palmar\u00e9s lega es el alem\u00e1n Kroos, quien puso fin a su carrera con 34 a\u00f1os en su nivel m\u00e1s alto y tras conquistar su quinta Liga de Campeones con el Real Madrid.<\/span><\/p>\n<p><span style=\"color: #000000;\">\u201cNo quiero llegar a un punto en que piensen por qu\u00e9 todav\u00eda sigo, que no tengo nivel (\u2026) Quiero acabar en el mejor momento\u201d, justific\u00f3 el centrocampista.<\/span><\/p>\n<p><a href=\"https:\/\/elinformanteperu.com\/wp-content\/uploads\/2024\/12\/tony-kroos-despedida.jpg\"><img fetchpriority=\"high\" decoding=\"async\" class=\"size-full wp-image-131755 aligncenter\" src=\"https:\/\/elinformanteperu.com\/wp-content\/uploads\/2024\/12\/tony-kroos-despedida.jpg\" alt=\"\" width=\"500\" height=\"333\" srcset=\"https:\/\/elinformanteperu.com\/wp-content\/uploads\/2024\/12\/tony-kroos-despedida.jpg 500w, https:\/\/elinformanteperu.com\/wp-content\/uploads\/2024\/12\/tony-kroos-despedida-300x200.jpg 300w\" sizes=\"(max-width: 500px) 100vw, 500px\" \/><\/a><span style=\"color: #000000;\">Tambi\u00e9n se ha ido como leyenda el sevillista Jes\u00fas Navas, quien jug\u00f3 su partido 705 con el equipo andaluz el pasado d\u00eda 22 y dijo adi\u00f3s en el Santiago Bernab\u00e9u -una semana antes se hab\u00eda despedido del S\u00e1nchez Pizju\u00e1n- ante una afici\u00f3n rendida.<\/span><\/p>\n<p><span style=\"color: #000000;\">Ra\u00fal Garc\u00eda, Thiago Alcantara, Virginia Torrecilla, el portugu\u00e9s Pepe o el mexicano Andr\u00e9s Guardado fueron otros futbolistas que optaron por la retirada.<\/span><\/p>\n<p><strong><span style=\"color: #000000;\">Muruguza y el adi\u00f3s<\/span><\/strong><\/p>\n<p><span style=\"color: #000000;\">Como pr\u00f3logo a Nadal, Muguruza fue la que anunci\u00f3 en abril su marcha del tenis a los 30 a\u00f1os, despu\u00e9s de que su \u00faltimo partido fuera en febrero de 2023, con la mira puesta en \u201cabrir una nueva vida\u201d tras ganar Wimbledon y Roland Garros.<\/span><\/p>\n<p><span style=\"color: #000000;\">El mundo de la raqueta despidi\u00f3 adem\u00e1s al escoc\u00e9s Andy Murray, quien escogi\u00f3 los Juegos de Par\u00eds para cerrar entre l\u00e1grimas una carrera exitosa, pero marcada por las lesiones en los \u00faltimos cinco a\u00f1os.<\/span><\/p>\n<p><span style=\"color: #000000;\">El dos veces campe\u00f3n en Wimbledon, doble oro ol\u00edmpico -Londres y Rio- y primer brit\u00e1nico en ganar un grand slam desde 1936, fue el \u00fanico que se atrevi\u00f3 a codearse con el tridente Federer-Nadal-Djokovic, a quien va a entrenar a partir de enero.<\/span><\/p>\n<p><span style=\"color: #000000;\">En baloncesto, el elenco de despedidas incluy\u00f3 a cuatro de sus jugadores m\u00e1s laureados con la selecci\u00f3n espa\u00f1ola en los \u00faltimos a\u00f1os: Rudy Fern\u00e1ndez, Sergio \u2018Chacho\u2019 Rodr\u00edguez, Marc Gasol y V\u00edctor Claver.<\/span><\/p>\n<p><span style=\"color: #000000;\">Rudy, \u2018el Chacho\u2019 y el menor de los Gasol eran los \u00faltimos que segu\u00edan en activo del combinado nacional que gan\u00f3 el oro en el Mundial de Jap\u00f3n de 2006.<\/span><\/p>\n<p><span style=\"color: #000000;\">En el plano femenino, el adi\u00f3s m\u00e1s destacado ha sido el de Leo Rodr\u00edguez, pilar de la selecci\u00f3n en la \u00faltima d\u00e9cada, con el oro del Eurobasket de 2017.<\/span><\/p>\n<p><span style=\"color: #000000;\">En atletismo, \u00c1lvaro Mart\u00edn decidi\u00f3 poner fin a la marcha tras conquistar el t\u00edtulo en el relevo mixto de los 20 kil\u00f3metros marcha en Par\u00eds con Mar\u00eda P\u00e9rez y un bronce en la prueba individual, que uni\u00f3 a sus oros en Europeos y Mundiales.<\/span><\/p>\n<p><span style=\"color: #000000;\">El triatl\u00f3n ha cerrado un ciclo en 2024 con la marcha de Javier G\u00f3mez Noya, cinco veces campe\u00f3n del mundo y plata en Londres 2012, y de quien fue uno de sus grandes rivales, el brit\u00e1nico Alistair Brownlee, doble oro ol\u00edmpico y mundial y protagonista de im\u00e1genes ic\u00f3nicas junto a su hermano Johnny, como cuando le ayud\u00f3 a pasar la meta tras sufrir calambres.<\/span><\/p>\n<p><span style=\"color: #000000;\">El balonmano ha llorado la despedida de los dos mejores jugadores de lo que va de siglo, el dan\u00e9s Mikkel Hansen y el franc\u00e9s Nikola Karabatic, cargados de triunfos con sus selecciones y clubes.<\/span><\/p>\n<p><span style=\"color: #000000;\">Con ellos se han marchado Jorge Maqueda, Joan Ca\u00f1ellas y Viran Morros, estandartes de la \u00e9poca dorada del balonmano espa\u00f1ol.<\/span><\/p>\n<p><a href=\"https:\/\/elinformanteperu.com\/wp-content\/uploads\/2024\/12\/iniesta-despedida-1.jpg\"><img decoding=\"async\" class=\"size-full wp-image-131756 aligncenter\" src=\"https:\/\/elinformanteperu.com\/wp-content\/uploads\/2024\/12\/iniesta-despedida-1.jpg\" alt=\"\" width=\"500\" height=\"333\" srcset=\"https:\/\/elinformanteperu.com\/wp-content\/uploads\/2024\/12\/iniesta-despedida-1.jpg 500w, https:\/\/elinformanteperu.com\/wp-content\/uploads\/2024\/12\/iniesta-despedida-1-300x200.jpg 300w\" sizes=\"(max-width: 500px) 100vw, 500px\" \/><\/a><strong><span style=\"color: #000000;\">Retirada masiva<\/span><\/strong><\/p>\n<p><span style=\"color: #000000;\">En el ciclismo, la retirada m\u00e1s sonada fue la del australiano Mark Cavendish, uno de los grandes esprinters de la historia, que se baj\u00f3 de la bicicleta a los 39 a\u00f1os despu\u00e9s de superar el r\u00e9cord de victorias de etapa en el Tour, con 35, una m\u00e1s que Eddy Merckx.<\/span><\/p>\n<p><span style=\"color: #000000;\">El pelot\u00f3n tambi\u00e9n ha visto descolgarse al colombiano Rigoberto Ur\u00e1n, el belga Thomas de Gendt, el espa\u00f1ol Luis \u00c1ngel Mat\u00e9 o el italiano Domenico Pozzovivo, el corredor con m\u00e1s participaciones en el Giro (18).<\/span><\/p>\n<p><span style=\"color: #000000;\">Par\u00eds 2024 dej\u00f3 el mal recuerdo de la grave lesi\u00f3n de Carolina Mar\u00edn en puertas de la final ol\u00edmpica, a la que accedi\u00f3 la china He Bingjiao, quien pocos d\u00edas despu\u00e9s, anunci\u00f3 su retirada.<\/span><\/p>\n<p><span style=\"color: #000000;\">He Bingjiao homenaje\u00f3 a Mar\u00edn al lucir un pin de Espa\u00f1a al recibir la medalla de plata, en un gesto de deportividad que ayud\u00f3 a consolar a la deportista andaluza.<\/span><\/p>\n<p><span style=\"color: #000000;\">Tras hacer historia con su quinta medalla de oro consecutiva en unos Juegos, el luchador cubano Mija\u00edn L\u00f3pez tambi\u00e9n puso fin a su carrera en Par\u00eds besando el tapiz y dejando all\u00ed sus botas. \u201cDej\u00e9 un sue\u00f1o en los colchones, pero un sue\u00f1o que va a dar inspiraci\u00f3n a todos los j\u00f3venes\u00bb, explic\u00f3 L\u00f3pez.<\/span><\/p>\n<p><span style=\"color: #000000;\">A la piscina ya no se tirar\u00e1 la australiana Emma Mckeon, la tercera nadadora con m\u00e1s oros ol\u00edmpicos y a los que suma otras ocho medallas, siendo la deportista m\u00e1s laureada del pa\u00eds oce\u00e1nico.<\/span><\/p>\n<p><span style=\"color: #000000;\">Tampoco lo har\u00e1 Laura Ester, guardameta del CN Sabadell de waterpolo, que lo ha ganado todo con la selecci\u00f3n, entre muchos t\u00edtulos el oro en Par\u00eds, ni la bracista Jessica Vall.<\/span><\/p>\n<p><span style=\"color: #000000;\">A la lista de retirados se unen Pablo Herrera, \u00fanico jugador de voley playa con seis Juegos Ol\u00edmpicos, y el argentino Fernando Belasteguin, quien fue el n\u00famero uno del p\u00e1del durante 16 de los treinta a\u00f1os en los que compiti\u00f3.<\/span><\/p>\n<p><a href=\"https:\/\/elinformanteperu.com\/wp-content\/uploads\/2024\/12\/natacion-australiana-Emma-Mckeon-despedida.jpg\"><img decoding=\"async\" class=\"size-full wp-image-131757 aligncenter\" src=\"https:\/\/elinformanteperu.com\/wp-content\/uploads\/2024\/12\/natacion-australiana-Emma-Mckeon-despedida.jpg\" alt=\"\" width=\"500\" height=\"341\" srcset=\"https:\/\/elinformanteperu.com\/wp-content\/uploads\/2024\/12\/natacion-australiana-Emma-Mckeon-despedida.jpg 500w, https:\/\/elinformanteperu.com\/wp-content\/uploads\/2024\/12\/natacion-australiana-Emma-Mckeon-despedida-300x205.jpg 300w\" sizes=\"(max-width: 500px) 100vw, 500px\" \/><\/a><\/p>\n","protected":false},"excerpt":{"rendered":"<p>Tambi\u00e9n destaca la salida de Garbi\u00f1e Muguruza, Andy Murray y Marc Gasol. Lima, 26 Diciembre 2024, (ANDINA).- El a\u00f1o 2024 deja en su \u00e1lbum la despedida de Rafael Nadal, considerado el mejor deportista espa\u00f1ol de todos los tiempos, una jubilaci\u00f3n a la que se han unido otras estrellas, como los futbolistas Andr\u00e9s Iniesta y Toni [&hellip;]<\/p>\n","protected":false},"author":1,"featured_media":131754,"comment_status":"closed","ping_status":"closed","sticky":false,"template":"","format":"standard","meta":{"rop_custom_images_group":[],"rop_custom_messages_group":[],"rop_publish_now":"initial","rop_publish_now_accounts":[],"rop_publish_now_history":[],"rop_publish_now_status":"pending","footnotes":""},"categories":[8],"tags":[1416,4111,6513],"class_list":["post-131753","post","type-post","status-publish","format-standard","has-post-thumbnail","hentry","category-disciplinas-deportivas","tag-andres-iniesta","tag-rafael-nadal","tag-toni-kroos"],"_links":{"self":[{"href":"https:\/\/elinformanteperu.com\/index.php\/wp-json\/wp\/v2\/posts\/131753","targetHints":{"allow":["GET"]}}],"collection":[{"href":"https:\/\/elinformanteperu.com\/index.php\/wp-json\/wp\/v2\/posts"}],"about":[{"href":"https:\/\/elinformanteperu.com\/index.php\/wp-json\/wp\/v2\/types\/post"}],"author":[{"embeddable":true,"href":"https:\/\/elinformanteperu.com\/index.php\/wp-json\/wp\/v2\/users\/1"}],"replies":[{"embeddable":true,"href":"https:\/\/elinformanteperu.com\/index.php\/wp-json\/wp\/v2\/comments?post=131753"}],"version-history":[{"count":1,"href":"https:\/\/elinformanteperu.com\/index.php\/wp-json\/wp\/v2\/posts\/131753\/revisions"}],"predecessor-version":[{"id":131758,"href":"https:\/\/elinformanteperu.com\/index.php\/wp-json\/wp\/v2\/posts\/131753\/revisions\/131758"}],"wp:featuredmedia":[{"embeddable":true,"href":"https:\/\/elinformanteperu.com\/index.php\/wp-json\/wp\/v2\/media\/131754"}],"wp:attachment":[{"href":"https:\/\/elinformanteperu.com\/index.php\/wp-json\/wp\/v2\/media?parent=131753"}],"wp:term":[{"taxonomy":"category","embeddable":true,"href":"https:\/\/elinformanteperu.com\/index.php\/wp-json\/wp\/v2\/categories?post=131753"},{"taxonomy":"post_tag","embeddable":true,"href":"https:\/\/elinformanteperu.com\/index.php\/wp-json\/wp\/v2\/tags?post=131753"}],"curies":[{"name":"wp","href":"https:\/\/api.w.org\/{rel}","templated":true}]}}