{"id":131519,"date":"2024-12-22T13:29:55","date_gmt":"2024-12-22T18:29:55","guid":{"rendered":"https:\/\/elinformanteperu.com\/?p=131519"},"modified":"2024-12-22T13:29:55","modified_gmt":"2024-12-22T18:29:55","slug":"ministerio-publico-registro-mas-de-5500-victimas-de-trata-de-personas-desde-el-2023","status":"publish","type":"post","link":"https:\/\/elinformanteperu.com\/index.php\/2024\/12\/22\/ministerio-publico-registro-mas-de-5500-victimas-de-trata-de-personas-desde-el-2023\/","title":{"rendered":"Ministerio P\u00fablico registr\u00f3 m\u00e1s de 5,500 v\u00edctimas de trata de personas desde el 2023"},"content":{"rendered":"<p><span style=\"color: #000000;\"><strong>Lima, 22 Diciembre 2024, (ANDINA).-<\/strong> Desde el 2023 se han registrado 5,125 casos de trata de personas en Per\u00fa, que involucran a 5,551 v\u00edctimas, inform\u00f3 la Fiscal Superior Roc\u00edo Gala G\u00e1lvez, Coordinadora Nacional de las Fiscal\u00edas Especializadas en Delitos de Trata de Personas.<\/span><\/p>\n<p><span style=\"color: #000000;\">En entrevista con el programa \u00abFiscales &amp; Ciudadan\u00eda\u00bb en RCR, la doctora Gala G\u00e1lvez alert\u00f3 la complejidad de este delito, que no se limita a un perfil espec\u00edfico y cualquier persona puede ser una v\u00edctima de las organizaciones delictivas.<\/span><\/p>\n<p><span style=\"color: #000000;\">\u00abHay v\u00edctimas que son ni\u00f1os, ni\u00f1as y adolescentes y con distintas finalidades: pueden ser empleadas para la mendicidad o para la venta de ni\u00f1os o de beb\u00e9s o tambi\u00e9n para la pornograf\u00eda o la explotaci\u00f3n sexual. Entonces, no hay un perfil \u00fanico. Es importante se\u00f1alar que cualquier persona puede ser v\u00edctima de trata\u00bb, se\u00f1al\u00f3.<\/span><\/p>\n<p><span style=\"color: #000000;\">La magistrada mencion\u00f3 que muchas personas est\u00e1n en una situaci\u00f3n de vulnerabilidad y el tratante buscar\u00e1 abusar de esa situaci\u00f3n. Como ejemplo, mencion\u00f3 que muchas v\u00edctimas son captadas con enga\u00f1os como el ofrecimiento de un trabajo como meseras o cajeras, pero al llegar la situaci\u00f3n cambia. Anot\u00f3 que las v\u00edctimas piensan que van a tener la posibilidad de controlar la situaci\u00f3n, pero no es as\u00ed, porque las redes criminales ejercen control y sometimiento.<\/span><\/p>\n<p><strong><span style=\"color: #000000;\">Prisiones preventivas<\/span><\/strong><\/p>\n<p><span style=\"color: #000000;\">A pesar de los desaf\u00edos, las Fiscal\u00edas Especializadas en Delitos de Trata de Personas ha logrado avances significativos con 370 prisiones preventivas y 380 sentencias, una cifra que ha aumentado considerablemente en los \u00faltimos a\u00f1os, destac\u00f3 la funcionaria.<\/span><\/p>\n<p><span style=\"color: #000000;\">Adem\u00e1s, mencion\u00f3 que realizaron 490 acciones de detecci\u00f3n temprana de casos y m\u00e1s de 300 charlas de sensibilizaci\u00f3n a nivel nacional. Detall\u00f3 que las charlas en colegios han sido particularmente valiosas, ya que los estudiantes han proporcionado informaci\u00f3n crucial que ha permitido identificar casos de abuso.<\/span><\/p>\n<p><span style=\"color: #000000;\">\u00abPor ejemplo, haber descubierto que alg\u00fan profesor ten\u00eda ciertas conductas en agravio de menores y una ni\u00f1a lo se\u00f1al\u00f3. Asimismo, nos dec\u00edan que existe un aplicativo en el que se comparte material conteniendo abuso sexual infantil\u00bb, indic\u00f3.<\/span><\/p>\n<p><strong><span style=\"color: #000000;\">Migraci\u00f3n y explotaci\u00f3n sexual<\/span><\/strong><\/p>\n<p><span style=\"color: #000000;\">Gala G\u00e1lvez explic\u00f3 que la migraci\u00f3n irregular, especialmente proveniente de Venezuela y Colombia, ha incrementado la cantidad de v\u00edctimas, sobre todo en casos de explotaci\u00f3n sexual.<\/span><\/p>\n<p><span style=\"color: #000000;\">\u00abEste fen\u00f3meno ha cambiado con la migraci\u00f3n. Definitivamente la migraci\u00f3n irregular de muchas personas provenientes, sobre todo de Venezuela y Colombia, ha hecho que se incremente la cantidad de v\u00edctimas, por ejemplo, en el tema de trata de personas con fines de explotaci\u00f3n sexual\u00bb, explic\u00f3.<\/span><\/p>\n<p><span style=\"color: #000000;\">La magistrada indic\u00f3 que la trata de personas es un delito complejo de investigar porque implica la existencia de medios comisivos (actos utilizados para cometer un delito), de conductas y de finalidades. Entre los medios que usan los tratantes, mencion\u00f3 la violencia, la amenaza, el abuso de poder o el abuso de la situaci\u00f3n de vulnerabilidad.<\/span><\/p>\n<p><span style=\"color: #000000;\">Educar para prevenir<\/span><\/p>\n<p><span style=\"color: #000000;\">Por otro lado, hizo un llamado a las familias sobre la importancia de la educaci\u00f3n digital para proteger a los ni\u00f1os y adolescentes de la captaci\u00f3n por parte de redes criminales que operan en l\u00ednea.<\/span><\/p>\n<p><span style=\"color: #000000;\">La fiscal se\u00f1al\u00f3 que la exposici\u00f3n sin control a internet y las redes sociales puede convertir a los ni\u00f1os en blanco f\u00e1cil para los delincuentes que se hacen pasar por amigos o personas de su edad para ganar su confianza y obtener material con contenido sexual.<\/span><\/p>\n<p><span style=\"color: #000000;\">Agreg\u00f3 que es fundamental que los padres, docentes y la sociedad en general tomen conciencia de esta problem\u00e1tica y se involucren en la educaci\u00f3n digital de los menores.<\/span><\/p>\n<p><span style=\"color: #000000;\">\u00abHay que explicarles, hay que darles educaci\u00f3n digital, no s\u00f3lo entregarles el celular, sino decirle: \u00b4mira, hay peligros, hay personas que pueden hacerse pasar como tus amigos o decir que son ni\u00f1os, ni\u00f1as o adolescentes, pero en realidad son mayores\u00b4. Hay que cuidar el tipo de informaci\u00f3n que comparten, las fotos y videos, porque no sabemos el uso que le van a dar\u00bb, recomend\u00f3.<\/span><\/p>\n<p><span style=\"color: #000000;\">Acciones contra la trata de personas<\/span><\/p>\n<p><span style=\"color: #000000;\">En otro momento, mencion\u00f3 que, a trav\u00e9s de redes como la Asociaci\u00f3n Iberoamericana de Ministerios P\u00fablicos, el Ministerio P\u00fablico trabaja en conjunto con otros pa\u00edses para obtener informaci\u00f3n y coordinar acciones.<\/span><\/p>\n<p><span style=\"color: #000000;\">\u00abApenas un fiscal tiene conocimiento, por ejemplo, de que una v\u00edctima se identifica con un carnet y quiere verificar su edad, inmediatamente utiliza esta red. Yo me pongo en contacto con mi par, por ejemplo, de Colombia, de Venezuela, de Chile, o de cualquier otro pa\u00eds en el que yo requiero, en tiempo r\u00e9cord, obtener una informaci\u00f3n o coadyuvar en la investigaci\u00f3n, en la ubicaci\u00f3n, rescate, notificaci\u00f3n o entrega de alg\u00fan tipo de informaci\u00f3n\u00bb, explic\u00f3.<\/span><\/p>\n<p><span style=\"color: #000000;\">Precis\u00f3 que, si bien se obtienen resultados exitosos, tambi\u00e9n hay dificultades porque las redes criminales hacen uso de documentos falsos. Para enfrentarlas, inform\u00f3 que han recibido capacitaci\u00f3n con el \u00e1rea de migraciones que tiene la Red Atenas, espacio de intercambio de informaci\u00f3n sobre documentos de viaje para la lucha contra el delito de falsedad documental, y que ayuda a identificar a una persona y si los documentos que presenta son falsos o no.<\/span><\/p>\n<p><span style=\"color: #000000;\">Finalmente, la doctora tambi\u00e9n subray\u00f3 la importancia de fortalecer la capacidad de la fiscal\u00eda con mayores recursos y herramientas para hacer frente a los ciberdelincuentes, que se actualizan constantemente en sus m\u00e9todos de captaci\u00f3n.<\/span><\/p>\n","protected":false},"excerpt":{"rendered":"<p>Lima, 22 Diciembre 2024, (ANDINA).- Desde el 2023 se han registrado 5,125 casos de trata de personas en Per\u00fa, que involucran a 5,551 v\u00edctimas, inform\u00f3 la Fiscal Superior Roc\u00edo Gala G\u00e1lvez, Coordinadora Nacional de las Fiscal\u00edas Especializadas en Delitos de Trata de Personas. En entrevista con el programa \u00abFiscales &amp; Ciudadan\u00eda\u00bb en RCR, la doctora [&hellip;]<\/p>\n","protected":false},"author":1,"featured_media":131520,"comment_status":"closed","ping_status":"closed","sticky":false,"template":"","format":"standard","meta":{"rop_custom_images_group":[],"rop_custom_messages_group":[],"rop_publish_now":"initial","rop_publish_now_accounts":[],"rop_publish_now_history":[],"rop_publish_now_status":"pending","footnotes":""},"categories":[10],"tags":[569,370,8080],"class_list":["post-131519","post","type-post","status-publish","format-standard","has-post-thumbnail","hentry","category-actualidad-municipal","tag-migraciones","tag-ministerio-publico","tag-trata-de-personas"],"_links":{"self":[{"href":"https:\/\/elinformanteperu.com\/index.php\/wp-json\/wp\/v2\/posts\/131519","targetHints":{"allow":["GET"]}}],"collection":[{"href":"https:\/\/elinformanteperu.com\/index.php\/wp-json\/wp\/v2\/posts"}],"about":[{"href":"https:\/\/elinformanteperu.com\/index.php\/wp-json\/wp\/v2\/types\/post"}],"author":[{"embeddable":true,"href":"https:\/\/elinformanteperu.com\/index.php\/wp-json\/wp\/v2\/users\/1"}],"replies":[{"embeddable":true,"href":"https:\/\/elinformanteperu.com\/index.php\/wp-json\/wp\/v2\/comments?post=131519"}],"version-history":[{"count":1,"href":"https:\/\/elinformanteperu.com\/index.php\/wp-json\/wp\/v2\/posts\/131519\/revisions"}],"predecessor-version":[{"id":131521,"href":"https:\/\/elinformanteperu.com\/index.php\/wp-json\/wp\/v2\/posts\/131519\/revisions\/131521"}],"wp:featuredmedia":[{"embeddable":true,"href":"https:\/\/elinformanteperu.com\/index.php\/wp-json\/wp\/v2\/media\/131520"}],"wp:attachment":[{"href":"https:\/\/elinformanteperu.com\/index.php\/wp-json\/wp\/v2\/media?parent=131519"}],"wp:term":[{"taxonomy":"category","embeddable":true,"href":"https:\/\/elinformanteperu.com\/index.php\/wp-json\/wp\/v2\/categories?post=131519"},{"taxonomy":"post_tag","embeddable":true,"href":"https:\/\/elinformanteperu.com\/index.php\/wp-json\/wp\/v2\/tags?post=131519"}],"curies":[{"name":"wp","href":"https:\/\/api.w.org\/{rel}","templated":true}]}}