{"id":131352,"date":"2024-12-20T01:46:43","date_gmt":"2024-12-20T06:46:43","guid":{"rendered":"https:\/\/elinformanteperu.com\/?p=131352"},"modified":"2024-12-20T01:46:43","modified_gmt":"2024-12-20T06:46:43","slug":"tc-declara-fundado-recurso-de-queja-de-patricia-benavides-y-resolvera-amparo-contra-jnj","status":"publish","type":"post","link":"https:\/\/elinformanteperu.com\/index.php\/2024\/12\/20\/tc-declara-fundado-recurso-de-queja-de-patricia-benavides-y-resolvera-amparo-contra-jnj\/","title":{"rendered":"TC declara fundado recurso de queja de Patricia Benavides y resolver\u00e1 amparo contra JNJ"},"content":{"rendered":"<p><span style=\"color: #000000;\"><strong>Lima, 19 Diciembre 2024, (ANDINA).-<\/strong> El Tribunal Constitucional (TC) declar\u00f3 fundado un recurso de queja presentado por la exfiscal de la Naci\u00f3n, Patricia Benavides, tras lo cual resolver\u00e1 en \u00faltima instancia el amparo que present\u00f3 la destituida magistrada contra la Junta Nacional de Justicia (JNJ).<\/span><\/p>\n<p><span style=\"color: #000000;\">\u00abEn consecuencia, como quiera que el recurso de agravio constitucional fue incorrectamente denegado, corresponde estimar el presente recurso de queja, disponer la admisi\u00f3n a tr\u00e1mite del recurso denegado y que se remitan los actuados a este Tribunal Constitucional para su revisi\u00f3n\u00bb, el TC.<\/span><\/p>\n<p><span style=\"color: #000000;\">Los magistrados Luz Pacheco Zerga (presidenta), Helder Dom\u00ednguez Haro (vicepresidente), Gustavo Guti\u00e9rrez Ticse, Manuel Monteagudo Valdez, C\u00e9sar Ochoa Cardich y Pedro Hern\u00e1ndez Ch\u00e1vez emitieron el presente auto. No particip\u00f3 el magistrado Francisco Morales Saravia por abstenci\u00f3n.<\/span><\/p>\n<p><span style=\"color: #000000;\">El recurso de queja fue presentado por An\u00edbal Quiroga y Sergio Ver\u00e1stegui, abogados de Patricia Benavides Vargas, contra la resoluci\u00f3n 10, de fecha 21 de octubre de 2024, emitida por la Tercera Sala Constitucional de la Corte Superior de Justicia de Lima, en el proceso de amparo promovido contra la Junta Nacional de Justicia (JNJ).<\/span><\/p>\n<p><span style=\"color: #000000;\">Mediante el recurso de amparo, Benavides Vargas solicit\u00f3 que se declaren nulos los actos de la JNJ en su contra, incluyendo las investigaciones y procesos disciplinarios en su actuaci\u00f3n como fiscal de la Naci\u00f3n, en los que hayan intervenido los magistrados In\u00e9s Tello y Aldo V\u00e1squez.<\/span><\/p>\n<p><span style=\"color: #000000;\">En primera instancia, se archiv\u00f3 el amparo presentando porque los procesos disciplinarios contra Benavides todav\u00eda no hab\u00edan finalizado y se determin\u00f3 que no se hab\u00eda cumplido un requisito procesal. Posteriormente, la Tercera Sala Constitucional de la Corte Superior de Justicia de Lima confirm\u00f3 la resoluci\u00f3n de primera instancia.<\/span><\/p>\n<p><span style=\"color: #000000;\">Los abogados de Benavides interpusieron un recurso de agravio constitucional para que el caso sea elevado al TC, el cual fue declarado improcedente. Tras ello, la defensa legal de la exfiscal de la Naci\u00f3n present\u00f3 el recurso de queja ante el TC.<\/span><\/p>\n","protected":false},"excerpt":{"rendered":"<p>Lima, 19 Diciembre 2024, (ANDINA).- El Tribunal Constitucional (TC) declar\u00f3 fundado un recurso de queja presentado por la exfiscal de la Naci\u00f3n, Patricia Benavides, tras lo cual resolver\u00e1 en \u00faltima instancia el amparo que present\u00f3 la destituida magistrada contra la Junta Nacional de Justicia (JNJ). \u00abEn consecuencia, como quiera que el recurso de agravio constitucional [&hellip;]<\/p>\n","protected":false},"author":1,"featured_media":121286,"comment_status":"closed","ping_status":"closed","sticky":false,"template":"","format":"standard","meta":{"rop_custom_images_group":[],"rop_custom_messages_group":[],"rop_publish_now":"initial","rop_publish_now_accounts":[],"rop_publish_now_history":[],"rop_publish_now_status":"pending","footnotes":""},"categories":[5],"tags":[7180,1402,1401],"class_list":["post-131352","post","type-post","status-publish","format-standard","has-post-thumbnail","hentry","category-actualidad-informativa","tag-patricia-benavides","tag-tc","tag-tribunal-constitucional"],"_links":{"self":[{"href":"https:\/\/elinformanteperu.com\/index.php\/wp-json\/wp\/v2\/posts\/131352","targetHints":{"allow":["GET"]}}],"collection":[{"href":"https:\/\/elinformanteperu.com\/index.php\/wp-json\/wp\/v2\/posts"}],"about":[{"href":"https:\/\/elinformanteperu.com\/index.php\/wp-json\/wp\/v2\/types\/post"}],"author":[{"embeddable":true,"href":"https:\/\/elinformanteperu.com\/index.php\/wp-json\/wp\/v2\/users\/1"}],"replies":[{"embeddable":true,"href":"https:\/\/elinformanteperu.com\/index.php\/wp-json\/wp\/v2\/comments?post=131352"}],"version-history":[{"count":1,"href":"https:\/\/elinformanteperu.com\/index.php\/wp-json\/wp\/v2\/posts\/131352\/revisions"}],"predecessor-version":[{"id":131353,"href":"https:\/\/elinformanteperu.com\/index.php\/wp-json\/wp\/v2\/posts\/131352\/revisions\/131353"}],"wp:featuredmedia":[{"embeddable":true,"href":"https:\/\/elinformanteperu.com\/index.php\/wp-json\/wp\/v2\/media\/121286"}],"wp:attachment":[{"href":"https:\/\/elinformanteperu.com\/index.php\/wp-json\/wp\/v2\/media?parent=131352"}],"wp:term":[{"taxonomy":"category","embeddable":true,"href":"https:\/\/elinformanteperu.com\/index.php\/wp-json\/wp\/v2\/categories?post=131352"},{"taxonomy":"post_tag","embeddable":true,"href":"https:\/\/elinformanteperu.com\/index.php\/wp-json\/wp\/v2\/tags?post=131352"}],"curies":[{"name":"wp","href":"https:\/\/api.w.org\/{rel}","templated":true}]}}