{"id":131346,"date":"2024-12-20T01:39:18","date_gmt":"2024-12-20T06:39:18","guid":{"rendered":"https:\/\/elinformanteperu.com\/?p=131346"},"modified":"2024-12-20T01:39:18","modified_gmt":"2024-12-20T06:39:18","slug":"fiscalia-de-la-nacion-presenta-denuncia-constitucional-contra-congresista-hilda-portero","status":"publish","type":"post","link":"https:\/\/elinformanteperu.com\/index.php\/2024\/12\/20\/fiscalia-de-la-nacion-presenta-denuncia-constitucional-contra-congresista-hilda-portero\/","title":{"rendered":"Fiscal\u00eda de la Naci\u00f3n presenta denuncia constitucional contra congresista Hilda Portero"},"content":{"rendered":"<p><strong><span style=\"color: #000000;\">Por presuntamente pedir a trabajadores a entregar dinero<\/span><\/strong><\/p>\n<p><span style=\"color: #000000;\"><strong>Lima, 19 Diciembre 2024, (ANDINA).-<\/strong> La Fiscal\u00eda de la Naci\u00f3n present\u00f3 una denuncia constitucional ante el Parlamento contra la congresista Hilda Marleny Portero L\u00f3pez, de la bancada Acci\u00f3n Popular (AP), como presunta coautora del delito de concusi\u00f3n, en agravio del Estado.<\/span><\/p>\n<p><span style=\"color: #000000;\">La parlamentaria, seg\u00fan el Ministerio P\u00fablico, habr\u00eda abusado de su cargo para presuntamente obligar al trabajador a trabajadores de su despacho y a trabajadores de la comisi\u00f3n multipartidaria Programa Hambre Cero a entregar diversas sumas de dinero por intermedio de su asesora Liliana Analinda Bances Farro.<\/span><\/p>\n<p><span style=\"color: #000000;\">Esta pr\u00e1ctica se habr\u00eda producido contra Humberto Ruiz Riquero y otros tres servidores de su despacho, y contra Gloria Mar\u00eda Jibaja Pinillas y otras tres personas de la comisi\u00f3n especial.<\/span><\/p>\n<p><span style=\"color: #000000;\">Un programa period\u00edstico denunci\u00f3 que la congresista Hilda Portero habr\u00eda hecho donaciones de sillas de ruedas con aportes de trabajadores a su cargo y habr\u00eda requerido a su personal entrega de parte de su remuneraci\u00f3n o donaciones a fin de contribuir con las campa\u00f1as sociales realizadas a nombre de ella.<\/span><\/p>\n<p><strong><span style=\"color: #000000;\">21 denuncias constitucionales<\/span><\/strong><\/p>\n<p><span style=\"color: #000000;\">El Ministerio P\u00fablico, a trav\u00e9s de sus redes sociales, precisa que con esta denuncia constitucional suman 21 las denuncias presentadas ante el Congreso, muchas de ellas a inicios de 2024, las mismas que se encuentran pendientes de respuesta.<\/span><\/p>\n<p><span style=\"color: #000000;\">\u201cExhortamos a los se\u00f1ores congresistas a fin de que se establezcan o delimiten en el reglamento del Congreso un plazo para el procedimiento de tr\u00e1mite de denuncias constitucionales\u201d, precisa.<\/span><\/p>\n<p><a href=\"https:\/\/elinformanteperu.com\/wp-content\/uploads\/2024\/08\/congreso-fachada3.jpg\"><img fetchpriority=\"high\" decoding=\"async\" class=\"size-large wp-image-123842 aligncenter\" src=\"https:\/\/elinformanteperu.com\/wp-content\/uploads\/2024\/08\/congreso-fachada3-1024x683.jpg\" alt=\"\" width=\"615\" height=\"410\" srcset=\"https:\/\/elinformanteperu.com\/wp-content\/uploads\/2024\/08\/congreso-fachada3-1024x683.jpg 1024w, https:\/\/elinformanteperu.com\/wp-content\/uploads\/2024\/08\/congreso-fachada3-300x200.jpg 300w, https:\/\/elinformanteperu.com\/wp-content\/uploads\/2024\/08\/congreso-fachada3-768x512.jpg 768w, https:\/\/elinformanteperu.com\/wp-content\/uploads\/2024\/08\/congreso-fachada3-1536x1024.jpg 1536w, https:\/\/elinformanteperu.com\/wp-content\/uploads\/2024\/08\/congreso-fachada3.jpg 1800w\" sizes=\"(max-width: 615px) 100vw, 615px\" \/><\/a><\/p>\n","protected":false},"excerpt":{"rendered":"<p>Por presuntamente pedir a trabajadores a entregar dinero Lima, 19 Diciembre 2024, (ANDINA).- La Fiscal\u00eda de la Naci\u00f3n present\u00f3 una denuncia constitucional ante el Parlamento contra la congresista Hilda Marleny Portero L\u00f3pez, de la bancada Acci\u00f3n Popular (AP), como presunta coautora del delito de concusi\u00f3n, en agravio del Estado. La parlamentaria, seg\u00fan el Ministerio P\u00fablico, [&hellip;]<\/p>\n","protected":false},"author":1,"featured_media":131347,"comment_status":"closed","ping_status":"closed","sticky":false,"template":"","format":"standard","meta":{"rop_custom_images_group":[],"rop_custom_messages_group":[],"rop_publish_now":"initial","rop_publish_now_accounts":[],"rop_publish_now_history":[],"rop_publish_now_status":"pending","footnotes":""},"categories":[5],"tags":[192,430,8070,370],"class_list":["post-131346","post","type-post","status-publish","format-standard","has-post-thumbnail","hentry","category-actualidad-informativa","tag-congreso","tag-fiscalia","tag-hilda-portero","tag-ministerio-publico"],"_links":{"self":[{"href":"https:\/\/elinformanteperu.com\/index.php\/wp-json\/wp\/v2\/posts\/131346","targetHints":{"allow":["GET"]}}],"collection":[{"href":"https:\/\/elinformanteperu.com\/index.php\/wp-json\/wp\/v2\/posts"}],"about":[{"href":"https:\/\/elinformanteperu.com\/index.php\/wp-json\/wp\/v2\/types\/post"}],"author":[{"embeddable":true,"href":"https:\/\/elinformanteperu.com\/index.php\/wp-json\/wp\/v2\/users\/1"}],"replies":[{"embeddable":true,"href":"https:\/\/elinformanteperu.com\/index.php\/wp-json\/wp\/v2\/comments?post=131346"}],"version-history":[{"count":1,"href":"https:\/\/elinformanteperu.com\/index.php\/wp-json\/wp\/v2\/posts\/131346\/revisions"}],"predecessor-version":[{"id":131348,"href":"https:\/\/elinformanteperu.com\/index.php\/wp-json\/wp\/v2\/posts\/131346\/revisions\/131348"}],"wp:featuredmedia":[{"embeddable":true,"href":"https:\/\/elinformanteperu.com\/index.php\/wp-json\/wp\/v2\/media\/131347"}],"wp:attachment":[{"href":"https:\/\/elinformanteperu.com\/index.php\/wp-json\/wp\/v2\/media?parent=131346"}],"wp:term":[{"taxonomy":"category","embeddable":true,"href":"https:\/\/elinformanteperu.com\/index.php\/wp-json\/wp\/v2\/categories?post=131346"},{"taxonomy":"post_tag","embeddable":true,"href":"https:\/\/elinformanteperu.com\/index.php\/wp-json\/wp\/v2\/tags?post=131346"}],"curies":[{"name":"wp","href":"https:\/\/api.w.org\/{rel}","templated":true}]}}