{"id":131250,"date":"2024-12-19T22:20:39","date_gmt":"2024-12-20T03:20:39","guid":{"rendered":"https:\/\/elinformanteperu.com\/?p=131250"},"modified":"2024-12-19T22:24:50","modified_gmt":"2024-12-20T03:24:50","slug":"gianluigi-donnarumma-sufre-un-traumatismo-facial-con-multiples-heridas","status":"publish","type":"post","link":"https:\/\/elinformanteperu.com\/index.php\/2024\/12\/19\/gianluigi-donnarumma-sufre-un-traumatismo-facial-con-multiples-heridas\/","title":{"rendered":"Gianluigi Donnarumma sufre un traumatismo facial con \u00abm\u00faltiples heridas\u00bb"},"content":{"rendered":"<p><strong><span style=\"color: #000000;\">Tras ser golpeado con un &#8216;plantillazo&#8217; en la cara por parte de Wilfried Singo<\/span><\/strong><\/p>\n<p><span style=\"color: #000000;\"><strong>Lima, 19 Diciembre 2024, (ANDINA).-<\/strong> El arquero del Par\u00eds Saint Germain (PSG) Gianluigi Donnarumma sufre un traumatismo \u00abfacial\u00bb con \u00abm\u00faltiples heridas\u00bb, seg\u00fan el primer diagn\u00f3stico de los servicios m\u00e9dicos del club, tras ser golpeado con un &#8216;plantillazo&#8217; en la cara por parte de Wilfried Singo en el partido disputado el mi\u00e9rcoles contra el M\u00f3naco.<\/span><\/p>\n<p><span style=\"color: #000000;\">El guardameta internacional italiano, que debi\u00f3 ser sustituido por ese motivo en el minuto 20 del encuentro en el estadio Luis II de M\u00f3naco, regresa esta noche a Par\u00eds con todo el equipo, seg\u00fan a\u00f1adi\u00f3 el PSG en el parte m\u00e9dico publicado en su p\u00e1gina web oficial.<\/span><\/p>\n<p><a href=\"https:\/\/elinformanteperu.com\/wp-content\/uploads\/2024\/12\/Gianluigi-Donnarumma-lesion-facial1.jpg\"><img fetchpriority=\"high\" decoding=\"async\" class=\"size-full wp-image-131251 aligncenter\" src=\"https:\/\/elinformanteperu.com\/wp-content\/uploads\/2024\/12\/Gianluigi-Donnarumma-lesion-facial1.jpg\" alt=\"\" width=\"500\" height=\"333\" srcset=\"https:\/\/elinformanteperu.com\/wp-content\/uploads\/2024\/12\/Gianluigi-Donnarumma-lesion-facial1.jpg 500w, https:\/\/elinformanteperu.com\/wp-content\/uploads\/2024\/12\/Gianluigi-Donnarumma-lesion-facial1-300x200.jpg 300w\" sizes=\"(max-width: 500px) 100vw, 500px\" \/><\/a><span style=\"color: #000000;\">Este jueves est\u00e1 previsto que Donnarumma, que abandon\u00f3 el campo por su propio pie, se someta a \u00abex\u00e1menes m\u00e9dicos\u00bb para evaluar el alcance del golpe y de las visibles heridas en el rostro.<\/span><\/p>\n<p><span style=\"color: #000000;\">\u00abTendr\u00e1 que permanecer inactivo durante varios d\u00edas\u00bb, a\u00f1adi\u00f3 el Par\u00eds Saint Germain en su comunicaci\u00f3n.<\/span><\/p>\n<blockquote class=\"twitter-tweet\">\n<p dir=\"ltr\" lang=\"es\">\u00a1BRUTAL! \ud83e\udd2f\ud83e\udd2f\ud83e\udd2f<\/p>\n<p>La entrada de Wilfried Singo sobre Gianluigi Donnarumma. \u00bfLo peor de todo? Solo le sacaron tarjeta amarilla.<\/p>\n<p>As\u00ed le qued\u00f3 el rostro\u2026 \ud83d\udc94 <a href=\"https:\/\/t.co\/leHUQJZOKW\">pic.twitter.com\/leHUQJZOKW<\/a><\/p>\n<p>\u2014 AS M\u00e9xico (@ASMexico) <a href=\"https:\/\/twitter.com\/ASMexico\/status\/1869533102210732256?ref_src=twsrc%5Etfw\">December 19, 2024<\/a><\/p><\/blockquote>\n<p><script async src=\"https:\/\/platform.twitter.com\/widgets.js\" charset=\"utf-8\"><\/script><\/p>\n","protected":false},"excerpt":{"rendered":"<p>Tras ser golpeado con un &#8216;plantillazo&#8217; en la cara por parte de Wilfried Singo Lima, 19 Diciembre 2024, (ANDINA).- El arquero del Par\u00eds Saint Germain (PSG) Gianluigi Donnarumma sufre un traumatismo \u00abfacial\u00bb con \u00abm\u00faltiples heridas\u00bb, seg\u00fan el primer diagn\u00f3stico de los servicios m\u00e9dicos del club, tras ser golpeado con un &#8216;plantillazo&#8217; en la cara por [&hellip;]<\/p>\n","protected":false},"author":1,"featured_media":131256,"comment_status":"closed","ping_status":"closed","sticky":false,"template":"","format":"standard","meta":{"rop_custom_images_group":[],"rop_custom_messages_group":[],"rop_publish_now":"initial","rop_publish_now_accounts":[],"rop_publish_now_history":[],"rop_publish_now_status":"pending","footnotes":""},"categories":[8],"tags":[6909,2022,1102],"class_list":["post-131250","post","type-post","status-publish","format-standard","has-post-thumbnail","hentry","category-disciplinas-deportivas","tag-gianluigi-donnarumma","tag-paris-saint-germain","tag-psg"],"_links":{"self":[{"href":"https:\/\/elinformanteperu.com\/index.php\/wp-json\/wp\/v2\/posts\/131250","targetHints":{"allow":["GET"]}}],"collection":[{"href":"https:\/\/elinformanteperu.com\/index.php\/wp-json\/wp\/v2\/posts"}],"about":[{"href":"https:\/\/elinformanteperu.com\/index.php\/wp-json\/wp\/v2\/types\/post"}],"author":[{"embeddable":true,"href":"https:\/\/elinformanteperu.com\/index.php\/wp-json\/wp\/v2\/users\/1"}],"replies":[{"embeddable":true,"href":"https:\/\/elinformanteperu.com\/index.php\/wp-json\/wp\/v2\/comments?post=131250"}],"version-history":[{"count":2,"href":"https:\/\/elinformanteperu.com\/index.php\/wp-json\/wp\/v2\/posts\/131250\/revisions"}],"predecessor-version":[{"id":131257,"href":"https:\/\/elinformanteperu.com\/index.php\/wp-json\/wp\/v2\/posts\/131250\/revisions\/131257"}],"wp:featuredmedia":[{"embeddable":true,"href":"https:\/\/elinformanteperu.com\/index.php\/wp-json\/wp\/v2\/media\/131256"}],"wp:attachment":[{"href":"https:\/\/elinformanteperu.com\/index.php\/wp-json\/wp\/v2\/media?parent=131250"}],"wp:term":[{"taxonomy":"category","embeddable":true,"href":"https:\/\/elinformanteperu.com\/index.php\/wp-json\/wp\/v2\/categories?post=131250"},{"taxonomy":"post_tag","embeddable":true,"href":"https:\/\/elinformanteperu.com\/index.php\/wp-json\/wp\/v2\/tags?post=131250"}],"curies":[{"name":"wp","href":"https:\/\/api.w.org\/{rel}","templated":true}]}}