{"id":131247,"date":"2024-12-19T22:16:53","date_gmt":"2024-12-20T03:16:53","guid":{"rendered":"https:\/\/elinformanteperu.com\/?p=131247"},"modified":"2024-12-19T22:16:53","modified_gmt":"2024-12-20T03:16:53","slug":"universitario-confirmo-la-salida-del-ecuatoriano-segundo-portocarrero","status":"publish","type":"post","link":"https:\/\/elinformanteperu.com\/index.php\/2024\/12\/19\/universitario-confirmo-la-salida-del-ecuatoriano-segundo-portocarrero\/","title":{"rendered":"Universitario confirm\u00f3 la salida del ecuatoriano Segundo Portocarrero"},"content":{"rendered":"<p><strong><span style=\"color: #000000;\">El lateral se suma a Nelson Cabanillas, Christopher Olivares y Marco Saravia en la lista de los que no seguir\u00e1n<\/span><\/strong><\/p>\n<p><span style=\"color: #000000;\"><strong>Lima, 19 Diciembre 2024, (ANDINA).-<\/strong> Universitario sigue con sus movimientos de jugadores con miras a afrontar la temporada 2025 y por ello anunci\u00f3, de manera sorpresiva, la salida del lateral ecuatoriano Segundo Portocarrero, quien fue uno de los futbolistas m\u00e1s regulares de la campa\u00f1a.<\/span><\/p>\n<p><span style=\"color: #000000;\">El club &#8216;crema&#8217; utiliz\u00f3, el \u00faltimo mi\u00e9rcoles en horas de la tarde, sus redes oficiales para informar de la salida del defensor y despedirse del que fue su refuerzo en la temporada que acaba de terminar.<\/span><\/p>\n<p><span style=\"color: #000000;\">\u201cGracias por todo, \u2018Porto\u2019. Agradecemos a Segundo Portocarrero Rodr\u00edguez por la garra y profesionalismo brindados en la obtenci\u00f3n de nuestra 28. \u00a1\u00c9xitos en tus futuros retos!\u201d, escribi\u00f3 la &#8216;U&#8217; en su cuenta X.<\/span><\/p>\n<p><span style=\"color: #000000;\">Como se sabe, Portocarrero lleg\u00f3 a Universitario procedente del Barcelona de Guayaquil, que lo cedi\u00f3 a pr\u00e9stamo, y en su estad\u00eda en tienda &#8216;merengue&#8217; se convirti\u00f3 en un futbolista clave en el esquema de juego de Fabi\u00e1n Bustos.<\/span><\/p>\n<p><span style=\"color: #000000;\">Jug\u00f3 39 partido con Universitario y fue uno de elementos que resalt\u00f3 en la defensa del equipo campe\u00f3n por su juego anticipado y buena proyecci\u00f3n.<\/span><\/p>\n<p><span style=\"color: #000000;\">Segundo Portocarrero se suma a Nelson Cabanillas, Christopher Olivares y Marco Saravia, quienes no continuar\u00e1n en el conjunto &#8216;estudiantil&#8217;.<\/span><\/p>\n<blockquote class=\"twitter-tweet\">\n<p dir=\"ltr\" lang=\"es\">\ud835\uddda\ud835\udde5\ud835\uddd4\ud835\uddd6\ud835\udddc\ud835\uddd4\ud835\udde6 \ud835\udde3\ud835\udde2\ud835\udde5 \ud835\udde7\ud835\udde2\ud835\uddd7\ud835\udde2, \u00ab\ud835\udde3\ud835\udde2\ud835\udde5\ud835\udde7\ud835\udde2\u00bb \ud83d\ude4c\u26bd\ufe0f\ud83c\uddea\ud83c\udde8<\/p>\n<p>Agradecemos a Segundo Portocarrero Rodr\u00edguez por la garra y profesionalismo brindados en la obtenci\u00f3n de nuestra \u2b50\ufe0f28.<\/p>\n<p>\u00a1\u00c9xitos en tus futuros retos! <a href=\"https:\/\/t.co\/bYYZBeDZcg\">pic.twitter.com\/bYYZBeDZcg<\/a><\/p>\n<p>\u2014 Universitario (@Universitario) <a href=\"https:\/\/twitter.com\/Universitario\/status\/1869510587836973168?ref_src=twsrc%5Etfw\">December 18, 2024<\/a><\/p><\/blockquote>\n<p><script async src=\"https:\/\/platform.twitter.com\/widgets.js\" charset=\"utf-8\"><\/script><\/p>\n","protected":false},"excerpt":{"rendered":"<p>El lateral se suma a Nelson Cabanillas, Christopher Olivares y Marco Saravia en la lista de los que no seguir\u00e1n Lima, 19 Diciembre 2024, (ANDINA).- Universitario sigue con sus movimientos de jugadores con miras a afrontar la temporada 2025 y por ello anunci\u00f3, de manera sorpresiva, la salida del lateral ecuatoriano Segundo Portocarrero, quien fue [&hellip;]<\/p>\n","protected":false},"author":1,"featured_media":131248,"comment_status":"closed","ping_status":"closed","sticky":false,"template":"","format":"standard","meta":{"rop_custom_images_group":[],"rop_custom_messages_group":[],"rop_publish_now":"initial","rop_publish_now_accounts":[],"rop_publish_now_history":[],"rop_publish_now_status":"pending","footnotes":""},"categories":[8],"tags":[8062,144],"class_list":["post-131247","post","type-post","status-publish","format-standard","has-post-thumbnail","hentry","category-disciplinas-deportivas","tag-segundo-portocarrero","tag-universitario-de-deportes"],"_links":{"self":[{"href":"https:\/\/elinformanteperu.com\/index.php\/wp-json\/wp\/v2\/posts\/131247","targetHints":{"allow":["GET"]}}],"collection":[{"href":"https:\/\/elinformanteperu.com\/index.php\/wp-json\/wp\/v2\/posts"}],"about":[{"href":"https:\/\/elinformanteperu.com\/index.php\/wp-json\/wp\/v2\/types\/post"}],"author":[{"embeddable":true,"href":"https:\/\/elinformanteperu.com\/index.php\/wp-json\/wp\/v2\/users\/1"}],"replies":[{"embeddable":true,"href":"https:\/\/elinformanteperu.com\/index.php\/wp-json\/wp\/v2\/comments?post=131247"}],"version-history":[{"count":1,"href":"https:\/\/elinformanteperu.com\/index.php\/wp-json\/wp\/v2\/posts\/131247\/revisions"}],"predecessor-version":[{"id":131249,"href":"https:\/\/elinformanteperu.com\/index.php\/wp-json\/wp\/v2\/posts\/131247\/revisions\/131249"}],"wp:featuredmedia":[{"embeddable":true,"href":"https:\/\/elinformanteperu.com\/index.php\/wp-json\/wp\/v2\/media\/131248"}],"wp:attachment":[{"href":"https:\/\/elinformanteperu.com\/index.php\/wp-json\/wp\/v2\/media?parent=131247"}],"wp:term":[{"taxonomy":"category","embeddable":true,"href":"https:\/\/elinformanteperu.com\/index.php\/wp-json\/wp\/v2\/categories?post=131247"},{"taxonomy":"post_tag","embeddable":true,"href":"https:\/\/elinformanteperu.com\/index.php\/wp-json\/wp\/v2\/tags?post=131247"}],"curies":[{"name":"wp","href":"https:\/\/api.w.org\/{rel}","templated":true}]}}