{"id":131215,"date":"2024-12-19T01:02:04","date_gmt":"2024-12-19T06:02:04","guid":{"rendered":"https:\/\/elinformanteperu.com\/?p=131215"},"modified":"2024-12-19T01:02:04","modified_gmt":"2024-12-19T06:02:04","slug":"mef-preve-que-noviembre-y-diciembre-seran-buenos-meses-para-la-economia-peruana","status":"publish","type":"post","link":"https:\/\/elinformanteperu.com\/index.php\/2024\/12\/19\/mef-preve-que-noviembre-y-diciembre-seran-buenos-meses-para-la-economia-peruana\/","title":{"rendered":"MEF prev\u00e9 que noviembre y diciembre ser\u00e1n buenos meses para la econom\u00eda peruana"},"content":{"rendered":"<p><strong><span style=\"color: #000000;\">Ministro Jos\u00e9 Arista dice que PBI peruano podr\u00eda crecer m\u00e1s de 3% el pr\u00f3ximo a\u00f1o<\/span><\/strong><\/p>\n<p><span style=\"color: #000000;\"><strong>Lima, 18 Diciembre 2024, (ANDINA).-<\/strong> El ministro de Econom\u00eda y Finanzas, Jos\u00e9 Arista, se\u00f1al\u00f3 hoy que noviembre y diciembre ser\u00e1n buenos meses para la actividad econ\u00f3mica del Per\u00fa.<\/span><\/p>\n<p><span style=\"color: #000000;\">\u201cEste 2024 fue un a\u00f1o realmente espectacular para Per\u00fa. El 2023 fue un a\u00f1o un poco complicado, terminamos con una recesi\u00f3n de 0.6% negativo, es decir, el producto bruto interno (PBI) en vez de crecer se achic\u00f3\u201d, indic\u00f3.<\/span><\/p>\n<p><span style=\"color: #000000;\">\u201cEste a\u00f1o Per\u00fa ha vuelto por la senda del crecimiento, hemos crecido 3.2% y algo m\u00e1s con los datos que vamos a tener de los meses faltantes de noviembre y diciembre\u201d, agreg\u00f3.<\/span><\/p>\n<p><span style=\"color: #000000;\">Jos\u00e9 Arista explic\u00f3 que son optimistas con los resultados de los dos \u00faltimos meses del presente a\u00f1o porque se est\u00e1n observando cifras alentadoras en distintos sectores y rubros.<\/span><\/p>\n<p><span style=\"color: #000000;\">\u201cEn primer lugar, porque no hay veda de la pesca y se ha autorizado una pesca de 2.5 millones de toneladas m\u00e9tricas entre noviembre y diciembre, lo cual es bueno. Hasta la fecha vamos pescando aproximadamente el 70% de este total\u201d, sostuvo.<\/span><\/p>\n<p><span style=\"color: #000000;\">\u201cEn noviembre el crecimiento del consumo de electricidad fue de 4.6%, mientras que en octubre hab\u00eda sido 2.7%. Por eso es que somos optimistas de que noviembre ser\u00e1 mejor que octubre\u201d, a\u00f1adi\u00f3.<\/span><\/p>\n<p><span style=\"color: #000000;\">El ministro detall\u00f3 que en noviembre \u00faltimo las ventas con comprobantes de pago, seg\u00fan informaci\u00f3n proporcionada por la Sunat, creci\u00f3 14.9%, y en el mismo mes las importaciones de capital aumentaron 13% y de bienes de consumo 17.8%.<\/span><\/p>\n<p><span style=\"color: #000000;\">\u201cLos indicadores de Big Data que maneja una conocida empresa bancaria, donde est\u00e1n todas las transacciones que se realizan a trav\u00e9s de tarjetas, se\u00f1alan un crecimiento de 8.4% en noviembre y ya van 12 meses de expansi\u00f3n continua, lo que es paralelo al crecimiento del PBI, porque hay mucha correlaci\u00f3n ah\u00ed\u201d, dijo.<\/span><\/p>\n<p><strong><span style=\"color: #000000;\">Proyecci\u00f3n para el 2025<\/span><\/strong><\/p>\n<p><span style=\"color: #000000;\">Jos\u00e9 Arista consider\u00f3 que estos indicadores hacen pensar que la proyecci\u00f3n de crecimiento de 3% del PBI para el pr\u00f3ximo a\u00f1o, previsi\u00f3n que comparten con el Banco Central de Reserva (BCR), est\u00e1 un poco subestimada.<\/span><\/p>\n<p><span style=\"color: #000000;\">\u201cEl mercado nos est\u00e1 diciendo que el crecimiento para el pr\u00f3ximo a\u00f1o ser\u00e1 a una tasa superior y eso es bueno para todos\u201d, manifest\u00f3.<\/span><\/p>\n<p><span style=\"color: #000000;\">\u201cProyect\u00e1bamos tambi\u00e9n un crecimiento de la inversi\u00f3n de 4.1% para el pr\u00f3ximo a\u00f1o, pero esa cifra no nos alcanza, tenemos que crecer m\u00e1s y para eso necesitamos que la tasa de inversi\u00f3n por lo menos crezca a 7%\u201d, agreg\u00f3.<\/span><\/p>\n<p><span style=\"color: #000000;\">\u201cEs tarea de todos, tanto los que estamos en el sector p\u00fablico como en el sector privado, de brindar la confianza necesaria al inversionista para que venga y apueste por este pa\u00eds, para hacer crecer mucho m\u00e1s la inversi\u00f3n privada porque al final es el 80% de la inversi\u00f3n total, la que mueve la aguja del empleo, el trabajo, el bienestar y el desarrollo\u201d, dijo el ministro.<\/span><\/p>\n<p><span style=\"color: #000000;\">\u201cEl 2025 viene muy bien, los precios internacionales nos siguen favoreciendo. Per\u00fa no debe desperdiciar esta oportunidad que nos est\u00e1 brindando el mercado, porque estas oportunidades no duran para siempre, por eso cuando aparecen hay que aprovecharlas\u201d, a\u00f1adi\u00f3.<\/span><\/p>\n<p><a href=\"https:\/\/elinformanteperu.com\/wp-content\/uploads\/2024\/03\/ministro-de-Economia-y-Finanzas-Jose-Arista1.jpg\"><img fetchpriority=\"high\" decoding=\"async\" class=\"size-large wp-image-119888 aligncenter\" src=\"https:\/\/elinformanteperu.com\/wp-content\/uploads\/2024\/03\/ministro-de-Economia-y-Finanzas-Jose-Arista1-1024x680.jpg\" alt=\"\" width=\"615\" height=\"408\" srcset=\"https:\/\/elinformanteperu.com\/wp-content\/uploads\/2024\/03\/ministro-de-Economia-y-Finanzas-Jose-Arista1-1024x680.jpg 1024w, https:\/\/elinformanteperu.com\/wp-content\/uploads\/2024\/03\/ministro-de-Economia-y-Finanzas-Jose-Arista1-300x199.jpg 300w, https:\/\/elinformanteperu.com\/wp-content\/uploads\/2024\/03\/ministro-de-Economia-y-Finanzas-Jose-Arista1-768x510.jpg 768w, https:\/\/elinformanteperu.com\/wp-content\/uploads\/2024\/03\/ministro-de-Economia-y-Finanzas-Jose-Arista1-1536x1021.jpg 1536w, https:\/\/elinformanteperu.com\/wp-content\/uploads\/2024\/03\/ministro-de-Economia-y-Finanzas-Jose-Arista1.jpg 1800w\" sizes=\"(max-width: 615px) 100vw, 615px\" \/><\/a><\/p>\n","protected":false},"excerpt":{"rendered":"<p>Ministro Jos\u00e9 Arista dice que PBI peruano podr\u00eda crecer m\u00e1s de 3% el pr\u00f3ximo a\u00f1o Lima, 18 Diciembre 2024, (ANDINA).- El ministro de Econom\u00eda y Finanzas, Jos\u00e9 Arista, se\u00f1al\u00f3 hoy que noviembre y diciembre ser\u00e1n buenos meses para la actividad econ\u00f3mica del Per\u00fa. \u201cEste 2024 fue un a\u00f1o realmente espectacular para Per\u00fa. El 2023 fue [&hellip;]<\/p>\n","protected":false},"author":1,"featured_media":124854,"comment_status":"closed","ping_status":"closed","sticky":false,"template":"","format":"standard","meta":{"rop_custom_images_group":[],"rop_custom_messages_group":[],"rop_publish_now":"initial","rop_publish_now_accounts":[],"rop_publish_now_history":[],"rop_publish_now_status":"pending","footnotes":""},"categories":[5],"tags":[7402,315,314],"class_list":["post-131215","post","type-post","status-publish","format-standard","has-post-thumbnail","hentry","category-actualidad-informativa","tag-jose-arista","tag-mef","tag-ministerio-de-economia-y-finanzas"],"_links":{"self":[{"href":"https:\/\/elinformanteperu.com\/index.php\/wp-json\/wp\/v2\/posts\/131215","targetHints":{"allow":["GET"]}}],"collection":[{"href":"https:\/\/elinformanteperu.com\/index.php\/wp-json\/wp\/v2\/posts"}],"about":[{"href":"https:\/\/elinformanteperu.com\/index.php\/wp-json\/wp\/v2\/types\/post"}],"author":[{"embeddable":true,"href":"https:\/\/elinformanteperu.com\/index.php\/wp-json\/wp\/v2\/users\/1"}],"replies":[{"embeddable":true,"href":"https:\/\/elinformanteperu.com\/index.php\/wp-json\/wp\/v2\/comments?post=131215"}],"version-history":[{"count":1,"href":"https:\/\/elinformanteperu.com\/index.php\/wp-json\/wp\/v2\/posts\/131215\/revisions"}],"predecessor-version":[{"id":131216,"href":"https:\/\/elinformanteperu.com\/index.php\/wp-json\/wp\/v2\/posts\/131215\/revisions\/131216"}],"wp:featuredmedia":[{"embeddable":true,"href":"https:\/\/elinformanteperu.com\/index.php\/wp-json\/wp\/v2\/media\/124854"}],"wp:attachment":[{"href":"https:\/\/elinformanteperu.com\/index.php\/wp-json\/wp\/v2\/media?parent=131215"}],"wp:term":[{"taxonomy":"category","embeddable":true,"href":"https:\/\/elinformanteperu.com\/index.php\/wp-json\/wp\/v2\/categories?post=131215"},{"taxonomy":"post_tag","embeddable":true,"href":"https:\/\/elinformanteperu.com\/index.php\/wp-json\/wp\/v2\/tags?post=131215"}],"curies":[{"name":"wp","href":"https:\/\/api.w.org\/{rel}","templated":true}]}}