{"id":131208,"date":"2024-12-19T00:39:38","date_gmt":"2024-12-19T05:39:38","guid":{"rendered":"https:\/\/elinformanteperu.com\/?p=131208"},"modified":"2024-12-19T00:39:38","modified_gmt":"2024-12-19T05:39:38","slug":"mas-de-314-mil-personas-de-comunidades-amazonicas-y-altoandinas-fueron-beneficiadas-por-el-sis","status":"publish","type":"post","link":"https:\/\/elinformanteperu.com\/index.php\/2024\/12\/19\/mas-de-314-mil-personas-de-comunidades-amazonicas-y-altoandinas-fueron-beneficiadas-por-el-sis\/","title":{"rendered":"M\u00e1s de 314 mil personas de comunidades amaz\u00f3nicas y altoandinas fueron beneficiadas por el SIS"},"content":{"rendered":"<p><strong><span style=\"color: #000000;\">En lo que va del a\u00f1o, se han intervenido cerca de 2800 localidades con las campa\u00f1as itinerantes que realiza el Seguro Integral de Salud.<\/span><\/strong><\/p>\n<p><span style=\"color: #000000;\"><strong>Lima, 18 de diciembre del 2024.-<\/strong> El Seguro Integral de Salud (SIS), entidad adscrita al Ministerio de Salud (Minsa), contin\u00faa visitando las diversas comunidades altoandinas y amaz\u00f3nicas del pa\u00eds, brindando orientaci\u00f3n sobre la cobertura que ofrece, a fin de garantizar el acceso a servicios de salud de calidad. A la fecha, se ha intervenido 2791 comunidades, beneficiando a m\u00e1s de 314 000 personas.<\/span><\/p>\n<p><span style=\"color: #000000;\">A trav\u00e9s de la campa\u00f1a \u00abVamos por ti, el SIS cuida de ti\u00bb, se ha logrado brindar orientaci\u00f3n e informaci\u00f3n de los beneficios que ofrece el SIS a miles de personas en zonas de dif\u00edcil acceso. Ellos, ahora, conocen sus derechos en salud, que incluye el acceso gratuito a atenciones m\u00e9dicas, medicamentos, insumos y dispositivos m\u00e9dicos para m\u00e1s de 12 mil diagn\u00f3sticos. Esta labor, que data del 2021, ha alcanzado a 758 distritos mediante 904 campa\u00f1as a nivel nacional.<\/span><\/p>\n<p><span style=\"color: #000000;\">Seg\u00fan datos oficiales, las regiones con mayor n\u00famero de atenciones de orientaci\u00f3n incluyen Loreto, Amazonas, Ayacucho, Apur\u00edmac y Puno, donde el SIS ha trabajado de manera coordinada con los establecimientos de salud locales para acercar los servicios a las comunidades. Adem\u00e1s, se ha priorizado a las poblaciones nativas y rurales, respetando su cultura e idioma mediante materiales informativos en lenguas originarias y la participaci\u00f3n de l\u00edderes locales.<\/span><\/p>\n<p><a href=\"https:\/\/elinformanteperu.com\/wp-content\/uploads\/2024\/12\/SIS-provincias-campana.jpeg\"><img fetchpriority=\"high\" decoding=\"async\" class=\"size-large wp-image-131210 aligncenter\" src=\"https:\/\/elinformanteperu.com\/wp-content\/uploads\/2024\/12\/SIS-provincias-campana-1024x683.jpeg\" alt=\"\" width=\"615\" height=\"410\" srcset=\"https:\/\/elinformanteperu.com\/wp-content\/uploads\/2024\/12\/SIS-provincias-campana-1024x683.jpeg 1024w, https:\/\/elinformanteperu.com\/wp-content\/uploads\/2024\/12\/SIS-provincias-campana-300x200.jpeg 300w, https:\/\/elinformanteperu.com\/wp-content\/uploads\/2024\/12\/SIS-provincias-campana-768x512.jpeg 768w, https:\/\/elinformanteperu.com\/wp-content\/uploads\/2024\/12\/SIS-provincias-campana-1536x1024.jpeg 1536w, https:\/\/elinformanteperu.com\/wp-content\/uploads\/2024\/12\/SIS-provincias-campana.jpeg 1600w\" sizes=\"(max-width: 615px) 100vw, 615px\" \/><\/a><strong><span style=\"color: #000000;\">Reconocimiento<\/span><\/strong><\/p>\n<p><span style=\"color: #000000;\">Este a\u00f1o, el SIS fue galardonado con el Premio de Buenas Pr\u00e1cticas en Gesti\u00f3n P\u00fablica 2024 en la categor\u00eda \u00abComunicaci\u00f3n P\u00fablica Efectiva\u00bb por su campa\u00f1a \u00abVamos por ti, el SIS cuida de ti: comunicaci\u00f3n efectiva y accesible para las comunidades nativas amaz\u00f3nicas y altoandinas\u00bb.<\/span><\/p>\n<p><span style=\"color: #000000;\">El proyecto, liderado por la Oficina General de Imagen Institucional y Transparencia (OGIIT), logr\u00f3 acercar el SIS a m\u00e1s de 821 000 personas mediante estrategias de comunicaci\u00f3n inclusiva, como la producci\u00f3n de materiales en lenguas originarias. La campa\u00f1a permiti\u00f3 a las comunidades m\u00e1s alejadas acceder a servicios de salud financiados por el Estado, contribuyendo a un mayor acceso y cobertura en \u00e1reas rurales.<\/span><\/p>\n<p><span style=\"color: #000000;\">De otro lado, en la categor\u00eda de \u00abInclusi\u00f3n Social\u00bb, el proyecto \u00abVamos por ti, el SIS cuida de ti\u00bb, de la Gerencia del Asegurado, obtuvo la certificaci\u00f3n de \u00abBuena pr\u00e1ctica\u00bb, tras lograr reducir la brecha del 5.13% de poblaci\u00f3n sin seguro de salud.<\/span><\/p>\n<p><span style=\"color: #000000;\">Estas acciones reflejan el compromiso del SIS con la salud de las personas en todo el pa\u00eds, promoviendo la equidad y el acceso universal a la salud, especialmente en las zonas m\u00e1s alejadas y de dif\u00edcil acceso del territorio nacional.<\/span><\/p>\n","protected":false},"excerpt":{"rendered":"<p>En lo que va del a\u00f1o, se han intervenido cerca de 2800 localidades con las campa\u00f1as itinerantes que realiza el Seguro Integral de Salud. Lima, 18 de diciembre del 2024.- El Seguro Integral de Salud (SIS), entidad adscrita al Ministerio de Salud (Minsa), contin\u00faa visitando las diversas comunidades altoandinas y amaz\u00f3nicas del pa\u00eds, brindando orientaci\u00f3n [&hellip;]<\/p>\n","protected":false},"author":1,"featured_media":131209,"comment_status":"closed","ping_status":"closed","sticky":false,"template":"","format":"standard","meta":{"rop_custom_images_group":[],"rop_custom_messages_group":[],"rop_publish_now":"initial","rop_publish_now_accounts":[],"rop_publish_now_history":[],"rop_publish_now_status":"pending","footnotes":""},"categories":[10],"tags":[388,431,1758],"class_list":["post-131208","post","type-post","status-publish","format-standard","has-post-thumbnail","hentry","category-actualidad-municipal","tag-ministerio-de-salud","tag-minsa","tag-sis"],"_links":{"self":[{"href":"https:\/\/elinformanteperu.com\/index.php\/wp-json\/wp\/v2\/posts\/131208","targetHints":{"allow":["GET"]}}],"collection":[{"href":"https:\/\/elinformanteperu.com\/index.php\/wp-json\/wp\/v2\/posts"}],"about":[{"href":"https:\/\/elinformanteperu.com\/index.php\/wp-json\/wp\/v2\/types\/post"}],"author":[{"embeddable":true,"href":"https:\/\/elinformanteperu.com\/index.php\/wp-json\/wp\/v2\/users\/1"}],"replies":[{"embeddable":true,"href":"https:\/\/elinformanteperu.com\/index.php\/wp-json\/wp\/v2\/comments?post=131208"}],"version-history":[{"count":1,"href":"https:\/\/elinformanteperu.com\/index.php\/wp-json\/wp\/v2\/posts\/131208\/revisions"}],"predecessor-version":[{"id":131211,"href":"https:\/\/elinformanteperu.com\/index.php\/wp-json\/wp\/v2\/posts\/131208\/revisions\/131211"}],"wp:featuredmedia":[{"embeddable":true,"href":"https:\/\/elinformanteperu.com\/index.php\/wp-json\/wp\/v2\/media\/131209"}],"wp:attachment":[{"href":"https:\/\/elinformanteperu.com\/index.php\/wp-json\/wp\/v2\/media?parent=131208"}],"wp:term":[{"taxonomy":"category","embeddable":true,"href":"https:\/\/elinformanteperu.com\/index.php\/wp-json\/wp\/v2\/categories?post=131208"},{"taxonomy":"post_tag","embeddable":true,"href":"https:\/\/elinformanteperu.com\/index.php\/wp-json\/wp\/v2\/tags?post=131208"}],"curies":[{"name":"wp","href":"https:\/\/api.w.org\/{rel}","templated":true}]}}