{"id":131206,"date":"2024-12-19T00:30:18","date_gmt":"2024-12-19T05:30:18","guid":{"rendered":"https:\/\/elinformanteperu.com\/?p=131206"},"modified":"2024-12-19T00:30:18","modified_gmt":"2024-12-19T05:30:18","slug":"ministerio-de-cultura-aprobo-tarifas-promocionales-para-la-visita-a-machupicchu-en-2025","status":"publish","type":"post","link":"https:\/\/elinformanteperu.com\/index.php\/2024\/12\/19\/ministerio-de-cultura-aprobo-tarifas-promocionales-para-la-visita-a-machupicchu-en-2025\/","title":{"rendered":"Ministerio de Cultura aprob\u00f3 tarifas promocionales para la visita a Machupicchu en 2025"},"content":{"rendered":"<p><strong><span style=\"color: #000000;\">\u2022 Para el ingreso de 06:00 a. m. y de 3:00 p. m., el costo ser\u00e1 S\/32 en la tarifa general y S\/16 como tarifa estudiante y menor de edad.<\/span><\/strong><\/p>\n<p><span style=\"color: #000000;\"><strong>Lima, 18 Diciembre 2024, (El Informante Per\u00fa).-<\/strong> A trav\u00e9s de la R.M. N.\u00ba 000440-2024-MC, firmada por el ministro Fabricio Valencia, el Ministerio de Cultura aprob\u00f3 las tarifas promocionales para que los visitantes nacionales, extranjeros residentes en el pa\u00eds y ciudadanos de la Comunidad Andina, ingresen a los circuitos de la Ciudad Inka de Machupicchu, nuestro Patrimonio Mundial, durante el 2025.<\/span><\/p>\n<p><span style=\"color: #000000;\">En esta resoluci\u00f3n se se\u00f1ala que habr\u00e1 una tarifa promocional por horarios diferenciados para el acceso a los siguientes circuitos:<\/span><\/p>\n<p><span style=\"color: #000000;\"><strong>&#8211; Circuito 1 o Panor\u00e1mico:<\/strong> Ruta 1-B: Ruta terraza superior (disponible todo el a\u00f1o), Ruta 1-C: Ruta Portada Intipunku y Ruta 1-D: Ruta Puente Inka (disponibles solo en temporada alta).<\/span><br \/>\n<span style=\"color: #000000;\"><strong>&#8211; Circuito 2 o Machupicchu Cl\u00e1sico:<\/strong> Ruta 2-A: Ruta dise\u00f1ada y la Ruta 2-B: Ruta terraza inferior (disponibles todo el a\u00f1o). <\/span><br \/>\n<span style=\"color: #000000;\"><strong>&#8211; Circuito 3 o Circuito de la Realeza:<\/strong> Ruta 3-B: Ruta dise\u00f1ada (disponible todo el a\u00f1o) y la Ruta 3-D: Ruta Huchuypicchu (disponible solo en temporada alta).<\/span><\/p>\n<p><a href=\"https:\/\/elinformanteperu.com\/wp-content\/uploads\/2024\/12\/mincul-entradas-machu-picchu1.jpg\"><img fetchpriority=\"high\" decoding=\"async\" class=\"size-large wp-image-130215 aligncenter\" src=\"https:\/\/elinformanteperu.com\/wp-content\/uploads\/2024\/12\/mincul-entradas-machu-picchu1-1024x748.jpg\" alt=\"\" width=\"615\" height=\"449\" srcset=\"https:\/\/elinformanteperu.com\/wp-content\/uploads\/2024\/12\/mincul-entradas-machu-picchu1-1024x748.jpg 1024w, https:\/\/elinformanteperu.com\/wp-content\/uploads\/2024\/12\/mincul-entradas-machu-picchu1-300x220.jpg 300w, https:\/\/elinformanteperu.com\/wp-content\/uploads\/2024\/12\/mincul-entradas-machu-picchu1-768x561.jpg 768w, https:\/\/elinformanteperu.com\/wp-content\/uploads\/2024\/12\/mincul-entradas-machu-picchu1-1536x1121.jpg 1536w, https:\/\/elinformanteperu.com\/wp-content\/uploads\/2024\/12\/mincul-entradas-machu-picchu1.jpg 1600w\" sizes=\"(max-width: 615px) 100vw, 615px\" \/><\/a><span style=\"color: #000000;\">Esta tarifa promocional diferenciada, aplica en los horarios de: Ingreso de 06:00 a. m. hasta 07:00 a. m. y 3:00 p. m. hasta 4:00 p. m. El costo es S\/32 tarifa general y S\/16 en la tarifa estudiante (educaci\u00f3n superior universitaria y\/o t\u00e9cnica) y menores de edad (de 3 a 17 a\u00f1os).<\/span><\/p>\n<p><span style=\"color: #000000;\">En los dem\u00e1s horarios de ingreso; es decir de las 7:00 a. m. hasta las 2:00 p. m., las tarifas son: S\/64 en general, y S\/32 como tarifa estudiante (educaci\u00f3n superior universitaria y\/o t\u00e9cnica) y menores de edad (de 3 a 17 a\u00f1os).<\/span><\/p>\n<p><span style=\"color: #000000;\">En el caso de la Ruta 1-A: Ruta hacia Monta\u00f1a Machupicchu, Ruta 3-A: Ruta Monta\u00f1a Waynapicchu y Ruta 3-C: Ruta Gran Caverna (solo disponible en temporada alta), las tarifas son: S\/112 general y S\/80 para estudiantes (educaci\u00f3n superior universitaria y\/o t\u00e9cnica) y menores de edad (de 3 a 17 a\u00f1os).<\/span><\/p>\n<p><span style=\"color: #000000;\">Esto aplica a todos los circuitos y rutas disponibles, tanto para temporada regular y temporada alta, para los visitantes nacionales, extranjeros residentes en el pa\u00eds y ciudadanos de la Comunidad Andina. Con esta decisi\u00f3n se busca generar un impacto positivo en el fomento del turismo cultural e impulsa la econom\u00eda local.<\/span><\/p>\n<p><a href=\"https:\/\/elinformanteperu.com\/wp-content\/uploads\/2024\/05\/machu-picchu-entrada.jpg\"><img decoding=\"async\" class=\"size-full wp-image-121221 aligncenter\" src=\"https:\/\/elinformanteperu.com\/wp-content\/uploads\/2024\/05\/machu-picchu-entrada.jpg\" alt=\"\" width=\"702\" height=\"528\" srcset=\"https:\/\/elinformanteperu.com\/wp-content\/uploads\/2024\/05\/machu-picchu-entrada.jpg 702w, https:\/\/elinformanteperu.com\/wp-content\/uploads\/2024\/05\/machu-picchu-entrada-300x226.jpg 300w\" sizes=\"(max-width: 702px) 100vw, 702px\" \/><\/a><strong><span style=\"color: #000000;\">Requisitos<\/span><\/strong><\/p>\n<p><span style=\"color: #000000;\">Para visitar la Llaqta de Machupicchu, es indispensable la presentaci\u00f3n del documento nacional de identidad, carn\u00e9 de extranjer\u00eda o pasaporte f\u00edsico que acredite la condici\u00f3n de ser peruano, residente extranjero o ciudadano de cualquiera de los pa\u00edses de la Comunidad Andina de Naciones \u2013 CAN, seg\u00fan corresponda.<\/span><\/p>\n<p><span style=\"color: #000000;\">Adem\u00e1s, para la tarifa de estudiantes &#8211; nivel de pregrado, se debe presentar el carn\u00e9 f\u00edsico de educaci\u00f3n superior vigente emitido por la SUNEDU, por el Ministerio de Educaci\u00f3n (con datos personales, fotograf\u00eda y fecha de vencimiento) o de la instituci\u00f3n universitaria o t\u00e9cnica extranjera perteneciente a los pa\u00edses miembros de la CAN.<\/span><\/p>\n<p><span style=\"color: #000000;\">La tarifa de menores de edad comprende entre 3 a 17 a\u00f1os cumplidos al momento de la visita, y deben estar acompa\u00f1ados por una persona mayor, quien se responsabiliza de su cuidado y seguridad. Menores de 3 a\u00f1os de edad tienen ingreso libre.<\/span><\/p>\n<p><span style=\"color: #000000;\">Finalmente, el tiempo de permanencia del visitante en los circuitos de la Llaqta de Machupicchu ser\u00e1 de acuerdo a lo establecido en el \u201cReglamento de Usos Sostenible y Visita Tur\u00edstica para la conservaci\u00f3n de la Llaqta o Ciudad Inka de Machupicchu\u201d vigente.<\/span><\/p>\n<p><a href=\"https:\/\/elinformanteperu.com\/wp-content\/uploads\/2024\/03\/machu-picchu-guias-turisticas3.jpg\"><img decoding=\"async\" class=\"size-full wp-image-119382 aligncenter\" src=\"https:\/\/elinformanteperu.com\/wp-content\/uploads\/2024\/03\/machu-picchu-guias-turisticas3.jpg\" alt=\"\" width=\"845\" height=\"528\" srcset=\"https:\/\/elinformanteperu.com\/wp-content\/uploads\/2024\/03\/machu-picchu-guias-turisticas3.jpg 845w, https:\/\/elinformanteperu.com\/wp-content\/uploads\/2024\/03\/machu-picchu-guias-turisticas3-300x187.jpg 300w, https:\/\/elinformanteperu.com\/wp-content\/uploads\/2024\/03\/machu-picchu-guias-turisticas3-768x480.jpg 768w\" sizes=\"(max-width: 845px) 100vw, 845px\" \/><\/a><\/p>\n","protected":false},"excerpt":{"rendered":"<p>\u2022 Para el ingreso de 06:00 a. m. y de 3:00 p. m., el costo ser\u00e1 S\/32 en la tarifa general y S\/16 como tarifa estudiante y menor de edad. Lima, 18 Diciembre 2024, (El Informante Per\u00fa).- A trav\u00e9s de la R.M. N.\u00ba 000440-2024-MC, firmada por el ministro Fabricio Valencia, el Ministerio de Cultura aprob\u00f3 [&hellip;]<\/p>\n","protected":false},"author":1,"featured_media":100088,"comment_status":"closed","ping_status":"closed","sticky":false,"template":"","format":"standard","meta":{"rop_custom_images_group":[],"rop_custom_messages_group":[],"rop_publish_now":"initial","rop_publish_now_accounts":[],"rop_publish_now_history":[],"rop_publish_now_status":"pending","footnotes":""},"categories":[10],"tags":[701,105],"class_list":["post-131206","post","type-post","status-publish","format-standard","has-post-thumbnail","hentry","category-actualidad-municipal","tag-machu-picchu","tag-ministerio-de-cultura"],"_links":{"self":[{"href":"https:\/\/elinformanteperu.com\/index.php\/wp-json\/wp\/v2\/posts\/131206","targetHints":{"allow":["GET"]}}],"collection":[{"href":"https:\/\/elinformanteperu.com\/index.php\/wp-json\/wp\/v2\/posts"}],"about":[{"href":"https:\/\/elinformanteperu.com\/index.php\/wp-json\/wp\/v2\/types\/post"}],"author":[{"embeddable":true,"href":"https:\/\/elinformanteperu.com\/index.php\/wp-json\/wp\/v2\/users\/1"}],"replies":[{"embeddable":true,"href":"https:\/\/elinformanteperu.com\/index.php\/wp-json\/wp\/v2\/comments?post=131206"}],"version-history":[{"count":1,"href":"https:\/\/elinformanteperu.com\/index.php\/wp-json\/wp\/v2\/posts\/131206\/revisions"}],"predecessor-version":[{"id":131207,"href":"https:\/\/elinformanteperu.com\/index.php\/wp-json\/wp\/v2\/posts\/131206\/revisions\/131207"}],"wp:featuredmedia":[{"embeddable":true,"href":"https:\/\/elinformanteperu.com\/index.php\/wp-json\/wp\/v2\/media\/100088"}],"wp:attachment":[{"href":"https:\/\/elinformanteperu.com\/index.php\/wp-json\/wp\/v2\/media?parent=131206"}],"wp:term":[{"taxonomy":"category","embeddable":true,"href":"https:\/\/elinformanteperu.com\/index.php\/wp-json\/wp\/v2\/categories?post=131206"},{"taxonomy":"post_tag","embeddable":true,"href":"https:\/\/elinformanteperu.com\/index.php\/wp-json\/wp\/v2\/tags?post=131206"}],"curies":[{"name":"wp","href":"https:\/\/api.w.org\/{rel}","templated":true}]}}