{"id":131024,"date":"2024-12-17T21:40:25","date_gmt":"2024-12-18T02:40:25","guid":{"rendered":"https:\/\/elinformanteperu.com\/?p=131024"},"modified":"2024-12-17T21:50:50","modified_gmt":"2024-12-18T02:50:50","slug":"en-estreno-como-ser-millonario-antes-que-muera-la-abuela","status":"publish","type":"post","link":"https:\/\/elinformanteperu.com\/index.php\/2024\/12\/17\/en-estreno-como-ser-millonario-antes-que-muera-la-abuela\/","title":{"rendered":"Luto en Espa\u00f1a: Muri\u00f3 Marisa Paredes, la actriz ic\u00f3nica que brill\u00f3 con Pedro Almod\u00f3var"},"content":{"rendered":"<p><span style=\"color: #000000;\"><strong>Lima, 17 Diciembre 2024, (ANDINA).-<\/strong> La actriz espa\u00f1ola Marisa Paredes, con una extensa y aplaudida trayectoria donde brillaron varios filmes con Pedro Almod\u00f3var, falleci\u00f3 a los 78 a\u00f1os, inform\u00f3 la Academia espa\u00f1ola de Cine.<\/span><\/p>\n<p><span style=\"color: #000000;\">\u00abEl cine espa\u00f1ol se queda sin una de sus actrices m\u00e1s ic\u00f3nicas, Marisa Paredes, que deja tras de s\u00ed una larga carrera en la que el p\u00fablico ha podido verla en m\u00e1s de 75 ocasiones en la gran pantalla\u00bb, indic\u00f3 la Academia espa\u00f1ola de Cine en su cuenta de la red social X.<\/span><\/p>\n<p><span style=\"color: #000000;\">Con una prol\u00edfica trayectoria en cine y teatro que arranc\u00f3 en la adolescencia, Paredes fue una de las grandes damas de la interpretaci\u00f3n en Espa\u00f1a, donde incluso lleg\u00f3 a presidir su Academia de Cine entre 2000 y 2003.<\/span><\/p>\n<p><span style=\"color: #000000;\">Su carrera alcanz\u00f3, sin embargo, una nueva dimensi\u00f3n tras su primera colaboraci\u00f3n en 1983 con el por entonces prometedor director Pedro Alm\u00f3dovar, con quien establecer\u00eda una intensa relaci\u00f3n art\u00edstica desde su participaci\u00f3n en \u00abEntre Tinibelas\u00bb.<\/span><\/p>\n<p><span style=\"color: #000000;\">Despu\u00e9s trabajar\u00edan juntos en \u00abTacones Lejanos\u00bb, \u00abLa flor de mi secreto\u00bb, as\u00ed como m\u00e1s tarde en \u00abTodo sobre mi madre\u00bb, \u00abHable con ella\u00bb y \u00abLa piel que habito\u00bb.<\/span><\/p>\n<p><span style=\"color: #000000;\">Galardonada entre otros con el Premio Nacional de Cinematograf\u00eda o el Goya de Honor en 2018, Paredes tambi\u00e9n particip\u00f3 en producciones internacionales como \u00abLa vida es bella\u00bb, del italiano Roberto Benigni, o \u00abEl espinazo del diablo\u00bb, del mexicano Guillermo del Toro.<\/span><\/p>\n<p><a href=\"https:\/\/elinformanteperu.com\/wp-content\/uploads\/2024\/12\/Marisa-Paredes-y-Pedro-Almodovar.jpg\"><img fetchpriority=\"high\" decoding=\"async\" class=\"size-full wp-image-131032 aligncenter\" src=\"https:\/\/elinformanteperu.com\/wp-content\/uploads\/2024\/12\/Marisa-Paredes-y-Pedro-Almodovar.jpg\" alt=\"\" width=\"500\" height=\"333\" srcset=\"https:\/\/elinformanteperu.com\/wp-content\/uploads\/2024\/12\/Marisa-Paredes-y-Pedro-Almodovar.jpg 500w, https:\/\/elinformanteperu.com\/wp-content\/uploads\/2024\/12\/Marisa-Paredes-y-Pedro-Almodovar-300x200.jpg 300w\" sizes=\"(max-width: 500px) 100vw, 500px\" \/><\/a><span style=\"color: #000000;\">\u00abDesolado por la noticia del fallecimiento de Marisa Paredes, una de las actrices m\u00e1s importantes que ha dado nuestro pa\u00eds\u00bb, escribi\u00f3 el presidente del gobierno espa\u00f1ol, Pedro S\u00e1nchez, en su cuenta de X.<\/span><\/p>\n<p><span style=\"color: #000000;\">\u00abSu presencia en cine y teatro y su compromiso con la democracia ser\u00e1n un ejemplo para generaciones posteriores\u00bb, agreg\u00f3 sobre la trayectoria de esta artista muy implicada en causas progresistas.<\/span><\/p>\n<p><strong><span style=\"color: #000000;\">\u00abGran drama\u00bb<\/span><\/strong><\/p>\n<p><span style=\"color: #000000;\">Nacida en 1946 el crudo Madrid de la posguerra civil, esta cuarta hija de una familia humilde consigui\u00f3 convencer finalmente a sus padres que la dejaran ser actriz tras pasar muchas horas delante de los teatros viendo a los actores y esperando una oportunidad.<\/span><\/p>\n<p><span style=\"color: #000000;\">\u00abMi vocaci\u00f3n nace conmigo (&#8230;), pero tuvo mucho que ver el barrio donde viv\u00eda\u00bb, explic\u00f3 en una reciente entrevista con la Academia espa\u00f1ola de Cine, en referencia a su infancia en una c\u00e9ntrica plaza de Madrid, pr\u00f3xima a un teatro.<\/span><\/p>\n<p><span style=\"color: #000000;\">Desde entonces, empez\u00f3 a fraguarse una carrera cimentada en el teatro y apariciones en el cine que tomar\u00eda un nuevo vuelo cuando se cruz\u00f3 con Almod\u00f3var para \u00abEntre tinieblas\u00bb.<\/span><\/p>\n<p><span style=\"color: #000000;\">Despu\u00e9s vendr\u00edan sus ic\u00f3nicas Becky del P\u00e1ramo en \u00abTacones lejanos\u00bb y la interpretaci\u00f3n de la escritora Amanda Gris de \u00abLa flor de mi secreto\u00bb, por la que opt\u00f3 a un premio Goya a la mejor interpretaci\u00f3n.<\/span><\/p>\n<p><span style=\"color: #000000;\">\u00abMarisa puso en m\u00ed una confianza absoluta y me lo dio todo\u00bb, confes\u00f3 el propio Almod\u00f3var en una entrevista con el peri\u00f3dico franc\u00e9s Lib\u00e9ration en 1995.<\/span><\/p>\n<p><span style=\"color: #000000;\">La carrera de esta actriz de mirada honda y voz profunda no se limit\u00f3, sin embargo, al genial director manchego, sino que tambi\u00e9n particip\u00f3 en filmes de Agust\u00ed Villaronga o Arturo Ripstein.<\/span><\/p>\n<p><span style=\"color: #000000;\">\u00abA m\u00ed siempre me han dado personajes especiales\u00bb, explic\u00f3 Paredes en una entrevista con El Pa\u00eds en febrero. \u00abHe tenido la suerte de que, como no tengo pinta espa\u00f1ola (&#8230;) cuando la televisi\u00f3n era culta y daban teatro, yo hac\u00eda todos los dramas de Ch\u00e9jov, de Dostoievski, de Ibsen. Era el alma rusa. El gran drama\u00bb, agregaba.<\/span><\/p>\n<p><span style=\"color: #000000;\">De su uni\u00f3n con el cineasta Antonio Isasi-Isasmendi naci\u00f3 su hija, la tambi\u00e9n actriz Mar\u00eda Isasi.<\/span><\/p>\n<p><span style=\"color: #000000;\">Adem\u00e1s de su prol\u00edfica carrera art\u00edstica, Paredes nunca escondi\u00f3 su ideolog\u00eda progresista y feminista, involucr\u00e1ndose en varias causas. Ella presid\u00eda la Academia de Cine durante la reivindicativa gala de los Premios Goya de 2003, marcada por las protestas contra el apoyo de Espa\u00f1a a la guerra en Irak.<\/span><\/p>\n<p><a href=\"https:\/\/elinformanteperu.com\/wp-content\/uploads\/2024\/12\/Marisa-Paredes1.jpg\"><img decoding=\"async\" class=\"size-full wp-image-131033 aligncenter\" src=\"https:\/\/elinformanteperu.com\/wp-content\/uploads\/2024\/12\/Marisa-Paredes1.jpg\" alt=\"\" width=\"500\" height=\"333\" srcset=\"https:\/\/elinformanteperu.com\/wp-content\/uploads\/2024\/12\/Marisa-Paredes1.jpg 500w, https:\/\/elinformanteperu.com\/wp-content\/uploads\/2024\/12\/Marisa-Paredes1-300x200.jpg 300w\" sizes=\"(max-width: 500px) 100vw, 500px\" \/><\/a><\/p>\n","protected":false},"excerpt":{"rendered":"<p>Lima, 17 Diciembre 2024, (ANDINA).- La actriz espa\u00f1ola Marisa Paredes, con una extensa y aplaudida trayectoria donde brillaron varios filmes con Pedro Almod\u00f3var, falleci\u00f3 a los 78 a\u00f1os, inform\u00f3 la Academia espa\u00f1ola de Cine. \u00abEl cine espa\u00f1ol se queda sin una de sus actrices m\u00e1s ic\u00f3nicas, Marisa Paredes, que deja tras de s\u00ed una larga [&hellip;]<\/p>\n","protected":false},"author":1,"featured_media":131031,"comment_status":"closed","ping_status":"closed","sticky":false,"template":"","format":"standard","meta":{"rop_custom_images_group":[],"rop_custom_messages_group":[],"rop_publish_now":"initial","rop_publish_now_accounts":[],"rop_publish_now_history":[],"rop_publish_now_status":"pending","footnotes":""},"categories":[7],"tags":[8044,1003,8045],"class_list":["post-131024","post","type-post","status-publish","format-standard","has-post-thumbnail","hentry","category-butaca","tag-marisa-paredes","tag-pedro-almodovar","tag-premios-goya"],"_links":{"self":[{"href":"https:\/\/elinformanteperu.com\/index.php\/wp-json\/wp\/v2\/posts\/131024","targetHints":{"allow":["GET"]}}],"collection":[{"href":"https:\/\/elinformanteperu.com\/index.php\/wp-json\/wp\/v2\/posts"}],"about":[{"href":"https:\/\/elinformanteperu.com\/index.php\/wp-json\/wp\/v2\/types\/post"}],"author":[{"embeddable":true,"href":"https:\/\/elinformanteperu.com\/index.php\/wp-json\/wp\/v2\/users\/1"}],"replies":[{"embeddable":true,"href":"https:\/\/elinformanteperu.com\/index.php\/wp-json\/wp\/v2\/comments?post=131024"}],"version-history":[{"count":3,"href":"https:\/\/elinformanteperu.com\/index.php\/wp-json\/wp\/v2\/posts\/131024\/revisions"}],"predecessor-version":[{"id":131034,"href":"https:\/\/elinformanteperu.com\/index.php\/wp-json\/wp\/v2\/posts\/131024\/revisions\/131034"}],"wp:featuredmedia":[{"embeddable":true,"href":"https:\/\/elinformanteperu.com\/index.php\/wp-json\/wp\/v2\/media\/131031"}],"wp:attachment":[{"href":"https:\/\/elinformanteperu.com\/index.php\/wp-json\/wp\/v2\/media?parent=131024"}],"wp:term":[{"taxonomy":"category","embeddable":true,"href":"https:\/\/elinformanteperu.com\/index.php\/wp-json\/wp\/v2\/categories?post=131024"},{"taxonomy":"post_tag","embeddable":true,"href":"https:\/\/elinformanteperu.com\/index.php\/wp-json\/wp\/v2\/tags?post=131024"}],"curies":[{"name":"wp","href":"https:\/\/api.w.org\/{rel}","templated":true}]}}