{"id":130839,"date":"2024-12-16T00:38:03","date_gmt":"2024-12-16T05:38:03","guid":{"rendered":"https:\/\/elinformanteperu.com\/?p=130839"},"modified":"2024-12-16T00:38:03","modified_gmt":"2024-12-16T05:38:03","slug":"andres-iniesta-se-despide-ante-45-000-espectadores-en-tokio","status":"publish","type":"post","link":"https:\/\/elinformanteperu.com\/index.php\/2024\/12\/16\/andres-iniesta-se-despide-ante-45-000-espectadores-en-tokio\/","title":{"rendered":"Andr\u00e9s Iniesta se \u00abdespide\u00bb ante 45.000 espectadores en Tokio"},"content":{"rendered":"<p><strong><span style=\"color: #000000;\">El futbolista espa\u00f1ol le dijo adi\u00f3s al f\u00fatbol en un Cl\u00e1sico de leyendas entre el FC Barcelona y el Real Madrid<\/span><\/strong><\/p>\n<p><span style=\"color: #000000;\"><strong>Tokio, 15 Diciembre 2024, (ANDINA).-<\/strong> El futbolista espa\u00f1ol Andr\u00e9s Iniesta, que anunci\u00f3 en noviembre su retirada, se despidi\u00f3 del p\u00fablico japon\u00e9s este domingo en un Cl\u00e1sico de leyendas entre el FC Barcelona y el Real Madrid, un partido de exhibici\u00f3n ante 45.000 espectadores en Tokio.<\/span><\/p>\n<p><span style=\"color: #000000;\">Iniesta, de 40 a\u00f1os y ganador con Espa\u00f1a de un Mundial (2010) y dos Eurocopas (2008 y 2012), dio una \u00faltima exhibici\u00f3n de su talento y t\u00e9cnica ante un p\u00fablico que le vio jugar cuando se march\u00f3 del Barcelona, club con el que gan\u00f3 32 t\u00edtulos, entre ellos nueve Ligas y cuatro Champions League en 16 a\u00f1os vestido de azulgrana.<\/span><\/p>\n<p><span style=\"color: #000000;\">Suyo fue el centro que la defensa blanca acab\u00f3 desviando a su propia porter\u00eda y que permiti\u00f3 al Bar\u00e7a ganar por 2-1 el partido de exhibici\u00f3n.<\/span><\/p>\n<p><span style=\"color: #000000;\">\u00abCreo que ha sido un gran partido para los aficionados japoneses\u00bb, declar\u00f3 el que fuera jugador del Vissel Kobe del campeonato nip\u00f3n entre 2018 y 2023.<\/span><\/p>\n<p><span style=\"color: #000000;\">\u00abSi se van a casa satisfechos, yo ya soy feliz\u00bb, a\u00f1adi\u00f3 el talentoso centrocampista.<\/span><\/p>\n<p><a href=\"https:\/\/elinformanteperu.com\/wp-content\/uploads\/2024\/12\/iniesta-despedida-brasil-scaled.jpg\"><img fetchpriority=\"high\" decoding=\"async\" class=\"size-large wp-image-130841 aligncenter\" src=\"https:\/\/elinformanteperu.com\/wp-content\/uploads\/2024\/12\/iniesta-despedida-brasil-1024x683.jpg\" alt=\"\" width=\"615\" height=\"410\" srcset=\"https:\/\/elinformanteperu.com\/wp-content\/uploads\/2024\/12\/iniesta-despedida-brasil-1024x683.jpg 1024w, https:\/\/elinformanteperu.com\/wp-content\/uploads\/2024\/12\/iniesta-despedida-brasil-300x200.jpg 300w, https:\/\/elinformanteperu.com\/wp-content\/uploads\/2024\/12\/iniesta-despedida-brasil-768x512.jpg 768w, https:\/\/elinformanteperu.com\/wp-content\/uploads\/2024\/12\/iniesta-despedida-brasil-1536x1025.jpg 1536w, https:\/\/elinformanteperu.com\/wp-content\/uploads\/2024\/12\/iniesta-despedida-brasil-2048x1366.jpg 2048w\" sizes=\"(max-width: 615px) 100vw, 615px\" \/><\/a><span style=\"color: #000000;\">Iniesta jug\u00f3 junto a otros mitos del Bar\u00e7a como Xavi Hern\u00e1ndez, el brasile\u00f1o Rivaldo, el mexicano Rafael M\u00e1rquez y el argentino Javier Saviola.<\/span><\/p>\n<p><span style=\"color: #000000;\">Por el Real Madrid jugaron, entre otros, el portero Iker Casillas, integrante junto a Iniesta y Xavi de la generaci\u00f3n dorada del f\u00fatbol espa\u00f1ol, el brasile\u00f1o Roberto Carlos y el italiano Fabio Cannavaro.<\/span><\/p>\n<p><span style=\"color: #000000;\">\u00abPor supuesto que ninguno de nosotros estamos al mismo nivel que antes, pero el partido de hoy me trajo muchos recuerdos de c\u00f3mo sol\u00edamos jugar\u00bb, indic\u00f3 Iniesta, que jug\u00f3 674 partidos como azulgrana tras debutar con el primer equipo cuando ten\u00eda 18 a\u00f1os.<\/span><\/p>\n<p><span style=\"color: #000000;\">Tal como declar\u00f3 en el acto en Barcelona en el que anunci\u00f3 su retirada en noviembre, Iniesta reiter\u00f3 que su futuro seguir\u00e1 ligado al f\u00fatbol: \u00abEstoy pensando en sacarme el carnet de entrenador y tengo ganas de ver qu\u00e9 me depara mi carrera\u00bb.<\/span><\/p>\n<p><a href=\"https:\/\/elinformanteperu.com\/wp-content\/uploads\/2024\/12\/iniesta-despedida1-scaled.jpg\"><img decoding=\"async\" class=\"size-large wp-image-130842 aligncenter\" src=\"https:\/\/elinformanteperu.com\/wp-content\/uploads\/2024\/12\/iniesta-despedida1-1024x683.jpg\" alt=\"\" width=\"615\" height=\"410\" srcset=\"https:\/\/elinformanteperu.com\/wp-content\/uploads\/2024\/12\/iniesta-despedida1-1024x683.jpg 1024w, https:\/\/elinformanteperu.com\/wp-content\/uploads\/2024\/12\/iniesta-despedida1-300x200.jpg 300w, https:\/\/elinformanteperu.com\/wp-content\/uploads\/2024\/12\/iniesta-despedida1-768x512.jpg 768w, https:\/\/elinformanteperu.com\/wp-content\/uploads\/2024\/12\/iniesta-despedida1-1536x1024.jpg 1536w, https:\/\/elinformanteperu.com\/wp-content\/uploads\/2024\/12\/iniesta-despedida1-2048x1366.jpg 2048w\" sizes=\"(max-width: 615px) 100vw, 615px\" \/><\/a><\/p>\n","protected":false},"excerpt":{"rendered":"<p>El futbolista espa\u00f1ol le dijo adi\u00f3s al f\u00fatbol en un Cl\u00e1sico de leyendas entre el FC Barcelona y el Real Madrid Tokio, 15 Diciembre 2024, (ANDINA).- El futbolista espa\u00f1ol Andr\u00e9s Iniesta, que anunci\u00f3 en noviembre su retirada, se despidi\u00f3 del p\u00fablico japon\u00e9s este domingo en un Cl\u00e1sico de leyendas entre el FC Barcelona y el [&hellip;]<\/p>\n","protected":false},"author":1,"featured_media":130840,"comment_status":"closed","ping_status":"closed","sticky":false,"template":"","format":"standard","meta":{"rop_custom_images_group":[],"rop_custom_messages_group":[],"rop_publish_now":"initial","rop_publish_now_accounts":[],"rop_publish_now_history":[],"rop_publish_now_status":"pending","footnotes":""},"categories":[8],"tags":[1416],"class_list":["post-130839","post","type-post","status-publish","format-standard","has-post-thumbnail","hentry","category-disciplinas-deportivas","tag-andres-iniesta"],"_links":{"self":[{"href":"https:\/\/elinformanteperu.com\/index.php\/wp-json\/wp\/v2\/posts\/130839","targetHints":{"allow":["GET"]}}],"collection":[{"href":"https:\/\/elinformanteperu.com\/index.php\/wp-json\/wp\/v2\/posts"}],"about":[{"href":"https:\/\/elinformanteperu.com\/index.php\/wp-json\/wp\/v2\/types\/post"}],"author":[{"embeddable":true,"href":"https:\/\/elinformanteperu.com\/index.php\/wp-json\/wp\/v2\/users\/1"}],"replies":[{"embeddable":true,"href":"https:\/\/elinformanteperu.com\/index.php\/wp-json\/wp\/v2\/comments?post=130839"}],"version-history":[{"count":1,"href":"https:\/\/elinformanteperu.com\/index.php\/wp-json\/wp\/v2\/posts\/130839\/revisions"}],"predecessor-version":[{"id":130843,"href":"https:\/\/elinformanteperu.com\/index.php\/wp-json\/wp\/v2\/posts\/130839\/revisions\/130843"}],"wp:featuredmedia":[{"embeddable":true,"href":"https:\/\/elinformanteperu.com\/index.php\/wp-json\/wp\/v2\/media\/130840"}],"wp:attachment":[{"href":"https:\/\/elinformanteperu.com\/index.php\/wp-json\/wp\/v2\/media?parent=130839"}],"wp:term":[{"taxonomy":"category","embeddable":true,"href":"https:\/\/elinformanteperu.com\/index.php\/wp-json\/wp\/v2\/categories?post=130839"},{"taxonomy":"post_tag","embeddable":true,"href":"https:\/\/elinformanteperu.com\/index.php\/wp-json\/wp\/v2\/tags?post=130839"}],"curies":[{"name":"wp","href":"https:\/\/api.w.org\/{rel}","templated":true}]}}