{"id":130790,"date":"2024-12-15T00:19:22","date_gmt":"2024-12-15T05:19:22","guid":{"rendered":"https:\/\/elinformanteperu.com\/?p=130790"},"modified":"2024-12-15T00:19:22","modified_gmt":"2024-12-15T05:19:22","slug":"linea-2-del-metro-atu-inicia-obras-para-mejorar-infraestructura-de-unmsm","status":"publish","type":"post","link":"https:\/\/elinformanteperu.com\/index.php\/2024\/12\/15\/linea-2-del-metro-atu-inicia-obras-para-mejorar-infraestructura-de-unmsm\/","title":{"rendered":"L\u00ednea 2 del Metro: ATU inicia obras para mejorar infraestructura de UNMSM"},"content":{"rendered":"<p><strong><span style=\"color: #000000;\">Obras beneficiar\u00e1n a m\u00e1s de 40 mil estudiantes<\/span><\/strong><\/p>\n<p><span style=\"color: #000000;\"><strong>Lima, 14 Diciembre 2024, (ANDINA).-<\/strong> La Autoridad de Transporte Urbano para Lima y Callao (ATU) inici\u00f3 los trabajos para la construcci\u00f3n de una nueva puerta 2, el mejoramiento de la puerta 3 y la instalaci\u00f3n de un nuevo cerco de seguridad en el campus de la Universidad Nacional Mayor de San Marcos (UNMSM), en cumplimiento al acuerdo alcanzado ante la construcci\u00f3n de la estaci\u00f3n de la L\u00ednea 2 del Metro.<\/span><\/p>\n<p><span style=\"color: #000000;\">En agosto \u00faltimo, el Ministerio de Transportes y la ATU se comprometieron a realizar una serie de trabajos y mejoras en dicha casa superior de estudios, a cambio de que esta ceda una parte de su terreno para la construcci\u00f3n de la estaci\u00f3n San Marcos y dos pozos de ventilaci\u00f3n de la L\u00ednea 2 del Metro.<\/span><\/p>\n<p><span style=\"color: #000000;\">La ATU ya comenz\u00f3 con algunos de los trabajos de construcci\u00f3n, como es el caso de la nueva puerta 2, que estar\u00e1 lista en tres meses. Esta nueva infraestructura, que estar\u00e1 ubicada a unos 50 metros de donde se encuentra la actual puerta (cerca de la av. Venezuela), ser\u00e1 de ingreso y salida para veh\u00edculos y peatones y tendr\u00e1 una caseta de seguridad. Adem\u00e1s, el espacio interior contar\u00e1 con mobiliario urbano como bancas y p\u00e9rgolas, estacionamiento para bicicletas y \u00e1reas verdes.<\/span><\/p>\n<p><span style=\"color: #000000;\">Durante un acto simb\u00f3lico de colocaci\u00f3n de la primera piedra, el presidente ejecutivo de la ATU, David Hern\u00e1ndez, se\u00f1al\u00f3 que la construcci\u00f3n de esta nueva puerta forma parte de una serie de obras que no solo mejoran la infraestructura de esta importante casa de estudios, sino que tambi\u00e9n la calidad de vida de estudiantes, docentes y personal administrativo.<\/span><\/p>\n<p><a href=\"https:\/\/elinformanteperu.com\/wp-content\/uploads\/2024\/12\/Linea-2-San-Marcos1.jpg\"><img fetchpriority=\"high\" decoding=\"async\" class=\"size-large wp-image-130792 aligncenter\" src=\"https:\/\/elinformanteperu.com\/wp-content\/uploads\/2024\/12\/Linea-2-San-Marcos1-1024x683.jpg\" alt=\"\" width=\"615\" height=\"410\" srcset=\"https:\/\/elinformanteperu.com\/wp-content\/uploads\/2024\/12\/Linea-2-San-Marcos1-1024x683.jpg 1024w, https:\/\/elinformanteperu.com\/wp-content\/uploads\/2024\/12\/Linea-2-San-Marcos1-300x200.jpg 300w, https:\/\/elinformanteperu.com\/wp-content\/uploads\/2024\/12\/Linea-2-San-Marcos1-768x512.jpg 768w, https:\/\/elinformanteperu.com\/wp-content\/uploads\/2024\/12\/Linea-2-San-Marcos1-1536x1024.jpg 1536w, https:\/\/elinformanteperu.com\/wp-content\/uploads\/2024\/12\/Linea-2-San-Marcos1.jpg 1800w\" sizes=\"(max-width: 615px) 100vw, 615px\" \/><\/a><span style=\"color: #000000;\">Otro de los trabajos que ya se han iniciado es el mejoramiento de la puerta 3 (en la av. Am\u00e9zaga), que tendr\u00e1 un nuevo ingreso y salida exclusiva para ambulancias. Estas mejoras se realizar\u00e1n en un plazo de dos meses e incluyen un ingreso peatonal controlado por molinetes electr\u00f3nicos de acero, una puerta de salida, caseta de vigilancia, \u00e1reas verdes y estacionamientos para veh\u00edculos.<\/span><\/p>\n<p><span style=\"color: #000000;\">Adem\u00e1s, ya se inici\u00f3 la instalaci\u00f3n de un cerco perimetral en varios tramos de la parte exterior de la universidad, en las avenidas Am\u00e9zaga y Venezuela. Para este caso, los trabajos tendr\u00e1n un plazo de ejecuci\u00f3n de 30 d\u00edas.<\/span><\/p>\n<p><span style=\"color: #000000;\">\u00abEsta primera piedra marca un modelo de inserci\u00f3n urbana y refleja el trabajo conjunto de dos instituciones que tiene un mismo objetivo: mejorar los servicios que brindan a la comunidad\u00bb, agreg\u00f3 David Hern\u00e1ndez, quien se\u00f1al\u00f3 que estas obras beneficiar\u00e1n a m\u00e1s de 40 000 estudiantes que no solo disfrutar\u00e1n de las mejoras en su campus, sino que tambi\u00e9n contar\u00e1n con un transporte p\u00fablico moderno, seguro e inclusivo, como ser\u00e1 la L\u00ednea 2.<\/span><\/p>\n<p><span style=\"color: #000000;\">Para el pr\u00f3ximo a\u00f1o, se tiene previsto iniciar otros trabajos como la construcci\u00f3n de una nueva vivienda universitaria y guarder\u00eda, dos edificios multidisciplinarios, el reforzamiento de la tribuna sur del estadio San Marcos, un cerco con paneles antirruido, entre otros.<\/span><\/p>\n","protected":false},"excerpt":{"rendered":"<p>Obras beneficiar\u00e1n a m\u00e1s de 40 mil estudiantes Lima, 14 Diciembre 2024, (ANDINA).- La Autoridad de Transporte Urbano para Lima y Callao (ATU) inici\u00f3 los trabajos para la construcci\u00f3n de una nueva puerta 2, el mejoramiento de la puerta 3 y la instalaci\u00f3n de un nuevo cerco de seguridad en el campus de la Universidad [&hellip;]<\/p>\n","protected":false},"author":1,"featured_media":130791,"comment_status":"closed","ping_status":"closed","sticky":false,"template":"","format":"standard","meta":{"rop_custom_images_group":[],"rop_custom_messages_group":[],"rop_publish_now":"initial","rop_publish_now_accounts":[],"rop_publish_now_history":[],"rop_publish_now_status":"pending","footnotes":""},"categories":[10],"tags":[5422,4559,7546,2407],"class_list":["post-130790","post","type-post","status-publish","format-standard","has-post-thumbnail","hentry","category-actualidad-municipal","tag-atu","tag-autoridad-de-transporte-urbano","tag-linea-2","tag-universidad-nacional-mayor-de-san-marcos"],"_links":{"self":[{"href":"https:\/\/elinformanteperu.com\/index.php\/wp-json\/wp\/v2\/posts\/130790","targetHints":{"allow":["GET"]}}],"collection":[{"href":"https:\/\/elinformanteperu.com\/index.php\/wp-json\/wp\/v2\/posts"}],"about":[{"href":"https:\/\/elinformanteperu.com\/index.php\/wp-json\/wp\/v2\/types\/post"}],"author":[{"embeddable":true,"href":"https:\/\/elinformanteperu.com\/index.php\/wp-json\/wp\/v2\/users\/1"}],"replies":[{"embeddable":true,"href":"https:\/\/elinformanteperu.com\/index.php\/wp-json\/wp\/v2\/comments?post=130790"}],"version-history":[{"count":1,"href":"https:\/\/elinformanteperu.com\/index.php\/wp-json\/wp\/v2\/posts\/130790\/revisions"}],"predecessor-version":[{"id":130793,"href":"https:\/\/elinformanteperu.com\/index.php\/wp-json\/wp\/v2\/posts\/130790\/revisions\/130793"}],"wp:featuredmedia":[{"embeddable":true,"href":"https:\/\/elinformanteperu.com\/index.php\/wp-json\/wp\/v2\/media\/130791"}],"wp:attachment":[{"href":"https:\/\/elinformanteperu.com\/index.php\/wp-json\/wp\/v2\/media?parent=130790"}],"wp:term":[{"taxonomy":"category","embeddable":true,"href":"https:\/\/elinformanteperu.com\/index.php\/wp-json\/wp\/v2\/categories?post=130790"},{"taxonomy":"post_tag","embeddable":true,"href":"https:\/\/elinformanteperu.com\/index.php\/wp-json\/wp\/v2\/tags?post=130790"}],"curies":[{"name":"wp","href":"https:\/\/api.w.org\/{rel}","templated":true}]}}