{"id":130783,"date":"2024-12-15T00:14:33","date_gmt":"2024-12-15T05:14:33","guid":{"rendered":"https:\/\/elinformanteperu.com\/?p=130783"},"modified":"2024-12-15T01:18:09","modified_gmt":"2024-12-15T06:18:09","slug":"mesa-redonda-ofrece-nacimientos-para-todos-los-gustos-donde-se-encuentran","status":"publish","type":"post","link":"https:\/\/elinformanteperu.com\/index.php\/2024\/12\/15\/mesa-redonda-ofrece-nacimientos-para-todos-los-gustos-donde-se-encuentran\/","title":{"rendered":"Mesa Redonda ofrece nacimientos para todos los gustos: \u00bfd\u00f3nde se encuentran?"},"content":{"rendered":"<p><strong><span style=\"color: #000000;\">Comerciantes atender\u00e1n hasta el 31 de diciembre, de 8 a.m. a 10 p.m.<\/span><\/strong><\/p>\n<p><span style=\"color: #000000;\"><strong>Lima, 14 Diciembre 2024, (ANDINA).-<\/strong> Pesebres en miniatura, Reyes Magos luciendo camisetas de clubes deportivos y nacimientos inspirados en las diversas culturas regionales del Per\u00fa son solo algunas de las novedades que trae este a\u00f1o la Gran Feria de Nacimientos en el emporio comercial de Mesa Redonda, en el Cercado de Lima.<\/span><\/p>\n<p><span style=\"color: #000000;\">Un total de 68 stands ofrecen pesebres completos, establos de diferentes tama\u00f1os, pastores, animales y otros art\u00edculos, que van desde los S\/ 3 hasta los S\/ 450, dependiendo del tama\u00f1o y del material con el que se hayan fabricado.<\/span><\/p>\n<p><a href=\"https:\/\/elinformanteperu.com\/wp-content\/uploads\/2024\/12\/mesa-redonda-nacimientos.jpg\"><img fetchpriority=\"high\" decoding=\"async\" class=\"size-large wp-image-130785 aligncenter\" src=\"https:\/\/elinformanteperu.com\/wp-content\/uploads\/2024\/12\/mesa-redonda-nacimientos-1024x683.jpg\" alt=\"\" width=\"615\" height=\"410\" srcset=\"https:\/\/elinformanteperu.com\/wp-content\/uploads\/2024\/12\/mesa-redonda-nacimientos-1024x683.jpg 1024w, https:\/\/elinformanteperu.com\/wp-content\/uploads\/2024\/12\/mesa-redonda-nacimientos-300x200.jpg 300w, https:\/\/elinformanteperu.com\/wp-content\/uploads\/2024\/12\/mesa-redonda-nacimientos-768x512.jpg 768w, https:\/\/elinformanteperu.com\/wp-content\/uploads\/2024\/12\/mesa-redonda-nacimientos-1536x1024.jpg 1536w, https:\/\/elinformanteperu.com\/wp-content\/uploads\/2024\/12\/mesa-redonda-nacimientos.jpg 1800w\" sizes=\"(max-width: 615px) 100vw, 615px\" \/><\/a><strong><span style=\"color: #000000;\">\u00bfCu\u00e1les son las novedades para este a\u00f1o?<\/span><\/strong><\/p>\n<p><span style=\"color: #000000;\">La oferta es diversa y se adapta a todos los presupuestos. Desde nacimientos b\u00e1sicos de seis piezas que incluyen figuras esenciales como Jos\u00e9, Mar\u00eda, Jes\u00fas y los Reyes Magos, hasta elaboradas versiones que representan a la poblaci\u00f3n de la costa, sierra y selva del Per\u00fa.<\/span><\/p>\n<p><span style=\"color: #000000;\">\u201cTenemos nacimientos tradicionales e inspirados en las culturas regionales, como Cusco, Ayacucho, Chiclayo, Ica, Huancayo, Piura y Loreto, que cuestan 20 soles el juego de 6 piezas, y por cinco soles m\u00e1s se agregan dos animales\u201d, coment\u00f3 Victoria Arag\u00f3n, comerciante de la feria, a la Agencia Andina.<\/span><\/p>\n<p><span style=\"color: #000000;\">Para quienes buscan algo m\u00e1s original, tambi\u00e9n hay pesebres tem\u00e1ticos a S\/ 60, con personajes vestidos con camisetas de clubes deportivos como Universitario de Deportes y Alianza Lima, combinando la devoci\u00f3n con la pasi\u00f3n futbol\u00edstica.<\/span><\/p>\n<p><a href=\"https:\/\/elinformanteperu.com\/wp-content\/uploads\/2024\/12\/mesa-redonda-nacimientos2.jpg\"><img decoding=\"async\" class=\"size-large wp-image-130786 aligncenter\" src=\"https:\/\/elinformanteperu.com\/wp-content\/uploads\/2024\/12\/mesa-redonda-nacimientos2-1024x683.jpg\" alt=\"\" width=\"615\" height=\"410\" srcset=\"https:\/\/elinformanteperu.com\/wp-content\/uploads\/2024\/12\/mesa-redonda-nacimientos2-1024x683.jpg 1024w, https:\/\/elinformanteperu.com\/wp-content\/uploads\/2024\/12\/mesa-redonda-nacimientos2-300x200.jpg 300w, https:\/\/elinformanteperu.com\/wp-content\/uploads\/2024\/12\/mesa-redonda-nacimientos2-768x512.jpg 768w, https:\/\/elinformanteperu.com\/wp-content\/uploads\/2024\/12\/mesa-redonda-nacimientos2-1536x1024.jpg 1536w, https:\/\/elinformanteperu.com\/wp-content\/uploads\/2024\/12\/mesa-redonda-nacimientos2.jpg 1800w\" sizes=\"(max-width: 615px) 100vw, 615px\" \/><\/a><span style=\"color: #000000;\">Si disfrutas decorar tu nacimiento con una variedad de animales, la feria ofrece figuras desde S\/ 5 hasta S\/ 20 por docena, seg\u00fan el tama\u00f1o. Este a\u00f1o, tambi\u00e9n se han incorporado nuevas presentaciones en peque\u00f1os corrales, disponibles desde S\/ 3 por unidad.<\/span><\/p>\n<p><span style=\"color: #000000;\">La feria cuenta adem\u00e1s con nacimientos peque\u00f1os ideales para colegios u oficinas, a partir de S\/ 10, y pesebres en miniatura de cer\u00e1mica, perfectos para llevar al cementerio, por S\/ 20. Para los coleccionistas, hay piezas de gran tama\u00f1o fabricadas con cer\u00e1mica y detalles como ojos de vidrio, que pueden alcanzar los S\/ 500.<\/span><\/p>\n<p><span style=\"color: #000000;\">Completa tu nacimiento con una amplia gama de accesorios, incluyendo pastores, arbolitos, papel decorativo y cunas para el Ni\u00f1o Jes\u00fas, con precios que van desde S\/ 5 hasta S\/ 25, dependiendo del modelo y la calidad del material.<\/span><\/p>\n<p><strong><span style=\"color: #000000;\">\u00bfD\u00f3nde se ubican?<\/span><\/strong><\/p>\n<p><a href=\"https:\/\/elinformanteperu.com\/wp-content\/uploads\/2024\/12\/mesa-redonda-nacimientos3.jpg\"><img decoding=\"async\" class=\"size-large wp-image-130787 aligncenter\" src=\"https:\/\/elinformanteperu.com\/wp-content\/uploads\/2024\/12\/mesa-redonda-nacimientos3-1024x683.jpg\" alt=\"\" width=\"615\" height=\"410\" srcset=\"https:\/\/elinformanteperu.com\/wp-content\/uploads\/2024\/12\/mesa-redonda-nacimientos3-1024x683.jpg 1024w, https:\/\/elinformanteperu.com\/wp-content\/uploads\/2024\/12\/mesa-redonda-nacimientos3-300x200.jpg 300w, https:\/\/elinformanteperu.com\/wp-content\/uploads\/2024\/12\/mesa-redonda-nacimientos3-768x512.jpg 768w, https:\/\/elinformanteperu.com\/wp-content\/uploads\/2024\/12\/mesa-redonda-nacimientos3-1536x1024.jpg 1536w, https:\/\/elinformanteperu.com\/wp-content\/uploads\/2024\/12\/mesa-redonda-nacimientos3.jpg 1800w\" sizes=\"(max-width: 615px) 100vw, 615px\" \/><\/a><span style=\"color: #000000;\">La feria estar\u00e1 abierta al p\u00fablico hasta el 31 de diciembre, en horario de 8:00 a.m. a 10:00 p.m., en la cuadra 7 del jir\u00f3n Inambari, ubicada entre los jirones Andahuaylas y Ayacucho, en el Cercado de Lima.<\/span><\/p>\n<p><span style=\"color: #000000;\">Se recomienda evitar la asistencia con ni\u00f1os, adultos mayores o personas con movilidad reducida, debido a la alta afluencia de p\u00fablico y las limitaciones de aforo.<\/span><\/p>\n<p><strong><span style=\"color: #000000;\">Ingresos y salidas<\/span><\/strong><\/p>\n<p><span style=\"color: #000000;\">Cabe recordar que, la Municipalidad Metropolitana ha restringido el acceso peatonal y vehicular en inmediaciones de los emporios comerciales Mesa Redonda y Mercado Central, con el fin de evitar la presencia de ambulantes y riesgos asociados a la aglomeraci\u00f3n de personas.<\/span><\/p>\n<p><span style=\"color: #000000;\">En esa l\u00ednea, se estableci\u00f3 una sola v\u00eda para el ingreso vehicular por el jir\u00f3n Santa Rosa con la avenida Abancay y la salida por el jir\u00f3n Cusco con la avenida Abancay.<\/span><\/p>\n<p><span style=\"color: #000000;\">En tanto, los accesos peatonales se dar\u00e1n \u00fanicamente en el jir\u00f3n Ucayali con la avenida Abancay (ingreso) y en el jir\u00f3n Cusco con la avenida Abancay (salida).<\/span><\/p>\n<p><a href=\"https:\/\/elinformanteperu.com\/wp-content\/uploads\/2024\/12\/mesa-redonda-nacimientos4.jpg\"><img loading=\"lazy\" decoding=\"async\" class=\"size-large wp-image-130788 aligncenter\" src=\"https:\/\/elinformanteperu.com\/wp-content\/uploads\/2024\/12\/mesa-redonda-nacimientos4-1024x683.jpg\" alt=\"\" width=\"615\" height=\"410\" srcset=\"https:\/\/elinformanteperu.com\/wp-content\/uploads\/2024\/12\/mesa-redonda-nacimientos4-1024x683.jpg 1024w, https:\/\/elinformanteperu.com\/wp-content\/uploads\/2024\/12\/mesa-redonda-nacimientos4-300x200.jpg 300w, https:\/\/elinformanteperu.com\/wp-content\/uploads\/2024\/12\/mesa-redonda-nacimientos4-768x512.jpg 768w, https:\/\/elinformanteperu.com\/wp-content\/uploads\/2024\/12\/mesa-redonda-nacimientos4-1536x1024.jpg 1536w, https:\/\/elinformanteperu.com\/wp-content\/uploads\/2024\/12\/mesa-redonda-nacimientos4.jpg 1800w\" sizes=\"(max-width: 615px) 100vw, 615px\" \/><\/a><span style=\"color: #000000;\">Los accesos restringidos son:<\/span><\/p>\n<p><span style=\"color: #000000;\">av. Abancay \/ jr. Puno<\/span><br \/>\n<span style=\"color: #000000;\">av. Abancay \/ jr. Huallaga<\/span><br \/>\n<span style=\"color: #000000;\">av. Abancay \/ jr. ucayali<\/span><br \/>\n<span style=\"color: #000000;\">av. Abancay \/ jr. Miro quesada<\/span><br \/>\n<span style=\"color: #000000;\">av. Abancay \/ jr. Cusco<\/span><br \/>\n<span style=\"color: #000000;\">jr. Ayacucho \/ jr. Huallaga<\/span><br \/>\n<span style=\"color: #000000;\">jr. Huallaga \/ jr. Huallaga<\/span><br \/>\n<span style=\"color: #000000;\">jr. Paruro \/ jr. Huallaga<\/span><br \/>\n<span style=\"color: #000000;\">jr. Paruro \/ jr. Ucayali<\/span><br \/>\n<span style=\"color: #000000;\">jr. Paruro \/ jr. Santa Rosa <\/span><br \/>\n<span style=\"color: #000000;\">jr. Paruro \/ jr. Cusco<\/span><br \/>\n<span style=\"color: #000000;\">jr. Paruro \/ jr. Puno<\/span><br \/>\n<span style=\"color: #000000;\">jr. Andahuaylas \/ av. Nicol\u00e1s de Pi\u00e9rola<\/span><br \/>\n<span style=\"color: #000000;\">jr. Ayacucho \/ jr. Inambari<\/span><br \/>\n<span style=\"color: #000000;\">jr. Pi\u00e9rola \/ jr. Ayacucho.<\/span><\/p>\n","protected":false},"excerpt":{"rendered":"<p>Comerciantes atender\u00e1n hasta el 31 de diciembre, de 8 a.m. a 10 p.m. Lima, 14 Diciembre 2024, (ANDINA).- Pesebres en miniatura, Reyes Magos luciendo camisetas de clubes deportivos y nacimientos inspirados en las diversas culturas regionales del Per\u00fa son solo algunas de las novedades que trae este a\u00f1o la Gran Feria de Nacimientos en el [&hellip;]<\/p>\n","protected":false},"author":1,"featured_media":130784,"comment_status":"closed","ping_status":"closed","sticky":false,"template":"","format":"standard","meta":{"rop_custom_images_group":[],"rop_custom_messages_group":[],"rop_publish_now":"initial","rop_publish_now_accounts":[],"rop_publish_now_history":[],"rop_publish_now_status":"pending","footnotes":""},"categories":[10,5745],"tags":[123,2588,7998],"class_list":["post-130783","post","type-post","status-publish","format-standard","has-post-thumbnail","hentry","category-actualidad-municipal","category-lo-ultimo","tag-mesa-redonda","tag-navidad","tag-navidad-2024"],"_links":{"self":[{"href":"https:\/\/elinformanteperu.com\/index.php\/wp-json\/wp\/v2\/posts\/130783","targetHints":{"allow":["GET"]}}],"collection":[{"href":"https:\/\/elinformanteperu.com\/index.php\/wp-json\/wp\/v2\/posts"}],"about":[{"href":"https:\/\/elinformanteperu.com\/index.php\/wp-json\/wp\/v2\/types\/post"}],"author":[{"embeddable":true,"href":"https:\/\/elinformanteperu.com\/index.php\/wp-json\/wp\/v2\/users\/1"}],"replies":[{"embeddable":true,"href":"https:\/\/elinformanteperu.com\/index.php\/wp-json\/wp\/v2\/comments?post=130783"}],"version-history":[{"count":1,"href":"https:\/\/elinformanteperu.com\/index.php\/wp-json\/wp\/v2\/posts\/130783\/revisions"}],"predecessor-version":[{"id":130789,"href":"https:\/\/elinformanteperu.com\/index.php\/wp-json\/wp\/v2\/posts\/130783\/revisions\/130789"}],"wp:featuredmedia":[{"embeddable":true,"href":"https:\/\/elinformanteperu.com\/index.php\/wp-json\/wp\/v2\/media\/130784"}],"wp:attachment":[{"href":"https:\/\/elinformanteperu.com\/index.php\/wp-json\/wp\/v2\/media?parent=130783"}],"wp:term":[{"taxonomy":"category","embeddable":true,"href":"https:\/\/elinformanteperu.com\/index.php\/wp-json\/wp\/v2\/categories?post=130783"},{"taxonomy":"post_tag","embeddable":true,"href":"https:\/\/elinformanteperu.com\/index.php\/wp-json\/wp\/v2\/tags?post=130783"}],"curies":[{"name":"wp","href":"https:\/\/api.w.org\/{rel}","templated":true}]}}