{"id":130773,"date":"2024-12-15T00:02:59","date_gmt":"2024-12-15T05:02:59","guid":{"rendered":"https:\/\/elinformanteperu.com\/?p=130773"},"modified":"2024-12-15T00:02:59","modified_gmt":"2024-12-15T05:02:59","slug":"destino-de-moda-cusco-espera-recibir-100000-turistas-por-fiestas-de-navidad-y-ano-nuevo","status":"publish","type":"post","link":"https:\/\/elinformanteperu.com\/index.php\/2024\/12\/15\/destino-de-moda-cusco-espera-recibir-100000-turistas-por-fiestas-de-navidad-y-ano-nuevo\/","title":{"rendered":"\u00a1Destino de moda! Cusco espera recibir 100,000 turistas por fiestas de Navidad y A\u00f1o Nuevo"},"content":{"rendered":"<p><strong><span style=\"color: #000000;\">Centro hist\u00f3rico ser\u00e1 espacio de manifestaciones festivas. Tambi\u00e9n habr\u00e1 recorridos tur\u00edsticos<\/span><\/strong><\/p>\n<p><span style=\"color: #000000;\"><strong>Cusco, 14 Diciembre 2024, (ANDINA).-<\/strong> Alrededor de 100,000 turistas nacionales y extranjeros arribar\u00e1n a la ciudad del Cusco para las celebraciones de Navidad y la bienvenida al A\u00f1o Nuevo 2025, estim\u00f3 la Gerencia Regional de Comercio Exterior y Turismo (Gercetur) de Cusco.<\/span><\/p>\n<p><span style=\"color: #000000;\">Sa\u00fal Caipani Altamirano, titular de la Gercetur Cusco, confirm\u00f3 a la Agencia Andina que las reservas realizadas para servicios tur\u00edsticos, hoteles, restaurantes y recorridos, demuestran la masiva afluencia de visitantes para las citadas fechas que se ver\u00e1n principalmente en el centro hist\u00f3rico.<\/span><\/p>\n<p><a href=\"https:\/\/elinformanteperu.com\/wp-content\/uploads\/2024\/12\/cusco-poblacion.jpg\"><img fetchpriority=\"high\" decoding=\"async\" class=\"size-full wp-image-130775 aligncenter\" src=\"https:\/\/elinformanteperu.com\/wp-content\/uploads\/2024\/12\/cusco-poblacion.jpg\" alt=\"\" width=\"500\" height=\"366\" srcset=\"https:\/\/elinformanteperu.com\/wp-content\/uploads\/2024\/12\/cusco-poblacion.jpg 500w, https:\/\/elinformanteperu.com\/wp-content\/uploads\/2024\/12\/cusco-poblacion-300x220.jpg 300w, https:\/\/elinformanteperu.com\/wp-content\/uploads\/2024\/12\/cusco-poblacion-455x334.jpg 455w\" sizes=\"(max-width: 500px) 100vw, 500px\" \/><\/a><span style=\"color: #000000;\">El creciente inter\u00e9s de los turistas de todo el mundo por visitar Cusco en esta \u00e9poca del a\u00f1o es resaltado tambi\u00e9n por Promper\u00fa que afirma que Cusco es un destino m\u00e1gico donde \u00aba energ\u00eda m\u00edstica y la magia ancestral te esperan para un inicio de a\u00f1o lleno de maravillas. #Cusco es perfecto para comenzar este nuevo a\u00f1o de manera \u00fanica\u00bb, subraya.<\/span><\/p>\n<p><span style=\"color: #000000;\">En ese sentido, Promper\u00fa presenta, a trav\u00e9s de su plataforma Y t\u00fa qu\u00e9 planes, las propuestas de viaje que pueden aprovechar los viajeros peruanos que quieren visitar Cusco y comenzar de una manera diferente el nuevo a\u00f1o.<\/span><\/p>\n<p><strong><span style=\"color: #000000;\">Feria Santurantikuy<\/span><\/strong><\/p>\n<p><a href=\"https:\/\/elinformanteperu.com\/wp-content\/uploads\/2024\/12\/cusco-Feria-Santurantikuy.jpg\"><img decoding=\"async\" class=\"size-full wp-image-130776 aligncenter\" src=\"https:\/\/elinformanteperu.com\/wp-content\/uploads\/2024\/12\/cusco-Feria-Santurantikuy.jpg\" alt=\"\" width=\"500\" height=\"333\" srcset=\"https:\/\/elinformanteperu.com\/wp-content\/uploads\/2024\/12\/cusco-Feria-Santurantikuy.jpg 500w, https:\/\/elinformanteperu.com\/wp-content\/uploads\/2024\/12\/cusco-Feria-Santurantikuy-300x200.jpg 300w\" sizes=\"(max-width: 500px) 100vw, 500px\" \/><\/a><span style=\"color: #000000;\">La plaza Mayor, o Hawkaypata, ser\u00e1 el centro de encuentro desde la v\u00edspera del 24 de diciembre, los turistas apreciar\u00e1n la exposici\u00f3n de lo mejor del arte popular alusivo al Nacimiento del Ni\u00f1o Dios durante el tradicional Santurantikuy 2024.<\/span><\/p>\n<p><span style=\"color: #000000;\">Los m\u00e1s de mil artesanos cusque\u00f1os y otros provenientes de otros departamentos del sur del pa\u00eds, expender\u00e1n artesan\u00eda de las diversas l\u00edneas, como imaginer\u00eda, plater\u00eda, pintura, tejidos, entre otros. La Feria Cusque\u00f1a fue declarada como Patrimonio Cultural de la Naci\u00f3n el 2009.<\/span><\/p>\n<p><strong><span style=\"color: #000000;\">Arriban 13,000 turistas al d\u00eda<\/span><\/strong><\/p>\n<p><a href=\"https:\/\/elinformanteperu.com\/wp-content\/uploads\/2024\/12\/cusco-concierto.jpg\"><img decoding=\"async\" class=\"size-full wp-image-130777 aligncenter\" src=\"https:\/\/elinformanteperu.com\/wp-content\/uploads\/2024\/12\/cusco-concierto.jpg\" alt=\"\" width=\"500\" height=\"333\" srcset=\"https:\/\/elinformanteperu.com\/wp-content\/uploads\/2024\/12\/cusco-concierto.jpg 500w, https:\/\/elinformanteperu.com\/wp-content\/uploads\/2024\/12\/cusco-concierto-300x200.jpg 300w\" sizes=\"(max-width: 500px) 100vw, 500px\" \/><\/a><span style=\"color: #000000;\">Seg\u00fan el funcionario, cada d\u00eda llegan alrededor de 13,000 turistas por v\u00eda a\u00e9rea y v\u00eda terrestre. \u201cLo hacen turistas extranjeros, norteamericanos, europeos, latinoamericanos y sobre todo nacionales con cierto inter\u00e9s por la magia que encierra esta fecha en una regi\u00f3n sagrada como Cusco\u201d, subray\u00f3.<\/span><\/p>\n<p><span style=\"color: #000000;\">Aunque Cusco vive en esta \u00e9poca del a\u00f1o la temporada de lluvias, Caipani Alvamirano conf\u00eda en que todo ir\u00e1 bien y espera no se den las cancelaciones y los visitantes puedan recorren y disfrutar de los numerosos atractivos arqueol\u00f3gicos, hist\u00f3ricos y ecol\u00f3gicos de la regi\u00f3n.<\/span><\/p>\n<p><span style=\"color: #000000;\">La noche del 31 de diciembre el centro hist\u00f3rico ser\u00e1 de celebraciones para recibir el 2025, las diversas manifestaciones cusque\u00f1as y extranjeras se entremezclar\u00e1n, las evocaciones a los Apus como las c\u00e1balas, la vuelta a la plaza mayor con cotill\u00f3n y maletas, sin dejar de encender fuegos artificiales y brindar con bebidas y m\u00faltiples abrazos.<\/span><\/p>\n<p><a href=\"https:\/\/elinformanteperu.com\/wp-content\/uploads\/2024\/12\/cusco-machupicchu.jpg\"><img loading=\"lazy\" decoding=\"async\" class=\"size-full wp-image-130778 aligncenter\" src=\"https:\/\/elinformanteperu.com\/wp-content\/uploads\/2024\/12\/cusco-machupicchu.jpg\" alt=\"\" width=\"500\" height=\"332\" srcset=\"https:\/\/elinformanteperu.com\/wp-content\/uploads\/2024\/12\/cusco-machupicchu.jpg 500w, https:\/\/elinformanteperu.com\/wp-content\/uploads\/2024\/12\/cusco-machupicchu-300x199.jpg 300w\" sizes=\"(max-width: 500px) 100vw, 500px\" \/><\/a><span style=\"color: #000000;\">Durante la \u00faltima semana del a\u00f1o, as\u00ed como los primeros d\u00edas de enero los visitantes recorrer\u00e1n el Valle Sagrado de Los Incas, donde se hallan los parques arqueol\u00f3gicos de Chinchero, Pisaq, Ollantaytambo, Moray, entre otros, disfrutar\u00e1n de la gastronom\u00eda y verdes paisajes \u201csin duda, la visita se consolida con Machu Picchu, reconocida por el Ministerio de Comercio Exterior y Turismo\u201d, agreg\u00f3.<\/span><\/p>\n<p><span style=\"color: #000000;\">En vista de la alta demanda tur\u00edstica el Ministerio de Cultura anunci\u00f3 que desde el jueves 19 de diciembre se iniciar\u00e1 la venta de boletos de ingreso a Machu Picchu para los primeros d\u00edas de enero de 2025 (del 1 al 5 de enero).<\/span><\/p>\n<p><span style=\"color: #000000;\">ambi\u00e9n est\u00e1 vigente la norma que indica que el 30 y 31 de diciembre se incrementar\u00e1 el aforo de visitantes a Machu Picchu hasta un m\u00e1ximo de 5,600 personas al d\u00eda.<\/span><\/p>\n<p><a href=\"https:\/\/elinformanteperu.com\/wp-content\/uploads\/2024\/12\/cusco-machupicchu1.jpg\"><img loading=\"lazy\" decoding=\"async\" class=\"size-full wp-image-130779 aligncenter\" src=\"https:\/\/elinformanteperu.com\/wp-content\/uploads\/2024\/12\/cusco-machupicchu1.jpg\" alt=\"\" width=\"500\" height=\"376\" srcset=\"https:\/\/elinformanteperu.com\/wp-content\/uploads\/2024\/12\/cusco-machupicchu1.jpg 500w, https:\/\/elinformanteperu.com\/wp-content\/uploads\/2024\/12\/cusco-machupicchu1-300x226.jpg 300w\" sizes=\"(max-width: 500px) 100vw, 500px\" \/><\/a><strong><span style=\"color: #000000;\">Vinicunca<\/span><\/strong><\/p>\n<p><span style=\"color: #000000;\">Los turistas se dirigir\u00e1n tambi\u00e9n al Valle Sur donde se ofrece la ruta del Barroco Andino, una ruta religiosa que expone los principales templos coloniales, y rutas con atractivos naturales, con algunas restricciones a la monta\u00f1a de colores Vinicunca, en la que operadores en turismo tendr\u00e1n que ser responsables y prever el aspecto climatol\u00f3gico.<\/span><\/p>\n<p><span style=\"color: #000000;\">\u201cHay lluvias, tormentas el\u00e9ctricas, nosotros estamos en constante conversaci\u00f3n con el Servicio Nacional de Meteorolog\u00eda e Hidrolog\u00eda del Per\u00fa (Senamhi). Con la Red de Protecci\u00f3n al Turista se emiten los comunicados de inmediato y ya es responsabilidad de operadores el tomar una ruta y no exponer a nuestros turistas\u201d, subray\u00f3.<\/span><\/p>\n<p><a href=\"https:\/\/elinformanteperu.com\/wp-content\/uploads\/2024\/12\/cusco-vinicunca.jpg\"><img loading=\"lazy\" decoding=\"async\" class=\"size-full wp-image-130780 aligncenter\" src=\"https:\/\/elinformanteperu.com\/wp-content\/uploads\/2024\/12\/cusco-vinicunca.jpg\" alt=\"\" width=\"500\" height=\"409\" srcset=\"https:\/\/elinformanteperu.com\/wp-content\/uploads\/2024\/12\/cusco-vinicunca.jpg 500w, https:\/\/elinformanteperu.com\/wp-content\/uploads\/2024\/12\/cusco-vinicunca-300x245.jpg 300w\" sizes=\"(max-width: 500px) 100vw, 500px\" \/><\/a><span style=\"color: #000000;\">Las restricciones tambi\u00e9n ser\u00edan para aquellos operadores que ofrecen circuitos altoandinos, \u201cque no cuentan con la seguridad ni las medidas correspondientes\u201d.<\/span><\/p>\n<p><strong><span style=\"color: #000000;\">Orden y seguridad<\/span><\/strong><\/p>\n<p><span style=\"color: #000000;\">Las autoridades municipales, policiales, del Ministerio P\u00fablico, Defensa Civil y otras garantizar\u00e1n el orden, seguridad y la limpieza, por medio de un plan que ya alistan, lo mismo en provincias para recibir a aquellos visitantes que recorrer\u00e1n sus atractivos.<\/span><\/p>\n<p><a href=\"https:\/\/elinformanteperu.com\/wp-content\/uploads\/2024\/12\/cusco-plaza-de-armas.jpg\"><img loading=\"lazy\" decoding=\"async\" class=\"size-full wp-image-130781 aligncenter\" src=\"https:\/\/elinformanteperu.com\/wp-content\/uploads\/2024\/12\/cusco-plaza-de-armas.jpg\" alt=\"\" width=\"500\" height=\"333\" srcset=\"https:\/\/elinformanteperu.com\/wp-content\/uploads\/2024\/12\/cusco-plaza-de-armas.jpg 500w, https:\/\/elinformanteperu.com\/wp-content\/uploads\/2024\/12\/cusco-plaza-de-armas-300x200.jpg 300w\" sizes=\"(max-width: 500px) 100vw, 500px\" \/><\/a><\/p>\n","protected":false},"excerpt":{"rendered":"<p>Centro hist\u00f3rico ser\u00e1 espacio de manifestaciones festivas. Tambi\u00e9n habr\u00e1 recorridos tur\u00edsticos Cusco, 14 Diciembre 2024, (ANDINA).- Alrededor de 100,000 turistas nacionales y extranjeros arribar\u00e1n a la ciudad del Cusco para las celebraciones de Navidad y la bienvenida al A\u00f1o Nuevo 2025, estim\u00f3 la Gerencia Regional de Comercio Exterior y Turismo (Gercetur) de Cusco. Sa\u00fal Caipani [&hellip;]<\/p>\n","protected":false},"author":1,"featured_media":130774,"comment_status":"closed","ping_status":"closed","sticky":false,"template":"","format":"standard","meta":{"rop_custom_images_group":[],"rop_custom_messages_group":[],"rop_publish_now":"initial","rop_publish_now_accounts":[],"rop_publish_now_history":[],"rop_publish_now_status":"pending","footnotes":""},"categories":[10],"tags":[1226],"class_list":["post-130773","post","type-post","status-publish","format-standard","has-post-thumbnail","hentry","category-actualidad-municipal","tag-cusco"],"_links":{"self":[{"href":"https:\/\/elinformanteperu.com\/index.php\/wp-json\/wp\/v2\/posts\/130773","targetHints":{"allow":["GET"]}}],"collection":[{"href":"https:\/\/elinformanteperu.com\/index.php\/wp-json\/wp\/v2\/posts"}],"about":[{"href":"https:\/\/elinformanteperu.com\/index.php\/wp-json\/wp\/v2\/types\/post"}],"author":[{"embeddable":true,"href":"https:\/\/elinformanteperu.com\/index.php\/wp-json\/wp\/v2\/users\/1"}],"replies":[{"embeddable":true,"href":"https:\/\/elinformanteperu.com\/index.php\/wp-json\/wp\/v2\/comments?post=130773"}],"version-history":[{"count":1,"href":"https:\/\/elinformanteperu.com\/index.php\/wp-json\/wp\/v2\/posts\/130773\/revisions"}],"predecessor-version":[{"id":130782,"href":"https:\/\/elinformanteperu.com\/index.php\/wp-json\/wp\/v2\/posts\/130773\/revisions\/130782"}],"wp:featuredmedia":[{"embeddable":true,"href":"https:\/\/elinformanteperu.com\/index.php\/wp-json\/wp\/v2\/media\/130774"}],"wp:attachment":[{"href":"https:\/\/elinformanteperu.com\/index.php\/wp-json\/wp\/v2\/media?parent=130773"}],"wp:term":[{"taxonomy":"category","embeddable":true,"href":"https:\/\/elinformanteperu.com\/index.php\/wp-json\/wp\/v2\/categories?post=130773"},{"taxonomy":"post_tag","embeddable":true,"href":"https:\/\/elinformanteperu.com\/index.php\/wp-json\/wp\/v2\/tags?post=130773"}],"curies":[{"name":"wp","href":"https:\/\/api.w.org\/{rel}","templated":true}]}}