{"id":130766,"date":"2024-12-14T22:55:47","date_gmt":"2024-12-15T03:55:47","guid":{"rendered":"https:\/\/elinformanteperu.com\/?p=130766"},"modified":"2024-12-14T22:55:47","modified_gmt":"2024-12-15T03:55:47","slug":"region-ica-preve-exportacion-de-pecanas-a-china-en-julio-del-2025","status":"publish","type":"post","link":"https:\/\/elinformanteperu.com\/index.php\/2024\/12\/14\/region-ica-preve-exportacion-de-pecanas-a-china-en-julio-del-2025\/","title":{"rendered":"Regi\u00f3n Ica prev\u00e9 exportaci\u00f3n de pecanas a China en julio del 2025"},"content":{"rendered":"<p><span style=\"color: #000000;\"><strong>Lima, 14 Diciembre 2024, (ANDINA).-<\/strong> Juan Carlos Santhome Bernales, presidente del gremio de productores de pecana de la Asociaci\u00f3n de Agricultores de Ica anunci\u00f3 que, en el julio del 2025, el Per\u00fa iniciar\u00e1 la exportaci\u00f3n de pecanas al China luego de ocho a\u00f1os de negociaciones.<\/span><\/p>\n<p><span style=\"color: #000000;\">Este acuerdo comercial que suscribi\u00f3 Per\u00fa y China en el APEC Per\u00fa 2024 representa una gran oportunidad para los productores de la regi\u00f3n Ica que permitir\u00e1 impulsar el crecimiento de la producci\u00f3n de pecana en el pa\u00eds.<\/span><\/p>\n<p><a href=\"https:\/\/elinformanteperu.com\/wp-content\/uploads\/2024\/12\/pecanas-region-ica1.jpg\"><img fetchpriority=\"high\" decoding=\"async\" class=\"size-full wp-image-130768 aligncenter\" src=\"https:\/\/elinformanteperu.com\/wp-content\/uploads\/2024\/12\/pecanas-region-ica1.jpg\" alt=\"\" width=\"500\" height=\"333\" srcset=\"https:\/\/elinformanteperu.com\/wp-content\/uploads\/2024\/12\/pecanas-region-ica1.jpg 500w, https:\/\/elinformanteperu.com\/wp-content\/uploads\/2024\/12\/pecanas-region-ica1-300x200.jpg 300w\" sizes=\"(max-width: 500px) 100vw, 500px\" \/><\/a><\/p>\n<p><span style=\"color: #000000;\">\u201cEn la regi\u00f3n Ica se produce varias variedades de pecanas siendo la Mahan la variedad m\u00e1s cultivada y las m\u00e1s apreciada en China que es el mercado que se acaba de abrir\u201d, dijo en la ceremonia de recomiendo a los actores claves en el proceso de exportaci\u00f3n de la pecana con la Rep\u00fablica Popular de China.<\/span><\/p>\n<p><span style=\"color: #000000;\">Explic\u00f3 que las pecanas Mahan es una variedad de nuez de gran tama\u00f1o, alargada, de buen sabor y de buena calidad que se adapt\u00f3 al clima de Ica.<\/span><\/p>\n<p><span style=\"color: #000000;\">\u201cEn el 2018 iniciamos las conversaciones para exportar pecanas a China, este logro es producto del trabajo p\u00fablico-privado cuando los productores de pecana le solicitamos a Senasa gestionar el ingreso de la pecana al mercado chino\u201d, manifest\u00f3.<\/span><\/p>\n<p><strong><span style=\"color: #000000;\">Control biol\u00f3gico<\/span><\/strong><\/p>\n<p><a href=\"https:\/\/elinformanteperu.com\/wp-content\/uploads\/2024\/12\/pecanas-region-ica2.jpg\"><img decoding=\"async\" class=\"size-full wp-image-130769 aligncenter\" src=\"https:\/\/elinformanteperu.com\/wp-content\/uploads\/2024\/12\/pecanas-region-ica2.jpg\" alt=\"\" width=\"500\" height=\"333\" srcset=\"https:\/\/elinformanteperu.com\/wp-content\/uploads\/2024\/12\/pecanas-region-ica2.jpg 500w, https:\/\/elinformanteperu.com\/wp-content\/uploads\/2024\/12\/pecanas-region-ica2-300x200.jpg 300w\" sizes=\"(max-width: 500px) 100vw, 500px\" \/><\/a><\/p>\n<p><span style=\"color: #000000;\">Sostuvo que la campa\u00f1a 2024 el pulg\u00f3n amarrillo afect\u00f3 las plantas de pecana lo que ocasion\u00f3 que la producci\u00f3n descienda en un 70 % por hect\u00e1rea.<\/span><\/p>\n<p><span style=\"color: #000000;\">\u201cPara combatir la plaga de pulg\u00f3n amarrillo se realiza el control biol\u00f3gico con el insecto crisopa. Liberamos los insectos y se alimentan del pulg\u00f3n\u201d, agreg\u00f3.<\/span><\/p>\n<p><span style=\"color: #000000;\">Preciso que para la campa\u00f1a 2025 ser\u00e1 un buen a\u00f1o de producci\u00f3n y que la cosecha de pecanas se realizar\u00e1 entre mayo y junio.<\/span><\/p>\n<p><strong><span style=\"color: #000000;\">Producci\u00f3n de pecanas<\/span><\/strong><\/p>\n<p><a href=\"https:\/\/elinformanteperu.com\/wp-content\/uploads\/2024\/12\/pecanas-region-ica3.jpg\"><img decoding=\"async\" class=\"size-full wp-image-130770 aligncenter\" src=\"https:\/\/elinformanteperu.com\/wp-content\/uploads\/2024\/12\/pecanas-region-ica3.jpg\" alt=\"\" width=\"500\" height=\"333\" srcset=\"https:\/\/elinformanteperu.com\/wp-content\/uploads\/2024\/12\/pecanas-region-ica3.jpg 500w, https:\/\/elinformanteperu.com\/wp-content\/uploads\/2024\/12\/pecanas-region-ica3-300x200.jpg 300w\" sizes=\"(max-width: 500px) 100vw, 500px\" \/><\/a><span style=\"color: #000000;\">En una hect\u00e1rea se produce un aproximado de 2500 kilos de pecanas en los primeros a\u00f1os, pero la producci\u00f3n de pecanas aumenta su producci\u00f3n conforme aumenta los a\u00f1os de vida de la planta. A mayor edad mayor producci\u00f3n. <\/span><br \/>\n<span style=\"color: #000000;\">Para cosecha una hect\u00e1rea de pecana se requiere una inversi\u00f3n de entre S\/ 22 000 a S\/ 37 000.<\/span><\/p>\n<p><span style=\"color: #000000;\">Jimmy Risco Chacaltana, director de la Direcci\u00f3n de Informaci\u00f3n Agraria de la Direcci\u00f3n Regional de Agricultura en declaraciones a la Agencia Andina sostuvo que en la regi\u00f3n Ica tiene 2827 hect\u00e1reas de arboles de pecana.<\/span><\/p>\n<p><span style=\"color: #000000;\">Detall\u00f3 que la provincia de Ica hay 2,073 hect\u00e1reas, en Chincha 184, en Nasca 193, Palpa con 81 y Pisco con 295.<\/span><\/p>\n<p><strong><span style=\"color: #000000;\">Consumo<\/span><\/strong><\/p>\n<p><a href=\"https:\/\/elinformanteperu.com\/wp-content\/uploads\/2024\/12\/pecanas-region-ica4.jpg\"><img loading=\"lazy\" decoding=\"async\" class=\"size-full wp-image-130771 aligncenter\" src=\"https:\/\/elinformanteperu.com\/wp-content\/uploads\/2024\/12\/pecanas-region-ica4.jpg\" alt=\"\" width=\"500\" height=\"333\" srcset=\"https:\/\/elinformanteperu.com\/wp-content\/uploads\/2024\/12\/pecanas-region-ica4.jpg 500w, https:\/\/elinformanteperu.com\/wp-content\/uploads\/2024\/12\/pecanas-region-ica4-300x200.jpg 300w\" sizes=\"(max-width: 500px) 100vw, 500px\" \/><\/a><span style=\"color: #000000;\">La pecana puede ser consumida fresca y en Ica es el ingrediente principal de la chocoteja, igualmente es consumida en helados, torta y en ensaladas.<\/span><\/p>\n<p><strong><span style=\"color: #000000;\">Protocolo fitosanitario<\/span><\/strong><\/p>\n<p><span style=\"color: #000000;\">Para exportar las pecanas, este producto debe cumplir con los requisitos de las leyes y reglamentos chinos sobre inocuidad alimentaria y cuarentena vegetal, adem\u00e1s, estar libre de las plagas cuarentenarias de inter\u00e9s para China: Oiketicus kirbyi y Aleurodicus dispersus.<\/span><\/p>\n<p><strong><span style=\"color: #000000;\">El dato<\/span><\/strong><\/p>\n<p><span style=\"color: #000000;\">Un kilo de pecana de buena calidad debe tener 90 a 100 unidades.<\/span><\/p>\n","protected":false},"excerpt":{"rendered":"<p>Lima, 14 Diciembre 2024, (ANDINA).- Juan Carlos Santhome Bernales, presidente del gremio de productores de pecana de la Asociaci\u00f3n de Agricultores de Ica anunci\u00f3 que, en el julio del 2025, el Per\u00fa iniciar\u00e1 la exportaci\u00f3n de pecanas al China luego de ocho a\u00f1os de negociaciones. Este acuerdo comercial que suscribi\u00f3 Per\u00fa y China en el [&hellip;]<\/p>\n","protected":false},"author":1,"featured_media":130767,"comment_status":"closed","ping_status":"closed","sticky":false,"template":"","format":"standard","meta":{"rop_custom_images_group":[],"rop_custom_messages_group":[],"rop_publish_now":"initial","rop_publish_now_accounts":[],"rop_publish_now_history":[],"rop_publish_now_status":"pending","footnotes":""},"categories":[10],"tags":[1361,8034],"class_list":["post-130766","post","type-post","status-publish","format-standard","has-post-thumbnail","hentry","category-actualidad-municipal","tag-ica","tag-pecanas"],"_links":{"self":[{"href":"https:\/\/elinformanteperu.com\/index.php\/wp-json\/wp\/v2\/posts\/130766","targetHints":{"allow":["GET"]}}],"collection":[{"href":"https:\/\/elinformanteperu.com\/index.php\/wp-json\/wp\/v2\/posts"}],"about":[{"href":"https:\/\/elinformanteperu.com\/index.php\/wp-json\/wp\/v2\/types\/post"}],"author":[{"embeddable":true,"href":"https:\/\/elinformanteperu.com\/index.php\/wp-json\/wp\/v2\/users\/1"}],"replies":[{"embeddable":true,"href":"https:\/\/elinformanteperu.com\/index.php\/wp-json\/wp\/v2\/comments?post=130766"}],"version-history":[{"count":1,"href":"https:\/\/elinformanteperu.com\/index.php\/wp-json\/wp\/v2\/posts\/130766\/revisions"}],"predecessor-version":[{"id":130772,"href":"https:\/\/elinformanteperu.com\/index.php\/wp-json\/wp\/v2\/posts\/130766\/revisions\/130772"}],"wp:featuredmedia":[{"embeddable":true,"href":"https:\/\/elinformanteperu.com\/index.php\/wp-json\/wp\/v2\/media\/130767"}],"wp:attachment":[{"href":"https:\/\/elinformanteperu.com\/index.php\/wp-json\/wp\/v2\/media?parent=130766"}],"wp:term":[{"taxonomy":"category","embeddable":true,"href":"https:\/\/elinformanteperu.com\/index.php\/wp-json\/wp\/v2\/categories?post=130766"},{"taxonomy":"post_tag","embeddable":true,"href":"https:\/\/elinformanteperu.com\/index.php\/wp-json\/wp\/v2\/tags?post=130766"}],"curies":[{"name":"wp","href":"https:\/\/api.w.org\/{rel}","templated":true}]}}