{"id":130728,"date":"2024-12-14T21:08:53","date_gmt":"2024-12-15T02:08:53","guid":{"rendered":"https:\/\/elinformanteperu.com\/?p=130728"},"modified":"2024-12-14T21:08:53","modified_gmt":"2024-12-15T02:08:53","slug":"universitario-confirmo-la-salida-de-marco-saravia-quien-jugara-en-cusco-fc","status":"publish","type":"post","link":"https:\/\/elinformanteperu.com\/index.php\/2024\/12\/14\/universitario-confirmo-la-salida-de-marco-saravia-quien-jugara-en-cusco-fc\/","title":{"rendered":"Universitario confirm\u00f3 la salida de Marco Saravia, quien jugar\u00e1 en Cusco FC"},"content":{"rendered":"<p><strong><span style=\"color: #000000;\">El defensa &#8216;Crema&#8217; no entra en los planes del t\u00e9cnico Fabi\u00e1n Bustos para el 2025.<\/span><\/strong><\/p>\n<p><span style=\"color: #000000;\"><strong>Lima, 14 Diciembre 2024, (ANDINA).-<\/strong> Cusco FC anunci\u00f3 la incorporaci\u00f3n de Marco Saravia como su nuevo refuerzo para la temporada 2025, en la que el equipo disputar\u00e1 la primera fase de la Copa Conmebol Sudamericana y la Liga 1. El defensor llega en calidad de pr\u00e9stamo desde Universitario de Deportes, club que confirm\u00f3 la cesi\u00f3n del jugador.<\/span><\/p>\n<p><span style=\"color: #000000;\">\u00ab\u00a1Un nuevo guerrero dorado llega a nuestro imperio! Es un honor darle la bienvenida a Marco Saravia, un defensor central con garra, talento y coraz\u00f3n de campe\u00f3n\u00bb, destac\u00f3 Cusco FC en sus redes sociales al presentar al jugador.<\/span><\/p>\n<p><span style=\"color: #000000;\">El club imperial tambi\u00e9n valor\u00f3 el pasado del futbolista: \u00abMarco llega desde Universitario de Deportes para sumarse a nuestra familia y defender con orgullo los colores de Cusco en cada batalla sobre el c\u00e9sped. Sabemos que su compromiso y entrega ser\u00e1n fundamentales para escribir nuevas p\u00e1ginas doradas en nuestra historia\u00bb.<\/span><\/p>\n<p><span style=\"color: #000000;\">Por su parte, Universitario de Deportes se pronunci\u00f3 dese\u00e1ndole \u00e9xitos en esta nueva etapa: \u00abNuestro futbolista Marco Saravia jugar\u00e1 a pr\u00e9stamo en Cusco FC la siguiente temporada. \u00a1\u00c9xitos en tus nuevos retos, \u2018Fara\u00f3n\u2019!\u00bb.<\/span><\/p>\n<p><strong><span style=\"color: #000000;\">Su paso por Universitario<\/span><\/strong><\/p>\n<p><span style=\"color: #000000;\">En la temporada 2024, Saravia tuvo poca participaci\u00f3n en Universitario, jugando solo cinco partidos: cuatro en la Copa Libertadores y uno en el Torneo Apertura. Ahora, con su llegada a Cusco FC, el defensor buscar\u00e1 consolidarse como titular y contribuir al \u00e9xito del equipo tanto a nivel nacional como internacional.<\/span><\/p>\n<p><span style=\"color: #000000;\">El fichaje de Saravia refuerza las aspiraciones de Cusco FC, que apunta a realizar una campa\u00f1a destacada en la pr\u00f3xima edici\u00f3n de la Copa Sudamericana y mantenerse competitivo en la Liga 1.<\/span><\/p>\n<blockquote class=\"twitter-tweet\">\n<p dir=\"ltr\" lang=\"es\">\u00a1Un nuevo guerrero dorado llega a nuestro imperio! \ud83d\udc9b\u2728<\/p>\n<p>Es un honor darle la bienvenida a Marco Saravia, un defensor central con garra, talento y coraz\u00f3n de campe\u00f3n. \ud83d\udee1\ufe0f\u26bd<\/p>\n<p>\u00a1Bienvenido, Marco! Aqu\u00ed, juntos lucharemos por la gloria. \ud83d\udc9b <a href=\"https:\/\/twitter.com\/hashtag\/FuerzaCusco?src=hash&amp;ref_src=twsrc%5Etfw\">#FuerzaCusco<\/a> <a href=\"https:\/\/twitter.com\/hashtag\/LegadoDorado?src=hash&amp;ref_src=twsrc%5Etfw\">#LegadoDorado<\/a> <a href=\"https:\/\/t.co\/yXAkzapXZx\">pic.twitter.com\/yXAkzapXZx<\/a><\/p>\n<p>\u2014 Cusco FC (@CuscoFC_2009) <a href=\"https:\/\/twitter.com\/CuscoFC_2009\/status\/1867687426728280236?ref_src=twsrc%5Etfw\">December 13, 2024<\/a><\/p><\/blockquote>\n<p><script async src=\"https:\/\/platform.twitter.com\/widgets.js\" charset=\"utf-8\"><\/script><\/p>\n","protected":false},"excerpt":{"rendered":"<p>El defensa &#8216;Crema&#8217; no entra en los planes del t\u00e9cnico Fabi\u00e1n Bustos para el 2025. Lima, 14 Diciembre 2024, (ANDINA).- Cusco FC anunci\u00f3 la incorporaci\u00f3n de Marco Saravia como su nuevo refuerzo para la temporada 2025, en la que el equipo disputar\u00e1 la primera fase de la Copa Conmebol Sudamericana y la Liga 1. El [&hellip;]<\/p>\n","protected":false},"author":1,"featured_media":130729,"comment_status":"closed","ping_status":"closed","sticky":false,"template":"","format":"standard","meta":{"rop_custom_images_group":[],"rop_custom_messages_group":[],"rop_publish_now":"initial","rop_publish_now_accounts":[],"rop_publish_now_history":[],"rop_publish_now_status":"pending","footnotes":""},"categories":[8],"tags":[5270,8029,144],"class_list":["post-130728","post","type-post","status-publish","format-standard","has-post-thumbnail","hentry","category-disciplinas-deportivas","tag-cusco-fc","tag-marco-saravia","tag-universitario-de-deportes"],"_links":{"self":[{"href":"https:\/\/elinformanteperu.com\/index.php\/wp-json\/wp\/v2\/posts\/130728","targetHints":{"allow":["GET"]}}],"collection":[{"href":"https:\/\/elinformanteperu.com\/index.php\/wp-json\/wp\/v2\/posts"}],"about":[{"href":"https:\/\/elinformanteperu.com\/index.php\/wp-json\/wp\/v2\/types\/post"}],"author":[{"embeddable":true,"href":"https:\/\/elinformanteperu.com\/index.php\/wp-json\/wp\/v2\/users\/1"}],"replies":[{"embeddable":true,"href":"https:\/\/elinformanteperu.com\/index.php\/wp-json\/wp\/v2\/comments?post=130728"}],"version-history":[{"count":1,"href":"https:\/\/elinformanteperu.com\/index.php\/wp-json\/wp\/v2\/posts\/130728\/revisions"}],"predecessor-version":[{"id":130730,"href":"https:\/\/elinformanteperu.com\/index.php\/wp-json\/wp\/v2\/posts\/130728\/revisions\/130730"}],"wp:featuredmedia":[{"embeddable":true,"href":"https:\/\/elinformanteperu.com\/index.php\/wp-json\/wp\/v2\/media\/130729"}],"wp:attachment":[{"href":"https:\/\/elinformanteperu.com\/index.php\/wp-json\/wp\/v2\/media?parent=130728"}],"wp:term":[{"taxonomy":"category","embeddable":true,"href":"https:\/\/elinformanteperu.com\/index.php\/wp-json\/wp\/v2\/categories?post=130728"},{"taxonomy":"post_tag","embeddable":true,"href":"https:\/\/elinformanteperu.com\/index.php\/wp-json\/wp\/v2\/tags?post=130728"}],"curies":[{"name":"wp","href":"https:\/\/api.w.org\/{rel}","templated":true}]}}