{"id":130724,"date":"2024-12-14T21:03:59","date_gmt":"2024-12-15T02:03:59","guid":{"rendered":"https:\/\/elinformanteperu.com\/?p=130724"},"modified":"2024-12-14T21:03:59","modified_gmt":"2024-12-15T02:03:59","slug":"cesar-payovich-y-el-consejo-que-le-da-a-franco-zanellato-para-su-futuro","status":"publish","type":"post","link":"https:\/\/elinformanteperu.com\/index.php\/2024\/12\/14\/cesar-payovich-y-el-consejo-que-le-da-a-franco-zanellato-para-su-futuro\/","title":{"rendered":"C\u00e9sar Payovich y el consejo que le da a Franco Zanellato para su futuro"},"content":{"rendered":"<p><strong><span style=\"color: #000000;\">Adem\u00e1s, el t\u00e9cnico \u00b4charrua\u00b4 resalt\u00f3 las notables cualidades del futbolista de 24 a\u00f1os.<\/span><\/strong><\/p>\n<p><span style=\"color: #000000;\"><strong>Lima, 14 Diciembre 2024, (ANDINA).-<\/strong> El futuro de Franco Zanelatto para la temporada 2025 es incierto, ya que su contrato con Alianza Lima finaliza en 2024. Ante esta situaci\u00f3n, C\u00e9sar Payovich, quien lo dirigi\u00f3 en la Universidad San Mart\u00edn, le ofreci\u00f3 un valioso consejo para su futuro deportivo.<\/span><\/p>\n<p><span style=\"color: #000000;\">Zanelatto lleg\u00f3 a Alianza Lima en 2021 con un contrato de tres a\u00f1os, pero fue cedido a pr\u00e9stamo a Alianza Atl\u00e9tico de Sullana. All\u00ed, tuvo una buena temporada , disputando 28 partidos y anotando 7 goles.<\/span><\/p>\n<p><span style=\"color: #000000;\">En 2023, regres\u00f3 a Alianza Lima y debut\u00f3 oficialmente el 12 de febrero contra Sport Boys. Su primer gol con la camiseta \u00ab\u00cdntima\u00bb lleg\u00f3 el 26 de marzo frente a Atl\u00e9tico Grau, en el Estadio Municipal de Bernal. Una semana despu\u00e9s, brill\u00f3 con un doblete ante Cienciano en el Alejandro Villanueva.<\/span><\/p>\n<p><span style=\"color: #000000;\">Durante la temporada 2024, Zanelatto sufri\u00f3 algunas lesiones que no le permitieron consolidarse en el equipo \u00b4Blanquiazul\u00b4, participando en 33 partidos (27 en la Liga 1 y 6 en la Copa Libertadores). Aunque no anot\u00f3, brind\u00f3 4 asistencias.<\/span><\/p>\n<p><a href=\"https:\/\/elinformanteperu.com\/wp-content\/uploads\/2024\/12\/Franco-Zanellato.jpg\"><img fetchpriority=\"high\" decoding=\"async\" class=\"size-large wp-image-130726 aligncenter\" src=\"https:\/\/elinformanteperu.com\/wp-content\/uploads\/2024\/12\/Franco-Zanellato-1024x683.jpg\" alt=\"\" width=\"615\" height=\"410\" srcset=\"https:\/\/elinformanteperu.com\/wp-content\/uploads\/2024\/12\/Franco-Zanellato-1024x683.jpg 1024w, https:\/\/elinformanteperu.com\/wp-content\/uploads\/2024\/12\/Franco-Zanellato-300x200.jpg 300w, https:\/\/elinformanteperu.com\/wp-content\/uploads\/2024\/12\/Franco-Zanellato-768x512.jpg 768w, https:\/\/elinformanteperu.com\/wp-content\/uploads\/2024\/12\/Franco-Zanellato-1536x1024.jpg 1536w, https:\/\/elinformanteperu.com\/wp-content\/uploads\/2024\/12\/Franco-Zanellato.jpg 1800w\" sizes=\"(max-width: 615px) 100vw, 615px\" \/><\/a><strong><span style=\"color: #000000;\">Inicios en la Universidad San Mart\u00edn<\/span><\/strong><\/p>\n<p><span style=\"color: #000000;\">Antes de llegar a Alianza Lima, Franco comenz\u00f3 su carrera profesional en la Universidad San Mart\u00edn, donde fue dirigido por el t\u00e9cnico uruguayo C\u00e9sar Payovich. Bajo su direcci\u00f3n, el jugador disput\u00f3 18 partidos y marc\u00f3 un gol.<\/span><\/p>\n<p><span style=\"color: #000000;\">Payovich no escatim\u00f3 en elogios hacia Zanelatto, destacando sus cualidades t\u00e9cnicas y f\u00edsicas: \u00abEs un jugador con un potencial incre\u00edble. Es un chico excelente, un s\u00faper profesional que se cuida much\u00edsimo y tiene cualidades excepcionales\u00bb, manifest\u00f3 en exclusiva a la Agencia Andina.<\/span><\/p>\n<p><span style=\"color: #000000;\">El t\u00e9cnico tambi\u00e9n resalt\u00f3 las habilidades de Zanelatto que lo hacen destacar en el f\u00fatbol actual: \u00abFranco es muy r\u00e1pido, encaja perfectamente con lo que se busca hoy en d\u00eda en el mundo del f\u00fatbol, especialmente con el auge del scouting y el an\u00e1lisis de video. Tiene una frecuencia de paso interesante, juega bien por ambos perfiles y no teme al contacto f\u00edsico\u00bb.<\/span><\/p>\n<p><span style=\"color: #000000;\">El estratega considera que el extremo a\u00fan tiene margen para crecer y sugiere que un cambio de aires podr\u00eda ser beneficioso: \u00abA\u00fan le falta asentarse un poco, pero tiene un gran futuro por delante. La MLS ser\u00eda una muy buena opci\u00f3n para \u00e9l\u00bb.<\/span><\/p>\n<blockquote class=\"twitter-tweet\" data-media-max-width=\"560\">\n<p dir=\"ltr\" lang=\"es\">\u26bd\ufe0fC\u00e9sar Payovich y el consejo que le da a Franco Zanellato para su futuro <a href=\"https:\/\/t.co\/x6FiasXl8H\">https:\/\/t.co\/x6FiasXl8H<\/a><\/p>\n<p>Por: \u270d\ufe0fMarcelo Eslava <a href=\"https:\/\/t.co\/AkpaXb1VWZ\">pic.twitter.com\/AkpaXb1VWZ<\/a><\/p>\n<p>\u2014 Agencia Andina (@Agencia_Andina) <a href=\"https:\/\/twitter.com\/Agencia_Andina\/status\/1868049672780304529?ref_src=twsrc%5Etfw\">December 14, 2024<\/a><\/p><\/blockquote>\n<p><script async src=\"https:\/\/platform.twitter.com\/widgets.js\" charset=\"utf-8\"><\/script><\/p>\n","protected":false},"excerpt":{"rendered":"<p>Adem\u00e1s, el t\u00e9cnico \u00b4charrua\u00b4 resalt\u00f3 las notables cualidades del futbolista de 24 a\u00f1os. Lima, 14 Diciembre 2024, (ANDINA).- El futuro de Franco Zanelatto para la temporada 2025 es incierto, ya que su contrato con Alianza Lima finaliza en 2024. Ante esta situaci\u00f3n, C\u00e9sar Payovich, quien lo dirigi\u00f3 en la Universidad San Mart\u00edn, le ofreci\u00f3 un [&hellip;]<\/p>\n","protected":false},"author":1,"featured_media":130725,"comment_status":"closed","ping_status":"closed","sticky":false,"template":"","format":"standard","meta":{"rop_custom_images_group":[],"rop_custom_messages_group":[],"rop_publish_now":"initial","rop_publish_now_accounts":[],"rop_publish_now_history":[],"rop_publish_now_status":"pending","footnotes":""},"categories":[8],"tags":[91,7333],"class_list":["post-130724","post","type-post","status-publish","format-standard","has-post-thumbnail","hentry","category-disciplinas-deportivas","tag-alianza-lima","tag-franco-zanellato"],"_links":{"self":[{"href":"https:\/\/elinformanteperu.com\/index.php\/wp-json\/wp\/v2\/posts\/130724","targetHints":{"allow":["GET"]}}],"collection":[{"href":"https:\/\/elinformanteperu.com\/index.php\/wp-json\/wp\/v2\/posts"}],"about":[{"href":"https:\/\/elinformanteperu.com\/index.php\/wp-json\/wp\/v2\/types\/post"}],"author":[{"embeddable":true,"href":"https:\/\/elinformanteperu.com\/index.php\/wp-json\/wp\/v2\/users\/1"}],"replies":[{"embeddable":true,"href":"https:\/\/elinformanteperu.com\/index.php\/wp-json\/wp\/v2\/comments?post=130724"}],"version-history":[{"count":1,"href":"https:\/\/elinformanteperu.com\/index.php\/wp-json\/wp\/v2\/posts\/130724\/revisions"}],"predecessor-version":[{"id":130727,"href":"https:\/\/elinformanteperu.com\/index.php\/wp-json\/wp\/v2\/posts\/130724\/revisions\/130727"}],"wp:featuredmedia":[{"embeddable":true,"href":"https:\/\/elinformanteperu.com\/index.php\/wp-json\/wp\/v2\/media\/130725"}],"wp:attachment":[{"href":"https:\/\/elinformanteperu.com\/index.php\/wp-json\/wp\/v2\/media?parent=130724"}],"wp:term":[{"taxonomy":"category","embeddable":true,"href":"https:\/\/elinformanteperu.com\/index.php\/wp-json\/wp\/v2\/categories?post=130724"},{"taxonomy":"post_tag","embeddable":true,"href":"https:\/\/elinformanteperu.com\/index.php\/wp-json\/wp\/v2\/tags?post=130724"}],"curies":[{"name":"wp","href":"https:\/\/api.w.org\/{rel}","templated":true}]}}