{"id":130620,"date":"2024-12-13T20:53:02","date_gmt":"2024-12-14T01:53:02","guid":{"rendered":"https:\/\/elinformanteperu.com\/?p=130620"},"modified":"2024-12-13T20:53:02","modified_gmt":"2024-12-14T01:53:02","slug":"ministerio-de-cultura-lanza-linea-gratuita-1817-para-atender-reportes-de-actos-de-discriminacion-etnico-racial","status":"publish","type":"post","link":"https:\/\/elinformanteperu.com\/index.php\/2024\/12\/13\/ministerio-de-cultura-lanza-linea-gratuita-1817-para-atender-reportes-de-actos-de-discriminacion-etnico-racial\/","title":{"rendered":"Ministerio de Cultura lanza l\u00ednea gratuita 1817 para atender reportes de actos de discriminaci\u00f3n \u00e9tnico-racial"},"content":{"rendered":"<p><strong><span style=\"color: #000000;\">\u2022 La l\u00ednea telef\u00f3nica es una de las 6 modalidades del servicio \u201cAlerta Contra el Racismo\u201d.<\/span><\/strong><\/p>\n<p><span style=\"color: #000000;\"><strong>Lima, 13 Diciembre 2024, (El Informante Per\u00fa).-<\/strong> Con la finalidad de incentivar una ciudadan\u00eda activa para reportar actos de discriminaci\u00f3n \u00e9tnico-racial, contribuyendo a garantizar el derecho de las personas a su identidad cultural, el Ministerio de Cultura pone a disposici\u00f3n la l\u00ednea telef\u00f3nica gratuita 1817, un canal de orientaci\u00f3n legal, con atenci\u00f3n en castellano y pr\u00f3ximamente en lenguas ind\u00edgenas u originarias.<\/span><\/p>\n<p><span style=\"color: #000000;\">Durante el lanzamiento del servicio, la directora general de Ciudadan\u00eda Intercultural, Mar\u00eda Clelia Zagal, se\u00f1al\u00f3 que la l\u00ednea telef\u00f3nica es una de las 6 modalidades de <strong>\u201cAlerta Contra el Racismo\u201d<\/strong>, el servicio del Ministerio de Cultura presentado hoy, reafirmando el compromiso del Estado de ofrecer una atenci\u00f3n eficiente y oportuna a la ciudadan\u00eda, frente a la discriminaci\u00f3n \u00e9tnico-racial que han sufrido hist\u00f3ricamente los 55 pueblos ind\u00edgenas u originarios y el pueblo afroperuano.<\/span><\/p>\n<p><a href=\"https:\/\/elinformanteperu.com\/wp-content\/uploads\/2024\/12\/cultura-linea-racismo-discriminacion1.jpg\"><img fetchpriority=\"high\" decoding=\"async\" class=\"size-large wp-image-130622 aligncenter\" src=\"https:\/\/elinformanteperu.com\/wp-content\/uploads\/2024\/12\/cultura-linea-racismo-discriminacion1-1024x685.jpg\" alt=\"\" width=\"615\" height=\"411\" srcset=\"https:\/\/elinformanteperu.com\/wp-content\/uploads\/2024\/12\/cultura-linea-racismo-discriminacion1-1024x685.jpg 1024w, https:\/\/elinformanteperu.com\/wp-content\/uploads\/2024\/12\/cultura-linea-racismo-discriminacion1-300x201.jpg 300w, https:\/\/elinformanteperu.com\/wp-content\/uploads\/2024\/12\/cultura-linea-racismo-discriminacion1-768x514.jpg 768w, https:\/\/elinformanteperu.com\/wp-content\/uploads\/2024\/12\/cultura-linea-racismo-discriminacion1-1536x1027.jpg 1536w, https:\/\/elinformanteperu.com\/wp-content\/uploads\/2024\/12\/cultura-linea-racismo-discriminacion1.jpg 1600w\" sizes=\"(max-width: 615px) 100vw, 615px\" \/><\/a><\/p>\n<p><span style=\"color: #000000;\">\u201cReafirmamos nuestro compromiso para garantizar la lucha contra la discriminaci\u00f3n \u00e9tnico-racial, priorizando los derechos colectivos de los pueblos ind\u00edgenas u originarios y del pueblo afroperuano, con respeto de la diversidad cultural del pa\u00eds; as\u00ed como, la prestaci\u00f3n de servicios con enfoque intercultural\u201d, asever\u00f3.<\/span><\/p>\n<p><span style=\"color: #000000;\">Desde el Ministerio de Cultura se precisa que las modalidades de atenci\u00f3n del servicio \u201cAlerta Contra el Racismo\u201d son: <\/span><br \/>\n<span style=\"color: #000000;\"><strong>a.<\/strong> L\u00ednea 1817<\/span><br \/>\n<span style=\"color: #000000;\"><strong>b.<\/strong> WhatsApp: 976 079 336<\/span><br \/>\n<span style=\"color: #000000;\"><strong>c.<\/strong> Plataforma de \u201cAlerta Contra el Racismo\u201d: <strong>https:\/\/www.gob.pe\/es\/t\/alerta_contra_el_racismo<\/strong><\/span><br \/>\n<span style=\"color: #000000;\"><strong>d.<\/strong> Redes sociales del Ministerio de Cultura o medios de comunicaci\u00f3n<\/span><br \/>\n<span style=\"color: #000000;\"><strong>e.<\/strong> Mesa de Partes del Ministerio de Cultura: de manera f\u00edsica o virtual en la sede central y las Direcciones Desconcentradas de Cultura (DDC) y <\/span><br \/>\n<span style=\"color: #000000;\"><strong>f.<\/strong> Correo institucional: <strong>alertacontraelracismo@cultura.gob.pe<\/strong><\/span><\/p>\n<p><a href=\"https:\/\/elinformanteperu.com\/wp-content\/uploads\/2024\/12\/cultura-linea-racismo-discriminacion2.jpg\"><img decoding=\"async\" class=\"size-large wp-image-130623 aligncenter\" src=\"https:\/\/elinformanteperu.com\/wp-content\/uploads\/2024\/12\/cultura-linea-racismo-discriminacion2-1024x677.jpg\" alt=\"\" width=\"615\" height=\"407\" srcset=\"https:\/\/elinformanteperu.com\/wp-content\/uploads\/2024\/12\/cultura-linea-racismo-discriminacion2-1024x677.jpg 1024w, https:\/\/elinformanteperu.com\/wp-content\/uploads\/2024\/12\/cultura-linea-racismo-discriminacion2-300x198.jpg 300w, https:\/\/elinformanteperu.com\/wp-content\/uploads\/2024\/12\/cultura-linea-racismo-discriminacion2-768x508.jpg 768w, https:\/\/elinformanteperu.com\/wp-content\/uploads\/2024\/12\/cultura-linea-racismo-discriminacion2-1536x1016.jpg 1536w, https:\/\/elinformanteperu.com\/wp-content\/uploads\/2024\/12\/cultura-linea-racismo-discriminacion2.jpg 1582w\" sizes=\"(max-width: 615px) 100vw, 615px\" \/><\/a><span style=\"color: #000000;\">Cabe se\u00f1alar que la l\u00ednea telef\u00f3nica 1817 y la plataforma web Alerta contra el Racismo (que progresivamente y durante 2025, atender\u00e1 en lenguas ind\u00edgenas u originarias) brindar\u00e1n el servicio con pertinencia cultural y ling\u00fc\u00edstica para los cerca de 7 millones de peruanos que se autoidentifican como parte de un pueblo ind\u00edgena u originario junto al pueblo afroperuano, seg\u00fan los Censos Nacionales del a\u00f1o 2017.<\/span><\/p>\n<p><span style=\"color: #000000;\">El lanzamiento de la L\u00ednea 1817, tambi\u00e9n se dio en las regiones, Loreto, Hu\u00e1nuco, Tacna, Ayacucho, \u00c1ncash, La Libertad, Ica, Callao, Ucayali, Jun\u00edn, San Mart\u00edn, Piura, Arequipa, Puno, Amazonas, Cajamarca, Lambayeque, Cusco, Apur\u00edmac, Huancavelica, Moquegua y Pasco.<\/span><\/p>\n<p><span style=\"color: #000000;\">En regiones, participaron autoridades locales y regionales, para dar a conocer el Servicio de Alerta Contra el Racismo y sumar esfuerzos para garantizar el respeto a los 55 pueblos originarios y el pueblo afroperuano.<\/span><\/p>\n","protected":false},"excerpt":{"rendered":"<p>\u2022 La l\u00ednea telef\u00f3nica es una de las 6 modalidades del servicio \u201cAlerta Contra el Racismo\u201d. Lima, 13 Diciembre 2024, (El Informante Per\u00fa).- Con la finalidad de incentivar una ciudadan\u00eda activa para reportar actos de discriminaci\u00f3n \u00e9tnico-racial, contribuyendo a garantizar el derecho de las personas a su identidad cultural, el Ministerio de Cultura pone a [&hellip;]<\/p>\n","protected":false},"author":1,"featured_media":130621,"comment_status":"closed","ping_status":"closed","sticky":false,"template":"","format":"standard","meta":{"rop_custom_images_group":[],"rop_custom_messages_group":[],"rop_publish_now":"initial","rop_publish_now_accounts":[],"rop_publish_now_history":[],"rop_publish_now_status":"pending","footnotes":""},"categories":[10],"tags":[8019,105],"class_list":["post-130620","post","type-post","status-publish","format-standard","has-post-thumbnail","hentry","category-actualidad-municipal","tag-discriminacion","tag-ministerio-de-cultura"],"_links":{"self":[{"href":"https:\/\/elinformanteperu.com\/index.php\/wp-json\/wp\/v2\/posts\/130620","targetHints":{"allow":["GET"]}}],"collection":[{"href":"https:\/\/elinformanteperu.com\/index.php\/wp-json\/wp\/v2\/posts"}],"about":[{"href":"https:\/\/elinformanteperu.com\/index.php\/wp-json\/wp\/v2\/types\/post"}],"author":[{"embeddable":true,"href":"https:\/\/elinformanteperu.com\/index.php\/wp-json\/wp\/v2\/users\/1"}],"replies":[{"embeddable":true,"href":"https:\/\/elinformanteperu.com\/index.php\/wp-json\/wp\/v2\/comments?post=130620"}],"version-history":[{"count":1,"href":"https:\/\/elinformanteperu.com\/index.php\/wp-json\/wp\/v2\/posts\/130620\/revisions"}],"predecessor-version":[{"id":130624,"href":"https:\/\/elinformanteperu.com\/index.php\/wp-json\/wp\/v2\/posts\/130620\/revisions\/130624"}],"wp:featuredmedia":[{"embeddable":true,"href":"https:\/\/elinformanteperu.com\/index.php\/wp-json\/wp\/v2\/media\/130621"}],"wp:attachment":[{"href":"https:\/\/elinformanteperu.com\/index.php\/wp-json\/wp\/v2\/media?parent=130620"}],"wp:term":[{"taxonomy":"category","embeddable":true,"href":"https:\/\/elinformanteperu.com\/index.php\/wp-json\/wp\/v2\/categories?post=130620"},{"taxonomy":"post_tag","embeddable":true,"href":"https:\/\/elinformanteperu.com\/index.php\/wp-json\/wp\/v2\/tags?post=130620"}],"curies":[{"name":"wp","href":"https:\/\/api.w.org\/{rel}","templated":true}]}}