{"id":130616,"date":"2024-12-13T20:36:31","date_gmt":"2024-12-14T01:36:31","guid":{"rendered":"https:\/\/elinformanteperu.com\/?p=130616"},"modified":"2024-12-13T20:36:31","modified_gmt":"2024-12-14T01:36:31","slug":"cinco-senales-que-padeces-de-ansiedad-laboral","status":"publish","type":"post","link":"https:\/\/elinformanteperu.com\/index.php\/2024\/12\/13\/cinco-senales-que-padeces-de-ansiedad-laboral\/","title":{"rendered":"Cinco se\u00f1ales que padeces de ansiedad laboral"},"content":{"rendered":"<p><strong><span style=\"color: #000000;\">\u25cf Los pensamientos negativos, problemas de sue\u00f1o e incluso los problemas digestivos pueden ser s\u00edntomas de ansiedad laboral.<\/span><\/strong><\/p>\n<p><span style=\"color: #000000;\"><strong>Lima, 13 Diciembre 2024, (El Informante Per\u00fa). &#8211;<\/strong> La ansiedad laboral es un trastorno emocional negativo relacionado con el trabajo que persiste en el tiempo y puede desencadenar problemas de salud f\u00edsica y mental a largo plazo.<\/span><\/p>\n<p><span style=\"color: #000000;\">Para la especialista en la salud mental, Mg. Ruth Kristal, psic\u00f3loga de SANNA Cl\u00ednica El Golf \u201cla ansiedad laboral se relaciona con las m\u00faltiples responsabilidades, altas expectativas, sobrecarga de tareas, falta de apoyo y una mala relaci\u00f3n con el equipo o los superiores\u201d.<\/span><\/p>\n<p><span style=\"color: #000000;\">Es en ese punto, donde la especialista nos comparte algunos indicios claves que podr\u00edan manifestarse en personas que padecen de esta condici\u00f3n:<\/span><\/p>\n<p><span style=\"color: #000000;\"><strong>1. Problemas de sue\u00f1o:<\/strong> Insomnio, pesadillas relacionadas con el trabajo y despertares nocturnos con taquicardia pueden ser signos de ansiedad.<\/span><\/p>\n<p><span style=\"color: #000000;\"><strong>2. Irritabilidad y nerviosismo:<\/strong> Reacciones exageradas a situaciones laborales, dificultad para manejar la frustraci\u00f3n y la rabia, que pueden afectar las relaciones personales fuera del trabajo.<\/span><\/p>\n<p><span style=\"color: #000000;\"><strong>3. Trastornos digestivos:<\/strong> Cambios en el apetito, n\u00e1useas, diarrea o dolores de est\u00f3mago asociados a aspectos del entorno laboral, como reuniones o tareas.<\/span><\/p>\n<p><span style=\"color: #000000;\"><strong>4. Fatiga y agotamiento:<\/strong> A pesar de los d\u00edas de descanso, la persona experimenta cansancio f\u00edsico y emocional, dificultando la concentraci\u00f3n y llevando a la procrastinaci\u00f3n.<\/span><\/p>\n<p><span style=\"color: #000000;\"><strong>5. Pensamientos distorsionados y negativos:<\/strong> Preocupaciones irracionales sobre el trabajo, temor al despido, evaluaciones negativas y autoexigencia extrema pueden afectar el rendimiento y la autoestima.<\/span><\/p>\n<p><a href=\"https:\/\/elinformanteperu.com\/wp-content\/uploads\/2024\/12\/ansiedad-laboral1.jpeg\"><img fetchpriority=\"high\" decoding=\"async\" class=\"size-large wp-image-130618 aligncenter\" src=\"https:\/\/elinformanteperu.com\/wp-content\/uploads\/2024\/12\/ansiedad-laboral1-1024x683.jpeg\" alt=\"\" width=\"615\" height=\"410\" srcset=\"https:\/\/elinformanteperu.com\/wp-content\/uploads\/2024\/12\/ansiedad-laboral1-1024x683.jpeg 1024w, https:\/\/elinformanteperu.com\/wp-content\/uploads\/2024\/12\/ansiedad-laboral1-300x200.jpeg 300w, https:\/\/elinformanteperu.com\/wp-content\/uploads\/2024\/12\/ansiedad-laboral1-768x512.jpeg 768w, https:\/\/elinformanteperu.com\/wp-content\/uploads\/2024\/12\/ansiedad-laboral1.jpeg 1254w\" sizes=\"(max-width: 615px) 100vw, 615px\" \/><\/a><strong><span style=\"color: #000000;\">C\u00f3mo controlar la ansiedad laboral<\/span><\/strong><\/p>\n<p><span style=\"color: #000000;\">El tratamiento de la ansiedad laboral depende de la gravedad de los s\u00edntomas. Para casos leves, se pueden realizar cambios en el estilo de vida como la pr\u00e1ctica regular de ejercicio, una dieta equilibrada, higiene del sue\u00f1o, t\u00e9cnicas de relajaci\u00f3n y el desarrollo de pasatiempos fuera del trabajo.<\/span><\/p>\n<p><span style=\"color: #000000;\">Respecto a cambios positivos en la rutina laboral, el Dr. Luis del \u00c1guila, Sub Gerente de Salud y Bienestar de Pac\u00edfico Salud, comenta que \u201cse pueden implementar cambios en el entorno laboral como la organizaci\u00f3n y planificaci\u00f3n diaria, establecimiento de objetivos realistas y la b\u00fasqueda de apoyo social entre compa\u00f1eros. En casos m\u00e1s graves, la ayuda psicol\u00f3gica puede ser necesaria, especialmente cuando hay una mala relaci\u00f3n laboral, estancamiento profesional, s\u00edntomas graves de ansiedad, depresi\u00f3n o burnout\u201d.<\/span><\/p>\n<p><span style=\"color: #000000;\">Es importante entender y asumir que la ansiedad laboral no es un signo de debilidad, se trata de un trastorno real que requiere atenci\u00f3n y cuidado. Negarla dificulta la recuperaci\u00f3n y el bienestar general. Mantener un equilibrio entre la vida laboral y personal, junto con un enfoque proactivo para abordar la ansiedad, son pasos esenciales hacia un ambiente laboral saludable y productivo.<\/span><\/p>\n","protected":false},"excerpt":{"rendered":"<p>\u25cf Los pensamientos negativos, problemas de sue\u00f1o e incluso los problemas digestivos pueden ser s\u00edntomas de ansiedad laboral. Lima, 13 Diciembre 2024, (El Informante Per\u00fa). &#8211; La ansiedad laboral es un trastorno emocional negativo relacionado con el trabajo que persiste en el tiempo y puede desencadenar problemas de salud f\u00edsica y mental a largo plazo. [&hellip;]<\/p>\n","protected":false},"author":1,"featured_media":130617,"comment_status":"closed","ping_status":"closed","sticky":false,"template":"","format":"standard","meta":{"rop_custom_images_group":[],"rop_custom_messages_group":[],"rop_publish_now":"initial","rop_publish_now_accounts":[],"rop_publish_now_history":[],"rop_publish_now_status":"pending","footnotes":""},"categories":[10,5746,21],"tags":[5931,675],"class_list":["post-130616","post","type-post","status-publish","format-standard","has-post-thumbnail","hentry","category-actualidad-municipal","category-foto-noticias","category-orientacion","tag-clinica-el-golf","tag-pacifico-seguros"],"_links":{"self":[{"href":"https:\/\/elinformanteperu.com\/index.php\/wp-json\/wp\/v2\/posts\/130616","targetHints":{"allow":["GET"]}}],"collection":[{"href":"https:\/\/elinformanteperu.com\/index.php\/wp-json\/wp\/v2\/posts"}],"about":[{"href":"https:\/\/elinformanteperu.com\/index.php\/wp-json\/wp\/v2\/types\/post"}],"author":[{"embeddable":true,"href":"https:\/\/elinformanteperu.com\/index.php\/wp-json\/wp\/v2\/users\/1"}],"replies":[{"embeddable":true,"href":"https:\/\/elinformanteperu.com\/index.php\/wp-json\/wp\/v2\/comments?post=130616"}],"version-history":[{"count":1,"href":"https:\/\/elinformanteperu.com\/index.php\/wp-json\/wp\/v2\/posts\/130616\/revisions"}],"predecessor-version":[{"id":130619,"href":"https:\/\/elinformanteperu.com\/index.php\/wp-json\/wp\/v2\/posts\/130616\/revisions\/130619"}],"wp:featuredmedia":[{"embeddable":true,"href":"https:\/\/elinformanteperu.com\/index.php\/wp-json\/wp\/v2\/media\/130617"}],"wp:attachment":[{"href":"https:\/\/elinformanteperu.com\/index.php\/wp-json\/wp\/v2\/media?parent=130616"}],"wp:term":[{"taxonomy":"category","embeddable":true,"href":"https:\/\/elinformanteperu.com\/index.php\/wp-json\/wp\/v2\/categories?post=130616"},{"taxonomy":"post_tag","embeddable":true,"href":"https:\/\/elinformanteperu.com\/index.php\/wp-json\/wp\/v2\/tags?post=130616"}],"curies":[{"name":"wp","href":"https:\/\/api.w.org\/{rel}","templated":true}]}}