{"id":130607,"date":"2024-12-13T20:24:52","date_gmt":"2024-12-14T01:24:52","guid":{"rendered":"https:\/\/elinformanteperu.com\/?p=130607"},"modified":"2024-12-13T20:24:52","modified_gmt":"2024-12-14T01:24:52","slug":"ven-a-ruraq-maki-para-ser-parte-de-los-talleres-vivenciales-en-arte-tradicional","status":"publish","type":"post","link":"https:\/\/elinformanteperu.com\/index.php\/2024\/12\/13\/ven-a-ruraq-maki-para-ser-parte-de-los-talleres-vivenciales-en-arte-tradicional\/","title":{"rendered":"\u00a1Ven a Ruraq maki para ser parte de los Talleres vivenciales en arte tradicional!"},"content":{"rendered":"<p><strong><span style=\"color: #000000;\">\u2022 Hasta el 22 de diciembre, los visitantes a esta exposici\u00f3n \u2013 venta de arte y artesan\u00eda tradicional, podr\u00e1n disfrutar de las diferentes presentaciones art\u00edsticas regionales.<\/span><\/strong><\/p>\n<p><span style=\"color: #000000;\"><strong>Lima, 13 Diciembre 2024, (Env\u00edo especial para El Informante Per\u00fa).-<\/strong> La exposici\u00f3n-venta de artesan\u00eda y arte tradicional m\u00e1s emblem\u00e1tica del Per\u00fa, Ruraq maki. Tajimat pujut, d\u00f3nde se exhiben las mejores creaciones art\u00edsticas representativas de sus regiones, tambi\u00e9n desarrollar\u00e1 talleres vivenciales en arte tradicional para el p\u00fablico asistente.<\/span><\/p>\n<p><span style=\"color: #000000;\">Ruraq maki. Tajimat pujut re\u00fane a 200 colectivos provenientes de los 24 departamentos y la Provincia Constitucional del Callao. Este evento, organizado por el Ministerio de Cultura, se realiza hasta el 22 de diciembre en su sede central, ubicada en la av. Javier Prado Este 2465, San Borja, Lima. El horario de atenci\u00f3n es de 10:00 a. m. a 08:00 p. m.<\/span><\/p>\n<p><a href=\"https:\/\/elinformanteperu.com\/wp-content\/uploads\/2024\/12\/MINCUL-TALLERES-VIVENCIALES-RURAQ2.jpg\"><img fetchpriority=\"high\" decoding=\"async\" class=\"size-large wp-image-130609 aligncenter\" src=\"https:\/\/elinformanteperu.com\/wp-content\/uploads\/2024\/12\/MINCUL-TALLERES-VIVENCIALES-RURAQ2-1024x682.jpg\" alt=\"\" width=\"615\" height=\"410\" srcset=\"https:\/\/elinformanteperu.com\/wp-content\/uploads\/2024\/12\/MINCUL-TALLERES-VIVENCIALES-RURAQ2-1024x682.jpg 1024w, https:\/\/elinformanteperu.com\/wp-content\/uploads\/2024\/12\/MINCUL-TALLERES-VIVENCIALES-RURAQ2-300x200.jpg 300w, https:\/\/elinformanteperu.com\/wp-content\/uploads\/2024\/12\/MINCUL-TALLERES-VIVENCIALES-RURAQ2-768x512.jpg 768w, https:\/\/elinformanteperu.com\/wp-content\/uploads\/2024\/12\/MINCUL-TALLERES-VIVENCIALES-RURAQ2-1536x1023.jpg 1536w, https:\/\/elinformanteperu.com\/wp-content\/uploads\/2024\/12\/MINCUL-TALLERES-VIVENCIALES-RURAQ2.jpg 1600w\" sizes=\"(max-width: 615px) 100vw, 615px\" \/><\/a><span style=\"color: #000000;\">En esta ocasi\u00f3n, los visitantes tambi\u00e9n podr\u00e1n disfrutar de diferentes presentaciones art\u00edsticas regionales, que se realizar\u00e1n en este evento.<\/span><\/p>\n<p><span style=\"color: #000000;\">Hoy viernes 13 a las 08:30 a. m. se realizar\u00e1 una capacitaci\u00f3n para los artesanos acerca de los Est\u00edmulos Econ\u00f3micos para la Cultura, a cargo de la Direcci\u00f3n de Artes (DIA). Por la tarde, se realizar\u00e1 un taller demostrativo sobre textiler\u00eda a cargo de Tiodoro Pacco (Puno), y un flashmob del Coro Nacional. Ambas actividades comienzan a las 3:00 p. m. Adem\u00e1s, se desarrollar\u00e1 la presentaci\u00f3n art\u00edstica de la agrupaci\u00f3n Puka Toro de Ccontay a las 5:00 p. m.<\/span><\/p>\n<p><a href=\"https:\/\/elinformanteperu.com\/wp-content\/uploads\/2024\/12\/MINCUL-TALLERES-VIVENCIALES-RURAQ-3.jpg\"><img decoding=\"async\" class=\"size-large wp-image-130610 aligncenter\" src=\"https:\/\/elinformanteperu.com\/wp-content\/uploads\/2024\/12\/MINCUL-TALLERES-VIVENCIALES-RURAQ-3-1024x682.jpg\" alt=\"\" width=\"615\" height=\"410\" srcset=\"https:\/\/elinformanteperu.com\/wp-content\/uploads\/2024\/12\/MINCUL-TALLERES-VIVENCIALES-RURAQ-3-1024x682.jpg 1024w, https:\/\/elinformanteperu.com\/wp-content\/uploads\/2024\/12\/MINCUL-TALLERES-VIVENCIALES-RURAQ-3-300x200.jpg 300w, https:\/\/elinformanteperu.com\/wp-content\/uploads\/2024\/12\/MINCUL-TALLERES-VIVENCIALES-RURAQ-3-768x512.jpg 768w, https:\/\/elinformanteperu.com\/wp-content\/uploads\/2024\/12\/MINCUL-TALLERES-VIVENCIALES-RURAQ-3-1536x1023.jpg 1536w, https:\/\/elinformanteperu.com\/wp-content\/uploads\/2024\/12\/MINCUL-TALLERES-VIVENCIALES-RURAQ-3.jpg 1600w\" sizes=\"(max-width: 615px) 100vw, 615px\" \/><\/a><span style=\"color: #000000;\">El s\u00e1bado 14, dos presentaciones art\u00edsticas estar\u00e1n en escena en Ruraq maki. Se trata de la agrupaci\u00f3n Shipibo-konibo de David Ram\u00edrez a las 3:00 p.m., y la Comparsa Qoyacha de Paucartambo del Cusco, a las 5:00 p. m.<\/span><\/p>\n<p><span style=\"color: #000000;\">El domingo 15, tambi\u00e9n habr\u00e1 dos presentaciones art\u00edsticas como el Hatajo de Negritos y pallitas a las 3:00 p. m. y m\u00fasica criolla a cargo de Renzo Gil, a las 5:00 p. m.<\/span><\/p>\n<p><a href=\"https:\/\/elinformanteperu.com\/wp-content\/uploads\/2024\/12\/MINCUL-TALLERES-VIVENCIALES-RURAQ-4.jpg\"><img decoding=\"async\" class=\"size-large wp-image-130611 aligncenter\" src=\"https:\/\/elinformanteperu.com\/wp-content\/uploads\/2024\/12\/MINCUL-TALLERES-VIVENCIALES-RURAQ-4-1024x682.jpg\" alt=\"\" width=\"615\" height=\"410\" srcset=\"https:\/\/elinformanteperu.com\/wp-content\/uploads\/2024\/12\/MINCUL-TALLERES-VIVENCIALES-RURAQ-4-1024x682.jpg 1024w, https:\/\/elinformanteperu.com\/wp-content\/uploads\/2024\/12\/MINCUL-TALLERES-VIVENCIALES-RURAQ-4-300x200.jpg 300w, https:\/\/elinformanteperu.com\/wp-content\/uploads\/2024\/12\/MINCUL-TALLERES-VIVENCIALES-RURAQ-4-768x512.jpg 768w, https:\/\/elinformanteperu.com\/wp-content\/uploads\/2024\/12\/MINCUL-TALLERES-VIVENCIALES-RURAQ-4-1536x1023.jpg 1536w, https:\/\/elinformanteperu.com\/wp-content\/uploads\/2024\/12\/MINCUL-TALLERES-VIVENCIALES-RURAQ-4.jpg 1600w\" sizes=\"(max-width: 615px) 100vw, 615px\" \/><\/a><span style=\"color: #000000;\">Asimismo, el lunes 16 se desarrollar\u00e1n capacitaciones de Indecopi (9:00 a. m.) y de la Direcci\u00f3n del Audiovisual, la Fonograf\u00eda y los Nuevos Medios (4:00 p. m.) para los artesanos. Tambi\u00e9n se realizar\u00e1 el taller demostrativo de textiler\u00eda a cargo de Santusa Cutipa (Puno), que se iniciar\u00e1 a las 3:00 p. m.<\/span><\/p>\n<p><span style=\"color: #000000;\">El martes 17 continuar\u00e1 la capacitaci\u00f3n de Indecopi a los artesanos a las 9:00 a. m. Luego se realizar\u00e1 la presentaci\u00f3n del podcast sobre el Ceviche a las 10:00 a. m. Como es de conocimiento la inscripci\u00f3n de las Pr\u00e1cticas y significados asociados a la preparaci\u00f3n y consumo del ceviche, en la Lista Representativa del Patrimonio Cultural Inmaterial de la Humanidad de la UNESCO. Posteriormente se desarrollar\u00e1 el taller demostrativo de Talabarter\u00eda a cargo de Alberto Garibay (Ayacucho) a las 3:00 p. m.<\/span><\/p>\n<p><a href=\"https:\/\/elinformanteperu.com\/wp-content\/uploads\/2024\/12\/MINCUL-TALLERES-VIVENCIALES-RURAQ-2.jpg\"><img loading=\"lazy\" decoding=\"async\" class=\"size-large wp-image-130612 aligncenter\" src=\"https:\/\/elinformanteperu.com\/wp-content\/uploads\/2024\/12\/MINCUL-TALLERES-VIVENCIALES-RURAQ-2-1024x682.jpg\" alt=\"\" width=\"615\" height=\"410\" srcset=\"https:\/\/elinformanteperu.com\/wp-content\/uploads\/2024\/12\/MINCUL-TALLERES-VIVENCIALES-RURAQ-2-1024x682.jpg 1024w, https:\/\/elinformanteperu.com\/wp-content\/uploads\/2024\/12\/MINCUL-TALLERES-VIVENCIALES-RURAQ-2-300x200.jpg 300w, https:\/\/elinformanteperu.com\/wp-content\/uploads\/2024\/12\/MINCUL-TALLERES-VIVENCIALES-RURAQ-2-768x512.jpg 768w, https:\/\/elinformanteperu.com\/wp-content\/uploads\/2024\/12\/MINCUL-TALLERES-VIVENCIALES-RURAQ-2-1536x1023.jpg 1536w, https:\/\/elinformanteperu.com\/wp-content\/uploads\/2024\/12\/MINCUL-TALLERES-VIVENCIALES-RURAQ-2.jpg 1600w\" sizes=\"(max-width: 615px) 100vw, 615px\" \/><\/a><span style=\"color: #000000;\">El mi\u00e9rcoles 18 se realizar\u00e1 la premiaci\u00f3n del Concurso Escolar Contigo por las Rutas del Per\u00fa, organizado por Ositran a las 11:00 a. m. Luego se dar\u00e1 inicio a un taller demostrativo de Textiler\u00eda a cargo de Segundina Carranza (\u00c1ncash) a las 3:00 p. m. y la presentaci\u00f3n art\u00edstica, Marinera \u201cAs\u00ed es mi Per\u00fa\u201d, a las 5:00 p. m.<\/span><\/p>\n<p><span style=\"color: #000000;\">Posteriormente, el jueves 19, se producir\u00e1 el taller demostrativo con el arte tradicional de Jun\u00edn a cargo de Irma Poma, a las 3:00 p. m. y la presentaci\u00f3n art\u00edstica a cargo de los \u201cSikuris\u201d, a las 5:00 p. m.<\/span><\/p>\n<p><a href=\"https:\/\/elinformanteperu.com\/wp-content\/uploads\/2024\/12\/MINCUL-TALLERES-VIVENCIALES-RURAQ-6.jpg\"><img loading=\"lazy\" decoding=\"async\" class=\"size-large wp-image-130613 aligncenter\" src=\"https:\/\/elinformanteperu.com\/wp-content\/uploads\/2024\/12\/MINCUL-TALLERES-VIVENCIALES-RURAQ-6-1024x682.jpg\" alt=\"\" width=\"615\" height=\"410\" srcset=\"https:\/\/elinformanteperu.com\/wp-content\/uploads\/2024\/12\/MINCUL-TALLERES-VIVENCIALES-RURAQ-6-1024x682.jpg 1024w, https:\/\/elinformanteperu.com\/wp-content\/uploads\/2024\/12\/MINCUL-TALLERES-VIVENCIALES-RURAQ-6-300x200.jpg 300w, https:\/\/elinformanteperu.com\/wp-content\/uploads\/2024\/12\/MINCUL-TALLERES-VIVENCIALES-RURAQ-6-768x512.jpg 768w, https:\/\/elinformanteperu.com\/wp-content\/uploads\/2024\/12\/MINCUL-TALLERES-VIVENCIALES-RURAQ-6-1536x1023.jpg 1536w, https:\/\/elinformanteperu.com\/wp-content\/uploads\/2024\/12\/MINCUL-TALLERES-VIVENCIALES-RURAQ-6.jpg 1600w\" sizes=\"(max-width: 615px) 100vw, 615px\" \/><\/a><span style=\"color: #000000;\">El viernes 20, continuar\u00e1n las capacitaciones organizadas por el Ministerio de Cultura a los artesanos a las 8:30 a. m. Tras ello, se realizar\u00e1 el lanzamiento de la Tunantada de Huaripampa a las 10:00 a. m. En la tarde, se desarrollar\u00e1 el taller demostrativo de imaginer\u00eda a cargo de Abedail Aller (Cusco) a las 3:00 p. m. y la presentaci\u00f3n art\u00edstica de Koki Leturia a las 5:00 p. m.<\/span><\/p>\n<p><span style=\"color: #000000;\">Para el s\u00e1bado 21, se realizar\u00e1 la presentaci\u00f3n art\u00edstica Puka Toro a las 3:00 p. m. y la celebraci\u00f3n por el D\u00eda Iberoamericano de la Danza a las 5:00 p.m. Finalmente la clausura ser\u00e1 el domingo 22 con la Danza de tijeras de Caype, a cargo de Manuel Nav\u00edo, a las 5:00 p. m.<\/span><\/p>\n<p><span style=\"color: #000000;\">En Ruraq maki, en esta ocasi\u00f3n se presentan trabajos representativos de distintas tradiciones artesanales, tales como textiles tradicionales, cer\u00e1mica tradicional, mate burilado, tejido en fibras naturales, orfebrer\u00eda, tablas de Sarhua, retablos ayacuchanos, peleter\u00eda, jugueter\u00eda tradicional, imaginer\u00eda, talla en piedra, entre otros.<\/span><\/p>\n<p><a href=\"https:\/\/elinformanteperu.com\/wp-content\/uploads\/2024\/12\/MINCUL-TALLERES-VIVENCIALES-RURAQ-5.jpg\"><img loading=\"lazy\" decoding=\"async\" class=\"size-large wp-image-130614 aligncenter\" src=\"https:\/\/elinformanteperu.com\/wp-content\/uploads\/2024\/12\/MINCUL-TALLERES-VIVENCIALES-RURAQ-5-1024x682.jpg\" alt=\"\" width=\"615\" height=\"410\" srcset=\"https:\/\/elinformanteperu.com\/wp-content\/uploads\/2024\/12\/MINCUL-TALLERES-VIVENCIALES-RURAQ-5-1024x682.jpg 1024w, https:\/\/elinformanteperu.com\/wp-content\/uploads\/2024\/12\/MINCUL-TALLERES-VIVENCIALES-RURAQ-5-300x200.jpg 300w, https:\/\/elinformanteperu.com\/wp-content\/uploads\/2024\/12\/MINCUL-TALLERES-VIVENCIALES-RURAQ-5-768x512.jpg 768w, https:\/\/elinformanteperu.com\/wp-content\/uploads\/2024\/12\/MINCUL-TALLERES-VIVENCIALES-RURAQ-5-1536x1023.jpg 1536w, https:\/\/elinformanteperu.com\/wp-content\/uploads\/2024\/12\/MINCUL-TALLERES-VIVENCIALES-RURAQ-5.jpg 1600w\" sizes=\"(max-width: 615px) 100vw, 615px\" \/><\/a><\/p>\n","protected":false},"excerpt":{"rendered":"<p>\u2022 Hasta el 22 de diciembre, los visitantes a esta exposici\u00f3n \u2013 venta de arte y artesan\u00eda tradicional, podr\u00e1n disfrutar de las diferentes presentaciones art\u00edsticas regionales. Lima, 13 Diciembre 2024, (Env\u00edo especial para El Informante Per\u00fa).- La exposici\u00f3n-venta de artesan\u00eda y arte tradicional m\u00e1s emblem\u00e1tica del Per\u00fa, Ruraq maki. Tajimat pujut, d\u00f3nde se exhiben las [&hellip;]<\/p>\n","protected":false},"author":1,"featured_media":130608,"comment_status":"closed","ping_status":"closed","sticky":false,"template":"","format":"standard","meta":{"rop_custom_images_group":[],"rop_custom_messages_group":[],"rop_publish_now":"initial","rop_publish_now_accounts":[],"rop_publish_now_history":[],"rop_publish_now_status":"pending","footnotes":""},"categories":[10],"tags":[1936,105],"class_list":["post-130607","post","type-post","status-publish","format-standard","has-post-thumbnail","hentry","category-actualidad-municipal","tag-feria-ruraq-maki","tag-ministerio-de-cultura"],"_links":{"self":[{"href":"https:\/\/elinformanteperu.com\/index.php\/wp-json\/wp\/v2\/posts\/130607","targetHints":{"allow":["GET"]}}],"collection":[{"href":"https:\/\/elinformanteperu.com\/index.php\/wp-json\/wp\/v2\/posts"}],"about":[{"href":"https:\/\/elinformanteperu.com\/index.php\/wp-json\/wp\/v2\/types\/post"}],"author":[{"embeddable":true,"href":"https:\/\/elinformanteperu.com\/index.php\/wp-json\/wp\/v2\/users\/1"}],"replies":[{"embeddable":true,"href":"https:\/\/elinformanteperu.com\/index.php\/wp-json\/wp\/v2\/comments?post=130607"}],"version-history":[{"count":1,"href":"https:\/\/elinformanteperu.com\/index.php\/wp-json\/wp\/v2\/posts\/130607\/revisions"}],"predecessor-version":[{"id":130615,"href":"https:\/\/elinformanteperu.com\/index.php\/wp-json\/wp\/v2\/posts\/130607\/revisions\/130615"}],"wp:featuredmedia":[{"embeddable":true,"href":"https:\/\/elinformanteperu.com\/index.php\/wp-json\/wp\/v2\/media\/130608"}],"wp:attachment":[{"href":"https:\/\/elinformanteperu.com\/index.php\/wp-json\/wp\/v2\/media?parent=130607"}],"wp:term":[{"taxonomy":"category","embeddable":true,"href":"https:\/\/elinformanteperu.com\/index.php\/wp-json\/wp\/v2\/categories?post=130607"},{"taxonomy":"post_tag","embeddable":true,"href":"https:\/\/elinformanteperu.com\/index.php\/wp-json\/wp\/v2\/tags?post=130607"}],"curies":[{"name":"wp","href":"https:\/\/api.w.org\/{rel}","templated":true}]}}