{"id":130522,"date":"2024-12-12T23:22:49","date_gmt":"2024-12-13T04:22:49","guid":{"rendered":"https:\/\/elinformanteperu.com\/?p=130522"},"modified":"2024-12-12T23:22:49","modified_gmt":"2024-12-13T04:22:49","slug":"alianza-lima-confirmo-la-salida-de-aldair-fuente-quien-jugara-en-cusco-fc","status":"publish","type":"post","link":"https:\/\/elinformanteperu.com\/index.php\/2024\/12\/12\/alianza-lima-confirmo-la-salida-de-aldair-fuente-quien-jugara-en-cusco-fc\/","title":{"rendered":"Alianza Lima confirm\u00f3 la salida de Aldair Fuente, quien jugar\u00e1 en Cusco FC"},"content":{"rendered":"<p><strong><span style=\"color: #000000;\">El defensa &#8216;\u00edntimo&#8217; no entra en los planes del t\u00e9cnico N\u00e9stor Gorosito<\/span><\/strong><\/p>\n<p><span style=\"color: #000000;\"><strong>Lima, 12 Diciembre 2024, (ANDINA).-<\/strong> El club Alianza Lima dio a conocer este jueves la desvinculaci\u00f3n de Aldair Fuente, quien fue presentado como flamante refuerzo de Cusco FC, que jugar\u00e1 la Copa Sudamericana 2025.<\/span><\/p>\n<p><span style=\"color: #000000;\">La instituci\u00f3n &#8216;victoriana&#8217; confirm\u00f3 que Aldair Fuentes no est\u00e1 en su planes para la temporada 2025 y eso lo hizo saber en sus redes sociales.<\/span><\/p>\n<p><span style=\"color: #000000;\">Alianza Lima agradeci\u00f3 el profesionalismo del defensa de 26 a\u00f1os, quien no tuvo mucha continuidad en la temporada 2024. Con la llegada de N\u00e9stor Gorosito qued\u00f3 establecido de que no entra en los planes.<\/span><\/p>\n<p><span style=\"color: #000000;\">\u201c\u00a1Gracias por tu profesionalismo, Aldair! Te deseamos lo mejor en tu nuevo proyecto deportivo\u201d, fue el mensaje de despedida a Fuentes.<\/span><\/p>\n<p><span style=\"color: #000000;\">Es importante se\u00f1alar que Fuentes fue presentado como nuevo refuerzo de Cusco FC, donde formar\u00e1 parte del equipo que competir\u00e1 en la Copa Sudamericana.<\/span><\/p>\n<blockquote class=\"twitter-tweet\">\n<p dir=\"ltr\" lang=\"es\">\u00a1\ud835\uddda\ud835\udde5\ud835\uddd4\ud835\uddd6\ud835\udddc\ud835\uddd4\ud835\udde6 \ud835\udde3\ud835\udde2\ud835\udde5 \ud835\udde7\ud835\udde8 \ud835\udde3\ud835\udde5\ud835\udde2\ud835\uddd9\ud835\uddd8\ud835\udde6\ud835\udddc\ud835\udde2\ud835\udde1\ud835\uddd4\ud835\udddf\ud835\udddc\ud835\udde6\ud835\udde0\ud835\udde2, \ud835\uddd4\ud835\udddf\ud835\uddd7\ud835\uddd4\ud835\udddc\ud835\udde5! \ud83d\udc4f\ud83c\udffe<\/p>\n<p>Que te vaya muy bien en tu nuevo proyecto deportivo. \ud83d\udcaa\ud83c\udffe<a href=\"https:\/\/twitter.com\/hashtag\/ConAlianzaSiempre?src=hash&amp;ref_src=twsrc%5Etfw\">#ConAlianzaSiempre<\/a> <a href=\"https:\/\/t.co\/9EYwZhVubM\">pic.twitter.com\/9EYwZhVubM<\/a><\/p>\n<p>\u2014 Club Alianza Lima (@ClubALoficial) <a href=\"https:\/\/twitter.com\/ClubALoficial\/status\/1867281691670372713?ref_src=twsrc%5Etfw\">December 12, 2024<\/a><\/p><\/blockquote>\n<p><script async src=\"https:\/\/platform.twitter.com\/widgets.js\" charset=\"utf-8\"><\/script><\/p>\n","protected":false},"excerpt":{"rendered":"<p>El defensa &#8216;\u00edntimo&#8217; no entra en los planes del t\u00e9cnico N\u00e9stor Gorosito Lima, 12 Diciembre 2024, (ANDINA).- El club Alianza Lima dio a conocer este jueves la desvinculaci\u00f3n de Aldair Fuente, quien fue presentado como flamante refuerzo de Cusco FC, que jugar\u00e1 la Copa Sudamericana 2025. La instituci\u00f3n &#8216;victoriana&#8217; confirm\u00f3 que Aldair Fuentes no est\u00e1 [&hellip;]<\/p>\n","protected":false},"author":1,"featured_media":130523,"comment_status":"closed","ping_status":"closed","sticky":false,"template":"","format":"standard","meta":{"rop_custom_images_group":[],"rop_custom_messages_group":[],"rop_publish_now":"initial","rop_publish_now_accounts":[],"rop_publish_now_history":[],"rop_publish_now_status":"pending","footnotes":""},"categories":[8],"tags":[6094,91,5270],"class_list":["post-130522","post","type-post","status-publish","format-standard","has-post-thumbnail","hentry","category-disciplinas-deportivas","tag-aldair-fuentes","tag-alianza-lima","tag-cusco-fc"],"_links":{"self":[{"href":"https:\/\/elinformanteperu.com\/index.php\/wp-json\/wp\/v2\/posts\/130522","targetHints":{"allow":["GET"]}}],"collection":[{"href":"https:\/\/elinformanteperu.com\/index.php\/wp-json\/wp\/v2\/posts"}],"about":[{"href":"https:\/\/elinformanteperu.com\/index.php\/wp-json\/wp\/v2\/types\/post"}],"author":[{"embeddable":true,"href":"https:\/\/elinformanteperu.com\/index.php\/wp-json\/wp\/v2\/users\/1"}],"replies":[{"embeddable":true,"href":"https:\/\/elinformanteperu.com\/index.php\/wp-json\/wp\/v2\/comments?post=130522"}],"version-history":[{"count":1,"href":"https:\/\/elinformanteperu.com\/index.php\/wp-json\/wp\/v2\/posts\/130522\/revisions"}],"predecessor-version":[{"id":130524,"href":"https:\/\/elinformanteperu.com\/index.php\/wp-json\/wp\/v2\/posts\/130522\/revisions\/130524"}],"wp:featuredmedia":[{"embeddable":true,"href":"https:\/\/elinformanteperu.com\/index.php\/wp-json\/wp\/v2\/media\/130523"}],"wp:attachment":[{"href":"https:\/\/elinformanteperu.com\/index.php\/wp-json\/wp\/v2\/media?parent=130522"}],"wp:term":[{"taxonomy":"category","embeddable":true,"href":"https:\/\/elinformanteperu.com\/index.php\/wp-json\/wp\/v2\/categories?post=130522"},{"taxonomy":"post_tag","embeddable":true,"href":"https:\/\/elinformanteperu.com\/index.php\/wp-json\/wp\/v2\/tags?post=130522"}],"curies":[{"name":"wp","href":"https:\/\/api.w.org\/{rel}","templated":true}]}}