{"id":130377,"date":"2024-12-11T22:22:09","date_gmt":"2024-12-12T03:22:09","guid":{"rendered":"https:\/\/elinformanteperu.com\/?p=130377"},"modified":"2024-12-11T22:22:09","modified_gmt":"2024-12-12T03:22:09","slug":"cusco-mantenimiento-de-60-km-de-corredor-vial-interoceanico-sur-registra-avance-del-92","status":"publish","type":"post","link":"https:\/\/elinformanteperu.com\/index.php\/2024\/12\/11\/cusco-mantenimiento-de-60-km-de-corredor-vial-interoceanico-sur-registra-avance-del-92\/","title":{"rendered":"Cusco: mantenimiento de 60 km de corredor vial Interoce\u00e1nico Sur registra avance del 92 %"},"content":{"rendered":"<p><strong><span style=\"color: #000000;\">Trabajos beneficiar\u00e1n a m\u00e1s de 300,000 personas, inform\u00f3 el MTC<\/span><\/strong><\/p>\n<p><span style=\"color: #000000;\"><strong>Cusco, 11 Diciembre 2024, (ANDINA).-<\/strong> Los trabajos de mantenimiento peri\u00f3dico que se ejecutan en 60 kil\u00f3metros del tramo 2 Urcos-Inambari del Corredor Vial Interoce\u00e1nico Sur, en la regi\u00f3n Cusco, registran un avance del 92 %, destac\u00f3 hoy el Ministerio de Transportes y Comunicaciones (MTC).<\/span><\/p>\n<p><span style=\"color: #000000;\">Detall\u00f3 que estos trabajos de mantenimiento, que demandan una inversi\u00f3n mayor a los 13.5 millones de d\u00f3lares, se realizan desde el km 101 hasta el km 160, ubicados entre los distritos de Marcapata y Camanti, en la provincia de Quispicanchi, en el departamento de Cusco. Se tiene proyectada la culminaci\u00f3n de este mantenimiento peri\u00f3dico a fines del primer trimestre del 2025.<\/span><\/p>\n<p><span style=\"color: #000000;\">Las obras, que son ejecutadas por el concesionario IIRSA SUR Tramo 2, consisten en la reparaci\u00f3n de los defectos y da\u00f1os provocados por el uso continuo de la v\u00eda, a trav\u00e9s de colocaci\u00f3n del refuerzo estructural, intervenci\u00f3n funcional en la carretera con nuevas capas de mezcla asf\u00e1ltica en caliente (MAC) y micropavimentos. Esta intervenci\u00f3n incluye trabajos de renovaci\u00f3n de la se\u00f1alizaci\u00f3n horizontal a lo largo del tramo.<\/span><\/p>\n<p><span style=\"color: #000000;\">Asimismo, en otro sector de la concesi\u00f3n (Km 160 al Km 246) se realizan trabajos similares de mantenimiento de la v\u00eda; en este caso, la inversi\u00f3n es superior a los US$ 19 millones y tiene actualmente un avance del 37 %. Se estima que su culminaci\u00f3n ser\u00e1 en setiembre del 2025.<\/span><\/p>\n<p><span style=\"color: #000000;\">Con estas acciones, se est\u00e1n restituyendo los niveles de servicio de la v\u00eda, incrementando la seguridad y la eficacia para el transporte de pasajeros y mercanc\u00edas, y se beneficiar\u00e1 a m\u00e1s de 300 000 personas que transitan por esta importante carretera.<\/span><\/p>\n<p><a href=\"https:\/\/elinformanteperu.com\/wp-content\/uploads\/2020\/09\/interoceanica1.jpg\"><img fetchpriority=\"high\" decoding=\"async\" class=\"size-large wp-image-82852 aligncenter\" src=\"https:\/\/elinformanteperu.com\/wp-content\/uploads\/2020\/09\/interoceanica1-1024x683.jpg\" alt=\"\" width=\"615\" height=\"410\" srcset=\"https:\/\/elinformanteperu.com\/wp-content\/uploads\/2020\/09\/interoceanica1-1024x683.jpg 1024w, https:\/\/elinformanteperu.com\/wp-content\/uploads\/2020\/09\/interoceanica1-300x200.jpg 300w, https:\/\/elinformanteperu.com\/wp-content\/uploads\/2020\/09\/interoceanica1-768x512.jpg 768w, https:\/\/elinformanteperu.com\/wp-content\/uploads\/2020\/09\/interoceanica1-1536x1025.jpg 1536w, https:\/\/elinformanteperu.com\/wp-content\/uploads\/2020\/09\/interoceanica1.jpg 1800w\" sizes=\"(max-width: 615px) 100vw, 615px\" \/><\/a><\/p>\n","protected":false},"excerpt":{"rendered":"<p>Trabajos beneficiar\u00e1n a m\u00e1s de 300,000 personas, inform\u00f3 el MTC Cusco, 11 Diciembre 2024, (ANDINA).- Los trabajos de mantenimiento peri\u00f3dico que se ejecutan en 60 kil\u00f3metros del tramo 2 Urcos-Inambari del Corredor Vial Interoce\u00e1nico Sur, en la regi\u00f3n Cusco, registran un avance del 92 %, destac\u00f3 hoy el Ministerio de Transportes y Comunicaciones (MTC). Detall\u00f3 [&hellip;]<\/p>\n","protected":false},"author":1,"featured_media":130378,"comment_status":"closed","ping_status":"closed","sticky":false,"template":"","format":"standard","meta":{"rop_custom_images_group":[],"rop_custom_messages_group":[],"rop_publish_now":"initial","rop_publish_now_accounts":[],"rop_publish_now_history":[],"rop_publish_now_status":"pending","footnotes":""},"categories":[10],"tags":[1226],"class_list":["post-130377","post","type-post","status-publish","format-standard","has-post-thumbnail","hentry","category-actualidad-municipal","tag-cusco"],"_links":{"self":[{"href":"https:\/\/elinformanteperu.com\/index.php\/wp-json\/wp\/v2\/posts\/130377","targetHints":{"allow":["GET"]}}],"collection":[{"href":"https:\/\/elinformanteperu.com\/index.php\/wp-json\/wp\/v2\/posts"}],"about":[{"href":"https:\/\/elinformanteperu.com\/index.php\/wp-json\/wp\/v2\/types\/post"}],"author":[{"embeddable":true,"href":"https:\/\/elinformanteperu.com\/index.php\/wp-json\/wp\/v2\/users\/1"}],"replies":[{"embeddable":true,"href":"https:\/\/elinformanteperu.com\/index.php\/wp-json\/wp\/v2\/comments?post=130377"}],"version-history":[{"count":1,"href":"https:\/\/elinformanteperu.com\/index.php\/wp-json\/wp\/v2\/posts\/130377\/revisions"}],"predecessor-version":[{"id":130379,"href":"https:\/\/elinformanteperu.com\/index.php\/wp-json\/wp\/v2\/posts\/130377\/revisions\/130379"}],"wp:featuredmedia":[{"embeddable":true,"href":"https:\/\/elinformanteperu.com\/index.php\/wp-json\/wp\/v2\/media\/130378"}],"wp:attachment":[{"href":"https:\/\/elinformanteperu.com\/index.php\/wp-json\/wp\/v2\/media?parent=130377"}],"wp:term":[{"taxonomy":"category","embeddable":true,"href":"https:\/\/elinformanteperu.com\/index.php\/wp-json\/wp\/v2\/categories?post=130377"},{"taxonomy":"post_tag","embeddable":true,"href":"https:\/\/elinformanteperu.com\/index.php\/wp-json\/wp\/v2\/tags?post=130377"}],"curies":[{"name":"wp","href":"https:\/\/api.w.org\/{rel}","templated":true}]}}