{"id":130373,"date":"2024-12-11T22:07:01","date_gmt":"2024-12-12T03:07:01","guid":{"rendered":"https:\/\/elinformanteperu.com\/?p=130373"},"modified":"2024-12-11T22:07:23","modified_gmt":"2024-12-12T03:07:23","slug":"la-libertad-granizada-afecta-a-25-casas-y-cultivos-de-papa-y-haba-en-caserio-ururupa-baja","status":"publish","type":"post","link":"https:\/\/elinformanteperu.com\/index.php\/2024\/12\/11\/la-libertad-granizada-afecta-a-25-casas-y-cultivos-de-papa-y-haba-en-caserio-ururupa-baja\/","title":{"rendered":"La Libertad: granizada afecta a 25 casas y cultivos de papa y haba en caser\u00edo Ururupa Baja"},"content":{"rendered":"<p><strong><span style=\"color: #000000;\">Se pronostican lluvias fuertes con descargas el\u00e9ctricas este jueves 12 de diciembre<\/span><\/strong><\/p>\n<p><span style=\"color: #000000;\"><strong>Trujillo, 11 Diciembre 2024, (ANDINA).-<\/strong> Una intensa granizada afect\u00f3 25 viviendas y 12 hect\u00e1reas de cultivos de papa y haba en el caser\u00edo de Ururupa Baja, ubicado en el distrito y provincia de Santiago de Chuco, en la sierra de la regi\u00f3n La Libertad, inform\u00f3 el Centro de Operaciones de Emergencia Regional (COER).<\/span><\/p>\n<p><span style=\"color: #000000;\">Tras la emergencia, personal de Defensa Civil de la Municipalidad Provincial de Santiago de Chuco se traslad\u00f3 al caser\u00edo de Ururupa Baja. Ellos har\u00e1n una evaluaci\u00f3n y elaborar\u00e1n la ficha de Evaluaci\u00f3n de Da\u00f1os y An\u00e1lisis de Necesidades (EDAN).<\/span><\/p>\n<p><span style=\"color: #000000;\">En dicho documento se determinar\u00e1 qu\u00e9 necesita la poblaci\u00f3n afectada, a fin de entregarles la ayuda humanitaria desde el almac\u00e9n adelantado en Santiago de Chuco, o solicitar al COER La Libertad que brinde el apoyo correspondiente.<\/span><\/p>\n<p><strong><span style=\"color: #000000;\">Lluvias<\/span><\/strong><\/p>\n<p><span style=\"color: #000000;\">Seg\u00fan el COER La Libertad, en las \u00faltimas 24 horas se han reportado precipitaciones en las provincias andinas de Otuzco, Gran Chim\u00fa, Santiago de Chuco, Julc\u00e1n, S\u00e1nchez Carri\u00f3n, Pataz y Bol\u00edvar.<\/span><\/p>\n<p><span style=\"color: #000000;\">Una de las provincias m\u00e1s golpeadas fue Otuzco. Seg\u00fan la estaci\u00f3n meteorol\u00f3gica de La Fortuna, llovi\u00f3 un total de 6 mil\u00edmetros el d\u00eda de ayer. En Gran Chim\u00fa se report\u00f3 2.4 mil\u00edmetros al d\u00eda, en Julc\u00e1n 3.1. mil\u00edmetros al d\u00eda, en Santiago de Chuco 3 mil\u00edmetros, mientras que S\u00e1nchez Carri\u00f3n report\u00f3 6.1 mil\u00edmetros de lluvia.<\/span><\/p>\n<p><span style=\"color: #000000;\">El Servicio Nacional de Meteorolog\u00eda e Hidrolog\u00eda (Senamhi) pronostic\u00f3 que para este jueves 12 de diciembre se registraron lluvias fuertes en todas las provincias del ande liberte\u00f1o., con acumulados de hasta 14 mil\u00edmetros al d\u00eda. Tambi\u00e9n podr\u00edan registrarse descargas el\u00e9ctricas en zonas por encima de los 2900 metros sobre el nivel del mar.<\/span><\/p>\n<p><a href=\"https:\/\/elinformanteperu.com\/wp-content\/uploads\/2024\/12\/granizada-la-libertad1-e1733972802546.jpg\"><img fetchpriority=\"high\" decoding=\"async\" class=\"size-full wp-image-130375 aligncenter\" src=\"https:\/\/elinformanteperu.com\/wp-content\/uploads\/2024\/12\/granizada-la-libertad1-e1733972802546.jpg\" alt=\"\" width=\"378\" height=\"334\" srcset=\"https:\/\/elinformanteperu.com\/wp-content\/uploads\/2024\/12\/granizada-la-libertad1-e1733972802546.jpg 378w, https:\/\/elinformanteperu.com\/wp-content\/uploads\/2024\/12\/granizada-la-libertad1-e1733972802546-300x265.jpg 300w\" sizes=\"(max-width: 378px) 100vw, 378px\" \/><\/a><\/p>\n","protected":false},"excerpt":{"rendered":"<p>Se pronostican lluvias fuertes con descargas el\u00e9ctricas este jueves 12 de diciembre Trujillo, 11 Diciembre 2024, (ANDINA).- Una intensa granizada afect\u00f3 25 viviendas y 12 hect\u00e1reas de cultivos de papa y haba en el caser\u00edo de Ururupa Baja, ubicado en el distrito y provincia de Santiago de Chuco, en la sierra de la regi\u00f3n La [&hellip;]<\/p>\n","protected":false},"author":1,"featured_media":130374,"comment_status":"closed","ping_status":"closed","sticky":false,"template":"","format":"standard","meta":{"rop_custom_images_group":[],"rop_custom_messages_group":[],"rop_publish_now":"initial","rop_publish_now_accounts":[],"rop_publish_now_history":[],"rop_publish_now_status":"pending","footnotes":""},"categories":[10],"tags":[8002,514,3362],"class_list":["post-130373","post","type-post","status-publish","format-standard","has-post-thumbnail","hentry","category-actualidad-municipal","tag-granizada","tag-senamhi","tag-trujillo"],"_links":{"self":[{"href":"https:\/\/elinformanteperu.com\/index.php\/wp-json\/wp\/v2\/posts\/130373","targetHints":{"allow":["GET"]}}],"collection":[{"href":"https:\/\/elinformanteperu.com\/index.php\/wp-json\/wp\/v2\/posts"}],"about":[{"href":"https:\/\/elinformanteperu.com\/index.php\/wp-json\/wp\/v2\/types\/post"}],"author":[{"embeddable":true,"href":"https:\/\/elinformanteperu.com\/index.php\/wp-json\/wp\/v2\/users\/1"}],"replies":[{"embeddable":true,"href":"https:\/\/elinformanteperu.com\/index.php\/wp-json\/wp\/v2\/comments?post=130373"}],"version-history":[{"count":1,"href":"https:\/\/elinformanteperu.com\/index.php\/wp-json\/wp\/v2\/posts\/130373\/revisions"}],"predecessor-version":[{"id":130376,"href":"https:\/\/elinformanteperu.com\/index.php\/wp-json\/wp\/v2\/posts\/130373\/revisions\/130376"}],"wp:featuredmedia":[{"embeddable":true,"href":"https:\/\/elinformanteperu.com\/index.php\/wp-json\/wp\/v2\/media\/130374"}],"wp:attachment":[{"href":"https:\/\/elinformanteperu.com\/index.php\/wp-json\/wp\/v2\/media?parent=130373"}],"wp:term":[{"taxonomy":"category","embeddable":true,"href":"https:\/\/elinformanteperu.com\/index.php\/wp-json\/wp\/v2\/categories?post=130373"},{"taxonomy":"post_tag","embeddable":true,"href":"https:\/\/elinformanteperu.com\/index.php\/wp-json\/wp\/v2\/tags?post=130373"}],"curies":[{"name":"wp","href":"https:\/\/api.w.org\/{rel}","templated":true}]}}