{"id":130283,"date":"2024-12-10T23:03:15","date_gmt":"2024-12-11T04:03:15","guid":{"rendered":"https:\/\/elinformanteperu.com\/?p=130283"},"modified":"2024-12-10T23:03:15","modified_gmt":"2024-12-11T04:03:15","slug":"callao-bailes-y-mucho-color-durante-clausura-de-talleres-artisticos-2024","status":"publish","type":"post","link":"https:\/\/elinformanteperu.com\/index.php\/2024\/12\/10\/callao-bailes-y-mucho-color-durante-clausura-de-talleres-artisticos-2024\/","title":{"rendered":"Callao: bailes y mucho color durante clausura de talleres art\u00edsticos 2024"},"content":{"rendered":"<p><strong><span style=\"color: #000000;\">La actividad se realiz\u00f3 en la Villa Deportiva, antiguo parque zonal Y\u00e1huar Huaca.<\/span><\/strong><\/p>\n<p><span style=\"color: #000000;\"><strong>Lima, 10 Diciembre 2024, (ANDINA).-<\/strong> Con un vibrante espect\u00e1culo lleno de color y talento, que cont\u00f3 con la participaci\u00f3n de destacados artistas del canto y baile del Callao, se clausur\u00f3 la temporada 2024 de talleres art\u00edsticos de la regi\u00f3n. El evento congreg\u00f3 a m\u00e1s de 2,000 personas en la Villa Deportiva, anteriormente conocida como el parque zonal Y\u00e1huar Huaca.<\/span><\/p>\n<p><span style=\"color: #000000;\">Hasta la fecha m\u00e1s de 50 mil personas se han beneficiado con cursos de diversas expresiones art\u00edsticas, que van desde bailes peruanos hasta coro y origami.<\/span><\/p>\n<p><span style=\"color: #000000;\">Las autoridades chalacas refieren que la meta es posicionar una nueva actitud frente a la vida, lograr que los ciudadanos comprendan que el camino correcto es protagonizar el cambio social con identidad, \u00fanica forma de salir de la pobreza y la violencia en las calles.<\/span><\/p>\n<p><span style=\"color: #000000;\">A lo largo de estos dos a\u00f1os de trabajo, miles de ni\u00f1os, j\u00f3venes, adultos y adultos mayores se han vistos beneficiados con diversos talleres art\u00edsticos, reforzando sus valores y amor por la regi\u00f3n.<\/span><\/p>\n<p><a href=\"https:\/\/elinformanteperu.com\/wp-content\/uploads\/2024\/12\/callao-clausura-talleres-artisticos1.jpg\"><img fetchpriority=\"high\" decoding=\"async\" class=\"size-large wp-image-130286 aligncenter\" src=\"https:\/\/elinformanteperu.com\/wp-content\/uploads\/2024\/12\/callao-clausura-talleres-artisticos1-1024x682.jpg\" alt=\"\" width=\"615\" height=\"410\" srcset=\"https:\/\/elinformanteperu.com\/wp-content\/uploads\/2024\/12\/callao-clausura-talleres-artisticos1-1024x682.jpg 1024w, https:\/\/elinformanteperu.com\/wp-content\/uploads\/2024\/12\/callao-clausura-talleres-artisticos1-300x200.jpg 300w, https:\/\/elinformanteperu.com\/wp-content\/uploads\/2024\/12\/callao-clausura-talleres-artisticos1-768x512.jpg 768w, https:\/\/elinformanteperu.com\/wp-content\/uploads\/2024\/12\/callao-clausura-talleres-artisticos1-1536x1023.jpg 1536w, https:\/\/elinformanteperu.com\/wp-content\/uploads\/2024\/12\/callao-clausura-talleres-artisticos1.jpg 1800w\" sizes=\"(max-width: 615px) 100vw, 615px\" \/><\/a><span style=\"color: #000000;\">Ciro Castillo Rojo Salas, gobernador regional del Callao, es un promotor permanente de las artes a todo nivel, con \u00e9nfasis en los ni\u00f1os y j\u00f3venes.<\/span><\/p>\n<p><span style=\"color: #000000;\">La autoridad anunci\u00f3 que pronto se realizar\u00e1 una gran movilizaci\u00f3n de todas las artes en su jurisdicci\u00f3n, contando con equipos y estructuras propias, a fin de llegar a cada rinc\u00f3n del Callao y as\u00ed seguir creciendo en cantidad de beneficiados para \u201cconstruir un Callao de valores, una regi\u00f3n limpia, sana y vigorosa\u201d.<\/span><\/p>\n<p><span style=\"color: #000000;\">Desde el inicio de su gesti\u00f3n, el gobernador de la regi\u00f3n ha invertido en los Talleres de Villa Cultura, bajo la direcci\u00f3n del reconocido maestro Arnaldo Uribe Enr\u00edquez.<\/span><\/p>\n<p><a href=\"https:\/\/elinformanteperu.com\/wp-content\/uploads\/2024\/12\/callao-clausura-talleres-artisticos2.jpg\"><img decoding=\"async\" class=\"size-large wp-image-130284 aligncenter\" src=\"https:\/\/elinformanteperu.com\/wp-content\/uploads\/2024\/12\/callao-clausura-talleres-artisticos2-1024x683.jpg\" alt=\"\" width=\"615\" height=\"410\" srcset=\"https:\/\/elinformanteperu.com\/wp-content\/uploads\/2024\/12\/callao-clausura-talleres-artisticos2-1024x683.jpg 1024w, https:\/\/elinformanteperu.com\/wp-content\/uploads\/2024\/12\/callao-clausura-talleres-artisticos2-300x200.jpg 300w, https:\/\/elinformanteperu.com\/wp-content\/uploads\/2024\/12\/callao-clausura-talleres-artisticos2-768x512.jpg 768w, https:\/\/elinformanteperu.com\/wp-content\/uploads\/2024\/12\/callao-clausura-talleres-artisticos2-1536x1025.jpg 1536w, https:\/\/elinformanteperu.com\/wp-content\/uploads\/2024\/12\/callao-clausura-talleres-artisticos2.jpg 1800w\" sizes=\"(max-width: 615px) 100vw, 615px\" \/><\/a><\/p>\n","protected":false},"excerpt":{"rendered":"<p>La actividad se realiz\u00f3 en la Villa Deportiva, antiguo parque zonal Y\u00e1huar Huaca. Lima, 10 Diciembre 2024, (ANDINA).- Con un vibrante espect\u00e1culo lleno de color y talento, que cont\u00f3 con la participaci\u00f3n de destacados artistas del canto y baile del Callao, se clausur\u00f3 la temporada 2024 de talleres art\u00edsticos de la regi\u00f3n. El evento congreg\u00f3 [&hellip;]<\/p>\n","protected":false},"author":1,"featured_media":130285,"comment_status":"closed","ping_status":"closed","sticky":false,"template":"","format":"standard","meta":{"rop_custom_images_group":[],"rop_custom_messages_group":[],"rop_publish_now":"initial","rop_publish_now_accounts":[],"rop_publish_now_history":[],"rop_publish_now_status":"pending","footnotes":""},"categories":[10],"tags":[535,7997],"class_list":["post-130283","post","type-post","status-publish","format-standard","has-post-thumbnail","hentry","category-actualidad-municipal","tag-callao","tag-parque-yahuar-huaca"],"_links":{"self":[{"href":"https:\/\/elinformanteperu.com\/index.php\/wp-json\/wp\/v2\/posts\/130283","targetHints":{"allow":["GET"]}}],"collection":[{"href":"https:\/\/elinformanteperu.com\/index.php\/wp-json\/wp\/v2\/posts"}],"about":[{"href":"https:\/\/elinformanteperu.com\/index.php\/wp-json\/wp\/v2\/types\/post"}],"author":[{"embeddable":true,"href":"https:\/\/elinformanteperu.com\/index.php\/wp-json\/wp\/v2\/users\/1"}],"replies":[{"embeddable":true,"href":"https:\/\/elinformanteperu.com\/index.php\/wp-json\/wp\/v2\/comments?post=130283"}],"version-history":[{"count":1,"href":"https:\/\/elinformanteperu.com\/index.php\/wp-json\/wp\/v2\/posts\/130283\/revisions"}],"predecessor-version":[{"id":130287,"href":"https:\/\/elinformanteperu.com\/index.php\/wp-json\/wp\/v2\/posts\/130283\/revisions\/130287"}],"wp:featuredmedia":[{"embeddable":true,"href":"https:\/\/elinformanteperu.com\/index.php\/wp-json\/wp\/v2\/media\/130285"}],"wp:attachment":[{"href":"https:\/\/elinformanteperu.com\/index.php\/wp-json\/wp\/v2\/media?parent=130283"}],"wp:term":[{"taxonomy":"category","embeddable":true,"href":"https:\/\/elinformanteperu.com\/index.php\/wp-json\/wp\/v2\/categories?post=130283"},{"taxonomy":"post_tag","embeddable":true,"href":"https:\/\/elinformanteperu.com\/index.php\/wp-json\/wp\/v2\/tags?post=130283"}],"curies":[{"name":"wp","href":"https:\/\/api.w.org\/{rel}","templated":true}]}}