{"id":130280,"date":"2024-12-10T22:53:02","date_gmt":"2024-12-11T03:53:02","guid":{"rendered":"https:\/\/elinformanteperu.com\/?p=130280"},"modified":"2024-12-10T22:53:02","modified_gmt":"2024-12-11T03:53:02","slug":"ministerio-publico-inicia-investigacion-preliminar-a-presunto-asesino-de-nina-de-12-anos","status":"publish","type":"post","link":"https:\/\/elinformanteperu.com\/index.php\/2024\/12\/10\/ministerio-publico-inicia-investigacion-preliminar-a-presunto-asesino-de-nina-de-12-anos\/","title":{"rendered":"Ministerio P\u00fablico inicia investigaci\u00f3n preliminar a presunto asesino de ni\u00f1a de 12 a\u00f1os"},"content":{"rendered":"<p><strong><span style=\"color: #000000;\">Particip\u00f3 en levantamiento del cad\u00e1ver junto con peritos de criminal\u00edstica de la Polic\u00eda Nacional.<\/span><\/strong><\/p>\n<p><span style=\"color: #000000;\"><strong>Lima, 10 Diciembre 2024, (ANDINA).-<\/strong> La Fiscal\u00eda Especializada en Violencia contra las Mujeres e Integrantes del Grupo Familiar de Lur\u00edn inici\u00f3 una investigaci\u00f3n preliminar luego de que se encontrara sin vida a una menor de 12 a\u00f1os en la habitaci\u00f3n del detenido Yerson Alexander Ju\u00e1rez Tapia, ubicada en Pachac\u00e1mac.<\/span><\/p>\n<p><span style=\"color: #000000;\">Personal fiscal particip\u00f3 en el levantamiento del cad\u00e1ver junto con peritos de criminal\u00edstica de la PNP. Adem\u00e1s, dispuso la realizaci\u00f3n del examen m\u00e9dico legal al detenido, as\u00ed como la necropsia de ley a la v\u00edctima. Tambi\u00e9n se tomar\u00e1n declaraciones a la madre de la menor fallecida, al investigado y a los testigos.<\/span><\/p>\n<p><span style=\"color: #000000;\">Asimismo, inform\u00f3 en su cuenta X (antes Twitter) se realizar\u00e1n otras diligencias en coordinaci\u00f3n con la Direcci\u00f3n de Homicidios de la PNP para esclarecer los hechos.<\/span><\/p>\n<p><strong><span style=\"color: #000000;\">El caso<\/span><\/strong><\/p>\n<p><span style=\"color: #000000;\">El domingo 8 de diciembre por la noche, la ni\u00f1a de 12 a\u00f1os fue encontrada sin vida en el asentamiento humano Los L\u00facumos, en Pachac\u00e1mac, Villa Mar\u00eda del Triunfo.<\/span><\/p>\n<p><span style=\"color: #000000;\">Seg\u00fan lo reportado por su padre, el cuerpo de la menor fue hallado envuelto en frazadas y alfombras, oculto debajo de la cama del presunto agresor, identificado como Yerson Alexander Ju\u00e1rez Tapia.<\/span><\/p>\n<p><span style=\"color: #000000;\">La familia de la v\u00edctima explic\u00f3 que no denunci\u00f3 su desaparici\u00f3n de inmediato, ya que no era la primera vez que sal\u00eda sola.<\/span><\/p>\n<p><span style=\"color: #000000;\">Sin embargo, decidieron presentar la denuncia tras recibir una llamada de un hombre que asegur\u00f3 haberla encontrado caminando por la zona y prometi\u00f3 llevarla de regreso a casa, algo que nunca ocurri\u00f3.<\/span><\/p>\n<p><span style=\"color: #000000;\">Las autoridades lograron rastrear la l\u00ednea telef\u00f3nica del sujeto, lo que los condujo al lugar donde encontraron el cad\u00e1ver de la menor, envuelto en frazadas.<\/span><\/p>\n<p><span style=\"color: #000000;\">De acuerdo con la Polic\u00eda, la ni\u00f1a presentaba signos de haber sido golpeada y estrangulada antes de morir.<\/span><\/p>\n<p><span style=\"color: #000000;\">Mientras tanto el Ministerio de la Mujer y Poblaciones Vulnerables (MIMP), inform\u00f3 que est\u00e1 dando apoyo integral a la familia de la menor.<\/span><\/p>\n<p><strong><span style=\"color: #000000;\">Intervienen comisar\u00eda<\/span><\/strong><\/p>\n<p><span style=\"color: #000000;\">Por su parte el Ministerio del Interior inform\u00f3 que el titular del portafolio, Juan Jos\u00e9 Santiv\u00e1\u00f1ez, ha encargado la intervenci\u00f3n de la comisar\u00eda de Jos\u00e9 G\u00e1lvez, en Villa Mar\u00eda del Triunfo.<\/span><\/p>\n<p><span style=\"color: #000000;\">La raz\u00f3n, explica el ministerio en un comunicado, es para investigar una presunta omisi\u00f3n de funciones por parte del personal policial, en el caso de la ni\u00f1a de 12 a\u00f1os encontrada sin vida en la casa del presunto asesino.<\/span><\/p>\n<blockquote class=\"twitter-tweet\">\n<p dir=\"ltr\" lang=\"qme\">\ud83d\udea8 <a href=\"https:\/\/twitter.com\/hashtag\/AlertaMininter?src=hash&amp;ref_src=twsrc%5Etfw\">#AlertaMininter<\/a> <a href=\"https:\/\/t.co\/t26G6bKRzh\">pic.twitter.com\/t26G6bKRzh<\/a><\/p>\n<p>\u2014 Ministerio del Interior \ud83c\uddf5\ud83c\uddea (@MininterPeru) <a href=\"https:\/\/twitter.com\/MininterPeru\/status\/1866218037247987779?ref_src=twsrc%5Etfw\">December 9, 2024<\/a><\/p><\/blockquote>\n<p><script async src=\"https:\/\/platform.twitter.com\/widgets.js\" charset=\"utf-8\"><\/script><\/p>\n","protected":false},"excerpt":{"rendered":"<p>Particip\u00f3 en levantamiento del cad\u00e1ver junto con peritos de criminal\u00edstica de la Polic\u00eda Nacional. Lima, 10 Diciembre 2024, (ANDINA).- La Fiscal\u00eda Especializada en Violencia contra las Mujeres e Integrantes del Grupo Familiar de Lur\u00edn inici\u00f3 una investigaci\u00f3n preliminar luego de que se encontrara sin vida a una menor de 12 a\u00f1os en la habitaci\u00f3n del [&hellip;]<\/p>\n","protected":false},"author":1,"featured_media":130281,"comment_status":"closed","ping_status":"closed","sticky":false,"template":"","format":"standard","meta":{"rop_custom_images_group":[],"rop_custom_messages_group":[],"rop_publish_now":"initial","rop_publish_now_accounts":[],"rop_publish_now_history":[],"rop_publish_now_status":"pending","footnotes":""},"categories":[10],"tags":[430,7532,401,280,370],"class_list":["post-130280","post","type-post","status-publish","format-standard","has-post-thumbnail","hentry","category-actualidad-municipal","tag-fiscalia","tag-juan-jose-santivanez","tag-mininter","tag-ministerio-del-interior","tag-ministerio-publico"],"_links":{"self":[{"href":"https:\/\/elinformanteperu.com\/index.php\/wp-json\/wp\/v2\/posts\/130280","targetHints":{"allow":["GET"]}}],"collection":[{"href":"https:\/\/elinformanteperu.com\/index.php\/wp-json\/wp\/v2\/posts"}],"about":[{"href":"https:\/\/elinformanteperu.com\/index.php\/wp-json\/wp\/v2\/types\/post"}],"author":[{"embeddable":true,"href":"https:\/\/elinformanteperu.com\/index.php\/wp-json\/wp\/v2\/users\/1"}],"replies":[{"embeddable":true,"href":"https:\/\/elinformanteperu.com\/index.php\/wp-json\/wp\/v2\/comments?post=130280"}],"version-history":[{"count":1,"href":"https:\/\/elinformanteperu.com\/index.php\/wp-json\/wp\/v2\/posts\/130280\/revisions"}],"predecessor-version":[{"id":130282,"href":"https:\/\/elinformanteperu.com\/index.php\/wp-json\/wp\/v2\/posts\/130280\/revisions\/130282"}],"wp:featuredmedia":[{"embeddable":true,"href":"https:\/\/elinformanteperu.com\/index.php\/wp-json\/wp\/v2\/media\/130281"}],"wp:attachment":[{"href":"https:\/\/elinformanteperu.com\/index.php\/wp-json\/wp\/v2\/media?parent=130280"}],"wp:term":[{"taxonomy":"category","embeddable":true,"href":"https:\/\/elinformanteperu.com\/index.php\/wp-json\/wp\/v2\/categories?post=130280"},{"taxonomy":"post_tag","embeddable":true,"href":"https:\/\/elinformanteperu.com\/index.php\/wp-json\/wp\/v2\/tags?post=130280"}],"curies":[{"name":"wp","href":"https:\/\/api.w.org\/{rel}","templated":true}]}}