{"id":130161,"date":"2024-12-09T09:55:02","date_gmt":"2024-12-09T14:55:02","guid":{"rendered":"https:\/\/elinformanteperu.com\/?p=130161"},"modified":"2024-12-09T09:55:02","modified_gmt":"2024-12-09T14:55:02","slug":"pj-debatira-criterios-sobre-apologia-del-terrorismo-mediante-redes-sociales","status":"publish","type":"post","link":"https:\/\/elinformanteperu.com\/index.php\/2024\/12\/09\/pj-debatira-criterios-sobre-apologia-del-terrorismo-mediante-redes-sociales\/","title":{"rendered":"PJ debatir\u00e1 criterios sobre apolog\u00eda del terrorismo mediante redes sociales"},"content":{"rendered":"<p><strong><span style=\"color: #000000;\">En pleno jurisdiccional distrital de la Corte Superior Nacional<\/span><\/strong><\/p>\n<p><span style=\"color: #000000;\"><strong>Lima, 9 Diciembre 2024, (ANDINA).-<\/strong> El delito de apolog\u00eda del terrorismo, cometido a trav\u00e9s de redes sociales y otras herramientas tecnol\u00f3gicas, ser\u00e1 materia del Cuarto Pleno Jurisdiccional Distrital de la Corte Superior Nacional.<\/span><\/p>\n<p><span style=\"color: #000000;\">El encuentro, a efectuarse el viernes 13 de diciembre, se enfocar\u00e1 en la modalidad agravada del referido il\u00edcito, desarrollada v\u00eda las tecnolog\u00edas de la informaci\u00f3n y de la comunicaci\u00f3n.<\/span><\/p>\n<p><span style=\"color: #000000;\">Tambi\u00e9n se abordar\u00e1 aspectos referidos a la determinaci\u00f3n de la autor\u00eda de las publicaciones hechas sobre ese tema en las redes sociales.<\/span><\/p>\n<p><span style=\"color: #000000;\">De igual manera, se discutir\u00e1 sobre los criterios a aplicar para determinar si los contenidos difundidos implican exaltaci\u00f3n, justificaci\u00f3n o enaltecimiento de personas condenadas por el delito de terrorismo.<\/span><\/p>\n<p><strong><span style=\"color: #000000;\">Reuniones vinculantes<\/span><\/strong><\/p>\n<p><a href=\"https:\/\/elinformanteperu.com\/wp-content\/uploads\/2024\/12\/corte-superior-justicia.jpg\"><img fetchpriority=\"high\" decoding=\"async\" class=\"size-full wp-image-130163 aligncenter\" src=\"https:\/\/elinformanteperu.com\/wp-content\/uploads\/2024\/12\/corte-superior-justicia.jpg\" alt=\"\" width=\"500\" height=\"333\" srcset=\"https:\/\/elinformanteperu.com\/wp-content\/uploads\/2024\/12\/corte-superior-justicia.jpg 500w, https:\/\/elinformanteperu.com\/wp-content\/uploads\/2024\/12\/corte-superior-justicia-300x200.jpg 300w\" sizes=\"(max-width: 500px) 100vw, 500px\" \/><\/a><span style=\"color: #000000;\">En las reuniones del Pleno Jurisdiccional Distrital se busca establecer criterios que den predictibilidad a las decisiones judiciales adoptadas desde la Corte Superior Nacional. Esta se desarrollar\u00e1 en la Sala de Juramentos del Palacio de Justicia.<\/span><\/p>\n<p><span style=\"color: #000000;\">En ellos se estudia, analiza y debate resoluciones judiciales para, en base a ellas, fijar criterios jurisprudenciales establecidos.<\/span><\/p>\n<p><span style=\"color: #000000;\">Los acuerdos a los que se lleguen tienen car\u00e1cter vinculante en el quehacer jurisdiccional. Por tanto, los criterios fijados no pueden ser obviados en las resoluciones de los procesos judiciales.<\/span><\/p>\n<p><span style=\"color: #000000;\">El pleno jurisdiccional del viernes 13 de noviembre ser\u00e1 inaugurado por el presidente de la Sala Penal Especial de la Corte Suprema, Jos\u00e9 Neyra.<\/span><\/p>\n","protected":false},"excerpt":{"rendered":"<p>En pleno jurisdiccional distrital de la Corte Superior Nacional Lima, 9 Diciembre 2024, (ANDINA).- El delito de apolog\u00eda del terrorismo, cometido a trav\u00e9s de redes sociales y otras herramientas tecnol\u00f3gicas, ser\u00e1 materia del Cuarto Pleno Jurisdiccional Distrital de la Corte Superior Nacional. El encuentro, a efectuarse el viernes 13 de diciembre, se enfocar\u00e1 en la [&hellip;]<\/p>\n","protected":false},"author":1,"featured_media":130162,"comment_status":"closed","ping_status":"closed","sticky":false,"template":"","format":"standard","meta":{"rop_custom_images_group":[],"rop_custom_messages_group":[],"rop_publish_now":"initial","rop_publish_now_accounts":[],"rop_publish_now_history":[],"rop_publish_now_status":"pending","footnotes":""},"categories":[5],"tags":[163],"class_list":["post-130161","post","type-post","status-publish","format-standard","has-post-thumbnail","hentry","category-actualidad-informativa","tag-poder-judicial"],"_links":{"self":[{"href":"https:\/\/elinformanteperu.com\/index.php\/wp-json\/wp\/v2\/posts\/130161","targetHints":{"allow":["GET"]}}],"collection":[{"href":"https:\/\/elinformanteperu.com\/index.php\/wp-json\/wp\/v2\/posts"}],"about":[{"href":"https:\/\/elinformanteperu.com\/index.php\/wp-json\/wp\/v2\/types\/post"}],"author":[{"embeddable":true,"href":"https:\/\/elinformanteperu.com\/index.php\/wp-json\/wp\/v2\/users\/1"}],"replies":[{"embeddable":true,"href":"https:\/\/elinformanteperu.com\/index.php\/wp-json\/wp\/v2\/comments?post=130161"}],"version-history":[{"count":1,"href":"https:\/\/elinformanteperu.com\/index.php\/wp-json\/wp\/v2\/posts\/130161\/revisions"}],"predecessor-version":[{"id":130164,"href":"https:\/\/elinformanteperu.com\/index.php\/wp-json\/wp\/v2\/posts\/130161\/revisions\/130164"}],"wp:featuredmedia":[{"embeddable":true,"href":"https:\/\/elinformanteperu.com\/index.php\/wp-json\/wp\/v2\/media\/130162"}],"wp:attachment":[{"href":"https:\/\/elinformanteperu.com\/index.php\/wp-json\/wp\/v2\/media?parent=130161"}],"wp:term":[{"taxonomy":"category","embeddable":true,"href":"https:\/\/elinformanteperu.com\/index.php\/wp-json\/wp\/v2\/categories?post=130161"},{"taxonomy":"post_tag","embeddable":true,"href":"https:\/\/elinformanteperu.com\/index.php\/wp-json\/wp\/v2\/tags?post=130161"}],"curies":[{"name":"wp","href":"https:\/\/api.w.org\/{rel}","templated":true}]}}